{"id":11677,"date":"2017-06-02T14:24:07","date_gmt":"2017-06-02T17:24:07","guid":{"rendered":"http:\/\/www.desfavor.com\/blog\/?p=11677"},"modified":"2017-06-02T14:24:07","modified_gmt":"2017-06-02T17:24:07","slug":"esquentando","status":"publish","type":"post","link":"https:\/\/www.desfavor.com\/blog\/2017\/06\/esquentando\/","title":{"rendered":"Esquentando&#8230;"},"content":{"rendered":"<p>Eu ia sugerir isso como desfavor da semana, mas lembrei que Sally e eu poder\u00edamos n\u00e3o estar no mesmo barco neste tema. Portanto, n\u00e3o posso deixar passar batida a decis\u00e3o do presidente americano Donald Trump de sair fora do Acordo de Paris, sobre mudan\u00e7as clim\u00e1ticas. Devemos temer? Provavelmente sim.<!--more--><\/p>\n<p>Mas, o que \u00e9 o Acordo de Paris? Em 2015, durante a COP 21, a maioria dos pa\u00edses do mundo assinaram um compromisso para reduzir emiss\u00f5es de gases causadores do efeito estufa, tentando reduzir um aumento de temperatura m\u00e9dio no mundo de 2\u00baC para no m\u00e1ximo 1.5\u00b0C em rela\u00e7\u00e3o aos n\u00edveis pr\u00e9-industriais (vulgo antes da Revolu\u00e7\u00e3o Industrial). Al\u00e9m disso, os pa\u00edses ricos deveriam garantir financiamento de cem bilh\u00f5es de d\u00f3lares por ano para a causa. N\u00e3o tinha muita regra sobre o quanto precisava ser cortado de emiss\u00f5es e nem quanto tempo duraria o esfor\u00e7o. Al\u00e9m disso, seria revisto a cada 5 anos.<\/p>\n<p>Como um dos pa\u00edses ricos desse mundo, os EUA tinham que arcar com uma parte desse bolo, mas fora isso, vamos concordar que o acordo n\u00e3o era l\u00e1 grandes coisas? Comprometer-se a evitar que o aquecimento global passe de uma certa temperatura \u00e9 basicamente n\u00e3o se comprometer com porra nenhuma. Se daqui a 50 anos n\u00e3o conseguirem, que chato. O acordo n\u00e3o prev\u00ea valores exatos de redu\u00e7\u00e3o de polui\u00e7\u00e3o&#8230; no final das contas, pediram para todos os pa\u00edses do mundo resolverem o aquecimento global e eles responderam \u201cvamos ver\u201d.<\/p>\n<p>Ent\u00e3o, com o que se preocupar? Os EUA faziam parte de um acordo bem meia bomba utilizado prioritariamente para seus signat\u00e1rios acreditarem que estavam ajudando. Agora n\u00e3o fazem mais. \u00c9 isso que vai selar o destino da humanidade? Provavelmente n\u00e3o. A vis\u00e3o mais honesta sobre o aquecimento global \u00e9 que o que quer que tenhamos colocado em movimento com nossa participa\u00e7\u00e3o no processo, vai continuar vindo mesmo se pararmos com tudo neste minuto. O gelo est\u00e1 derretendo nos p\u00f3los, os mares est\u00e3o subindo, o clima est\u00e1 diferente em boa parte do planeta&#8230;<\/p>\n<p>E mesmo se voc\u00ea for do tipo que n\u00e3o compra que foram os humanos que causaram essas altera\u00e7\u00f5es recentes, saiba que culpa nossa ou culpa dos astros, tem algo acontecendo com o clima no planeta, e n\u00e3o est\u00e1 sendo positivo para a humanidade. Estamos no meio de um processo muito poderoso, que vai se estender por s\u00e9culos e mudar a forma como as pessoas vivem nesse mundo. Se d\u00e1 para mexer no futuro ao ponto de evitar tudo isso? N\u00e3o, n\u00e3o d\u00e1. Tanto que o pr\u00f3prio Acordo de Paris sugere reduzir um pouco as conseq\u00fc\u00eancias, n\u00e3o elimin\u00e1-las.<\/p>\n<p>O que temos que entender aqui \u00e9 a escala das coisas: um processo global exige uma quantidade imensa de energia para continuar em funcionamento. As geleiras que est\u00e3o derretendo precisaram acumular calor por s\u00e9culos para finalmente chegarem ao ponto de quebra, um ano ou outro de varia\u00e7\u00e3o \u00e9 facilmente corrig\u00edvel na escala geral das coisas, at\u00e9 porque n\u00e3o adiciona tanta energia no sistema que n\u00e3o possa ser dissipada de outras formas, agora, quando as coisas v\u00e3o se acumulando por tanto tempo, come\u00e7amos a ver os processos em andamento atualmente. Icebergs do tamanho de cidades se soltando da Ant\u00e1rtica n\u00e3o v\u00eam de gra\u00e7a.<\/p>\n<p>E n\u00e3o tem geladeira nesse mundo que combata esse aquecimento que j\u00e1 se acumulou com o passar dos s\u00e9culos. Para desfazer o que fizemos vai demorar muito, e provavelmente nem vale a pena o esfor\u00e7o todo. Ent\u00e3o, qual a import\u00e2ncia de um acordo como o que Trump esnobou recentemente? Bom, ele gera avan\u00e7os. Ele adiciona energia no sistema humano, evitando que ele fique estagnado.<\/p>\n<p>Aposto que todos n\u00f3s temos a impress\u00e3o que a humanidade s\u00f3 vai para frente quando n\u00e3o tem qualquer outra op\u00e7\u00e3o dispon\u00edvel. O que eu acho parcialmente verdade: n\u00e3o precisamos todos entender uma nova forma de funcionar para nos adaptarmos a ela. Muitos seres humanos ainda nem entenderam toda aquela hist\u00f3ria sobre Direitos Humanos resultante da Segunda Guerra Mundial. Historicamente, alguns grupos se decidem primeiro por um novo modo de fazer as coisas e de acordo com seu poder e influ\u00eancia, v\u00e3o fazendo o resto seguir mesmo sem entender.<\/p>\n<p>Os \u201cchatos\u201d do aquecimento global fazem parte desse grupo. Complicado explicar para a humanidade que essa merda j\u00e1 est\u00e1 feita e que precisamos da ilus\u00e3o de evitar esse desastre para evitar os desastres seguintes. Aposto que at\u00e9 a frase parece confusa, n\u00e3o? Vamos l\u00e1: o que eu estou tentando argumentar aqui \u00e9 que o aquecimento global est\u00e1 acontecendo e n\u00e3o vamos mais par\u00e1-lo, tarde demais. A comunidade cient\u00edfica concorda em peso com essa afirma\u00e7\u00e3o, mas n\u00e3o \u00e9 exatamente essa a narrativa que foi espalhada. E sim que temos que nos unir e levar a s\u00e9rio para evitar o pior nesta crise.<\/p>\n<p>Foi mal, humanidade, mas aquecimento global \u00e9 um diagn\u00f3stico tardio. N\u00f3s estamos vendo os primeiros efeitos, as pr\u00f3ximas gera\u00e7\u00f5es v\u00e3o ver muito mais. N\u00e3o somos capazes de colocar energia suficiente no sistema para reverter o processo. Dito isso, a humanidade n\u00e3o vai ser extinta s\u00f3 por isso. H\u00e1 vida p\u00f3s planeta aquecido. Mas, que tipo de vida? Nossa matriz energ\u00e9tica \u00e9 baseada em combust\u00edveis f\u00f3sseis, que tem data para acabar. A popula\u00e7\u00e3o vai estar muito grande nas pr\u00f3ximas d\u00e9cadas, com uma necessidade imensa de alimentos, alimentos dependentes do meio ambiente.<\/p>\n<p>Se voc\u00ea acha que o Acordo de Paris \u00e9 algo para evitar o aquecimento global, n\u00e3o \u00e9 bem assim. Na verdade, \u00e9 para mitigar suas conseq\u00fc\u00eancias e nos permitir um salto tecnol\u00f3gico por necessidade \u201cfabricada\u201d, para que possamos lidar com problemas do futuro. Tudo bem que nem eu, nem voc\u00ea e muito menos o Trump temos grande interesse em defender o mundo dos pr\u00f3ximos s\u00e9culos, mas n\u00f3s somos indiv\u00edduos. N\u00f3s temos esse luxo. Estados n\u00e3o, Estados n\u00e3o tem data de expira\u00e7\u00e3o e devem se preparar para muitos e muitos anos no futuro. Nossos problemas no Brasil atual s\u00e3o reflexo de d\u00e9cadas e d\u00e9cadas de descaso com o que vinha pela frente. Alguns problemas n\u00e3o podem ser resolvidos na hora que acontecem, precisam de prepara\u00e7\u00e3o.<\/p>\n<p>Nossa rela\u00e7\u00e3o com o clima \u00e9 uma delas. Vamos ag\u00fcentar o tranco do aquecimento global, mas ser\u00e1 que d\u00e1 para ag\u00fcentar o tranco do colapso da matriz energ\u00e9tica e alimentar sem grandes esfor\u00e7os para diversifica\u00e7\u00e3o e efici\u00eancia? Porque na hora que o povo precisar se mexer para isso, j\u00e1 v\u00e3o estar com as duas m\u00e3os amarradas nas costas.<\/p>\n<p>Se eu estou puto pessoalmente com o Trump? N\u00e3o. Mas eu sou finito. Eu pago impostos e ag\u00fcento a enche\u00e7\u00e3o de saco de ter uma sociedade estruturada justamente para que algu\u00e9m fa\u00e7a isso.<\/p>\n<p class=\"uk-background-muted uk-padding\">Para me chamar de ecochato agn\u00f3stico, para dizer que ainda n\u00e3o entendeu o ponto, ou mesmo para dizer que pelo menos se diverte com o Trump cagando para a opini\u00e3o p\u00fablica: <a href=\"mailto:somir@desfavor.com\">somir@desfavor.com<\/a><\/p>\n","protected":false},"excerpt":{"rendered":"<p>Eu ia sugerir isso como desfavor da semana, mas lembrei que Sally e eu poder\u00edamos n\u00e3o estar no mesmo barco neste tema. Portanto, n\u00e3o posso deixar passar batida a decis\u00e3o do presidente americano Donald Trump de sair fora do Acordo de Paris, sobre mudan\u00e7as clim\u00e1ticas. Devemos temer? Provavelmente sim.<\/p>\n","protected":false},"author":3,"featured_media":11678,"comment_status":"open","ping_status":"open","sticky":false,"template":"","format":"standard","meta":{"footnotes":""},"categories":[37],"tags":[],"class_list":["post-11677","post","type-post","status-publish","format-standard","has-post-thumbnail","hentry","category-somir-surtado"],"_links":{"self":[{"href":"https:\/\/www.desfavor.com\/blog\/wp-json\/wp\/v2\/posts\/11677","targetHints":{"allow":["GET"]}}],"collection":[{"href":"https:\/\/www.desfavor.com\/blog\/wp-json\/wp\/v2\/posts"}],"about":[{"href":"https:\/\/www.desfavor.com\/blog\/wp-json\/wp\/v2\/types\/post"}],"author":[{"embeddable":true,"href":"https:\/\/www.desfavor.com\/blog\/wp-json\/wp\/v2\/users\/3"}],"replies":[{"embeddable":true,"href":"https:\/\/www.desfavor.com\/blog\/wp-json\/wp\/v2\/comments?post=11677"}],"version-history":[{"count":0,"href":"https:\/\/www.desfavor.com\/blog\/wp-json\/wp\/v2\/posts\/11677\/revisions"}],"wp:featuredmedia":[{"embeddable":true,"href":"https:\/\/www.desfavor.com\/blog\/wp-json\/wp\/v2\/media\/11678"}],"wp:attachment":[{"href":"https:\/\/www.desfavor.com\/blog\/wp-json\/wp\/v2\/media?parent=11677"}],"wp:term":[{"taxonomy":"category","embeddable":true,"href":"https:\/\/www.desfavor.com\/blog\/wp-json\/wp\/v2\/categories?post=11677"},{"taxonomy":"post_tag","embeddable":true,"href":"https:\/\/www.desfavor.com\/blog\/wp-json\/wp\/v2\/tags?post=11677"}],"curies":[{"name":"wp","href":"https:\/\/api.w.org\/{rel}","templated":true}]}}