{"id":13641,"date":"2018-08-10T08:00:21","date_gmt":"2018-08-10T11:00:21","guid":{"rendered":"http:\/\/www.desfavor.com\/blog\/?p=13641"},"modified":"2020-01-03T17:58:11","modified_gmt":"2020-01-03T20:58:11","slug":"campo-paralelo","status":"publish","type":"post","link":"https:\/\/www.desfavor.com\/blog\/2018\/08\/campo-paralelo\/","title":{"rendered":"Campo Paralelo."},"content":{"rendered":"<p>Sellas respira fundo, fecha os olhos por alguns segundos, e depois de um sorriso, come\u00e7a a falar:<\/p>\n<p>&#8211; Tudo come\u00e7ou com a descoberta do Campo Paralelo, acredito que foi o Derish Nazai em 2081\u2026 ou 82? Ou o Nazai descobriu os Saltos? Faz tempo que eu tive essa aula\u2026 posso ter o meu Memo de volta? Ajudaria tanto&#8230;<!--more--><\/p>\n<p>A plateia ri. Sellas lan\u00e7a um olhar ir\u00f4nico para o senador Tobias, que responde:<\/p>\n<p>&#8211; Acredito que ningu\u00e9m aqui precise da hist\u00f3ria da ci\u00eancia por tr\u00e1s do Campo Paralelo para entender melhor os eventos ocorridos na Zona de Exclus\u00e3o m\u00eas passado, senhor Gerdov.<\/p>\n<p>&#8211; Ent\u00e3o o senhor senador tem minha total permiss\u00e3o para acessar os dados do meu Memo e descobrir por conta pr\u00f3pria.<\/p>\n<p>A plateia n\u00e3o resiste aos risos novamente. Sellas Gerdov, um dos mais famosos exploradores do Campo Paralelo nas \u00faltimas d\u00e9cadas, fez para si uma reputa\u00e7\u00e3o de ser t\u00e3o corajoso quanto carism\u00e1tico, com suas aventuras gravadas nos desconhecidos mundos paralelos alcan\u00e7ando n\u00edveis sem precedentes de popularidade deste lado da realidade. Ele segura o queixo com uma das m\u00e3os, cotovelo prostrado sobre a grande mesa e sorriso debochado decorando o rosto.<\/p>\n<p>&#8211; O senhor n\u00e3o est\u00e1 em um de seus shows, esta audi\u00eancia n\u00e3o precisa ser entretida com sua personalidade midi\u00e1tica para ter sucesso. Atenha-se ao que foi perguntado sob o risco de pris\u00e3o por desacato \u00e0 autoridade.<\/p>\n<p>Tobias Artoz Exorbinaz, um senhor de meia idade, alto e esguio, era senador da Federa\u00e7\u00e3o Terrena h\u00e1 praticamente um s\u00e9culo e n\u00e3o compartilhava do carisma do astro \u00e0 sua frente, mas ainda sim exercia suficiente respeito \u00e0 plateia para silenci\u00e1-la com um mero olhar de desaprova\u00e7\u00e3o. A express\u00e3o sisuda emoldurando o frondoso bigode acinzentado do homem finalmente contamina Sellas, que, resignado, continua seu relato:<\/p>\n<p>&#8211; Olha\u2026 eu n\u00e3o me mantive no topo do mercado de exploradores do Campo Paralelo \u00e0 toa. Eu sempre tive que assumir riscos para mostrar para as pessoas o que existe do outro lado. Mostrar os campos energ\u00e9ticos fascina as pessoas por algum tempo, se \u00e9 que voc\u00ea me entende. Hoje em dia voc\u00ea fecha os olhos e recebe duzentas transmiss\u00f5es com document\u00e1rios completos sobre os Seres Iluminados, as Almas Eco e at\u00e9 mesmo o Povo dos C\u00e9us\u2026 voc\u00ea tem que entender que nos \u00faltimos 50 anos, todos os mist\u00e9rios dos nossos antepassados viraram mat\u00e9rias escolares. Tudo o que era paranormal explicado\u2026 nada mais do que seres de realidades diferentes entrando em contato eventual por falhas na Membrana.<\/p>\n<p>&#8211; Prossiga.<\/p>\n<p>&#8211; Eu fui o primeiro a entrevistar uma Alma Eco, eu fui o primeiro a atravessar de volta numa das m\u00e1quinas do Povo dos C\u00e9us\u2026 eu fui o primeiro a trazer para esse mundo muitas das primeiras imagens de dentro do Campo Paralelo. Eu precisava explorar a Zona de Exclus\u00e3o. Eu n\u00e3o levei ningu\u00e9m. Estava sozinho com meu equipamento. S\u00f3 me coloquei em risco.<\/p>\n<p>&#8211; O senhor compreende que a Zona de Exclus\u00e3o tem o nome que tem por um motivo?<\/p>\n<p>Escuta-se algumas rea\u00e7\u00f5es humorosas de algumas das centenas de pessoas acompanhando a audi\u00eancia de forma presencial. Na Terra e nas quatro col\u00f4nias, bilh\u00f5es acompanham pelos receptores cerebrais. Sellas franze a testa.<\/p>\n<p>&#8211; N\u00e3o, e ningu\u00e9m compreende. Porque eu fui o \u00fanico que voltou at\u00e9 hoje? At\u00e9 onde eu sei, estou com a sa\u00fade intacta. Faz muitos anos que eu venho dizendo que essa \u00e9 uma proibi\u00e7\u00e3o sem base nenhuma e que as pessoas deveriam ter o direito de atravessar se for o desejo delas.<\/p>\n<p>&#8211; O senhor pode nos confirmar quanto tempo passou dentro da Zona de Exclus\u00e3o?<\/p>\n<p>&#8211; Eu n\u00e3o lembro de nada l\u00e1 dentro. Para mim foram segundos, no m\u00e1ximo.<\/p>\n<p>&#8211; E no entanto, a dist\u00e2ncia entre sua ida e volta da Zona de Exclus\u00e3o foi de dois meses.<\/p>\n<p>&#8211; Existem discos voadores e fantasmas no Campo Paralelo\u2026 uma dila\u00e7\u00e3o de tempo n\u00e3o deveria ser surpresa! Ali\u00e1s, isso at\u00e9 explica porque ningu\u00e9m mais voltou\u2026 continuaram em frente. Talvez voltem daqui h\u00e1 alguns s\u00e9culos se passaram mais que alguns segundos l\u00e1 dentro.<\/p>\n<p>&#8211; O senhor poderia me confirmar se se reconhece nessa grava\u00e7\u00e3o feita no dia 18 de Outubro de 2304?<\/p>\n<p>Sellas aparece na borda entre os campos fronteiri\u00e7os e a enorme parede negra que delimita a Zona de Exclus\u00e3o. Ele parece desorientado e agressivo ao lidar com a pessoa fazendo a grava\u00e7\u00e3o retinal. Suas m\u00e3os co\u00e7am a cabe\u00e7a ao redor do Memo enquanto diz palavras sem nexo.<\/p>\n<p>&#8211; Cinco minutos depois eu estava \u00f3timo. J\u00e1 vi gente pior ao desembarcar em Tit\u00e3! &#8211; Sellas cruza os bra\u00e7os e reclina-se na cadeira.<\/p>\n<p>&#8211; Na verdade, foram quatro horas at\u00e9 o senhor deixar de demonstrar o comportamento que acabamos de ver na grava\u00e7\u00e3o. O senhor acredita que a retirada do seu implante de mem\u00f3ria teve impacto na recupera\u00e7\u00e3o das suas faculdades mentais?<\/p>\n<p>&#8211; N\u00e3o sei. N\u00e3o sei. O cirurgi\u00e3o n\u00e3o me devolveu o Memo, os oficiais levaram embora. Eu n\u00e3o sei se foi isso que me ajudou naquela hora. Eu s\u00f3 quero o meu implante de volta, \u00e9 propriedade privada!<\/p>\n<p>&#8211; O senhor poderia me confirmar se se reconhece nesta grava\u00e7\u00e3o retinal?<\/p>\n<p>Sellas aparece deitado numa cama de hospital, com amarras nos bra\u00e7os e pernas. Ele alterna momentos de se debater com rigidez total. Eventualmente, come\u00e7a a balbuciar algumas palavras: \u201ceu me lembro de tudo\u2026 eu sou uma lembran\u00e7a tamb\u00e9m\u2026 eu quero ir para o fim\u2026 me leva para o fim disso tudo&#8230;\u201d<\/p>\n<p>&#8211; Me deram tanto sedativo que eu acho at\u00e9 que falei bonito nessa hora.<\/p>\n<p>Risos. Sellas estufa o peito e sorri novamente.<\/p>\n<p>&#8211; O senhor consegue explicar o significado das palavras que proferia naquele momento? &#8211; Tobias imp\u00f5e sua voz e reconquista o sil\u00eancio dos presentes.<\/p>\n<p>&#8211; N\u00e3o, eu mal me lembro da opera\u00e7\u00e3o. Eu uso o Memo h\u00e1 mais de setenta anos\u2026 como a maioria das pessoas aqui, sem ele eu n\u00e3o sei buscar as coisas de forma efetiva na mem\u00f3ria biol\u00f3gica. N\u00e3o sei porque tanta confus\u00e3o\u2026 devolvam o meu Memo que eu respondo todas essas perguntas.<\/p>\n<p>&#8211; Isso n\u00e3o ser\u00e1 poss\u00edvel.<\/p>\n<p>&#8211; Porque l\u00e1 est\u00e3o informa\u00e7\u00f5es sobre o que voc\u00eas n\u00e3o querem que as pessoas vejam? Ali\u00e1s, isso n\u00e3o \u00e9 crime? Acessar o Memo de outra pessoa sem consentimento?<\/p>\n<p>&#8211; Eu posso garantir ao senhor que todas as a\u00e7\u00f5es realizadas no seu caso s\u00e3o legais. Caso o senhor n\u00e3o saiba, eu fui o proponente original da lei de prote\u00e7\u00e3o \u00e0 mem\u00f3ria em 2241! &#8211; Tobias parece visivelmente ofendido.<\/p>\n<p>&#8211; Que seja\u2026 olha, eu n\u00e3o quero brigar. Eu cresci te vendo trabalhar aqui na Federa\u00e7\u00e3o, assim como todo mundo acompanhando, eu respeito o que voc\u00ea faz , mas n\u00e3o faz sentido n\u00e3o me devolver o Memo. Voc\u00eas j\u00e1 analisaram tudo o que tinham que analisar, sen\u00e3o nem precisariam dessa audi\u00eancia, n\u00e3o? Eu s\u00f3 quero ele de volta para poder contar a hist\u00f3ria.<\/p>\n<p>&#8211; Senhor Sellas Gerdov, o seu pedido n\u00e3o pode ser realizado. O seu implante de mem\u00f3ria foi destru\u00eddo.<\/p>\n<p>A plateia reage chocada. A destrui\u00e7\u00e3o do implante de mem\u00f3ria de uma pessoa \u00e9 crime mais s\u00e9rio at\u00e9 mesmo que o assassinato desde a populariza\u00e7\u00e3o dos clones humanos.<\/p>\n<p>&#8211; Minha \u00faltima c\u00f3pia da mem\u00f3ria era de um m\u00eas antes daquilo! Como voc\u00eas tiveram coragem de fazer isso? Eu vou processar a Federa\u00e7\u00e3o por cada segundo perdido ali! Por qu\u00ea? E ainda mais montar esse circo todo s\u00f3 para me dizer isso?<\/p>\n<p>&#8211; Quarenta e nove pessoas tiveram contato com voc\u00ea antes da retirada do seu implante de mem\u00f3ria. Incluindo oficiais de seguran\u00e7a, m\u00e9dicos, enfermeiros e t\u00e9cnicos da Memo. Todos tiveram suas mem\u00f3rias corrompidas localmente, e sete deles inclusive perderam todas as c\u00f3pias de seguran\u00e7a conectadas \u00e0 rede Neural Norte.<\/p>\n<p>Espanto aud\u00edvel na plateia local. Sellas arregala os olhos e falha em emitir uma resposta. Tobias continua:<\/p>\n<p>&#8211; Temos motivos para acreditar que o que quer que estivesse na sua mem\u00f3ria era capaz de causar s\u00e9rios danos para as pessoas pr\u00f3ximas. E a presun\u00e7\u00e3o mais l\u00f3gica \u00e9 que voc\u00ea teve acesso a alguma coisa na Zona de Exclus\u00e3o que gerou o efeito. N\u00e3o temos mais acesso aos dados recuperados, pois foram eles que causaram as \u00faltimas causalidades e tiveram que ser eliminados do sistema. Portanto, seu relato da mem\u00f3ria biol\u00f3gica \u00e9 a \u00fanica coisa que temos no momento. Precisamos que voc\u00ea se concentre.<\/p>\n<p>&#8211; Eu\u2026 eu\u2026 eu n\u00e3o sabia\u2026<\/p>\n<p>&#8211; Agora sabe. Eu n\u00e3o tenho interesse em me aproveitar da sua fama para me tornar relevante novamente, como voc\u00ea insinuou na sua \u00faltima entrevista antes dessa audi\u00eancia. Estou falando de forma t\u00e3o p\u00fablica para deixar muito claro que a decis\u00e3o de criar uma Zona de Exclus\u00e3o no Campo Paralelo tinha seus motivos. Com a aprova\u00e7\u00e3o dos meus colegas, estou emitindo oficialmente uma ordem de termina\u00e7\u00e3o imediata de qualquer corpo que se aproximar da Parede Negra. Inclusive o implante de mem\u00f3ria.<\/p>\n<p>&#8211; Os sete\u2026 n\u00e3o tinham mais nenhuma c\u00f3pia?<\/p>\n<p>&#8211; N\u00e3o. Insisto\u2026 o senhor consegue se lembrar da motiva\u00e7\u00e3o por tr\u00e1s das palavras que disse na \u00faltima grava\u00e7\u00e3o retinal mostrada? O senhor disse que se lembrava de tudo e que queria chegar at\u00e9 o fim. Qual o significado dessas palavras?<\/p>\n<p>&#8211; Eu n\u00e3o sei! N\u00e3o lembro de nada depois de atravessar\u2026 eu juro.<\/p>\n<p>&#8211; Qualquer\u2026 coisa\u2026<\/p>\n<p>&#8211; N\u00e3o! N\u00e3o! Era tudo escuro\u2026<\/p>\n<p>&#8211; O senhor se lembra de como eu n\u00e3o era t\u00e3o alto quanto voc\u00ea imaginava?<\/p>\n<p>&#8211; H\u00e3?<\/p>\n<p>&#8211; Por algum motivo, o senhor sempre me imaginou com um bigode. Eu n\u00e3o uso bigode h\u00e1 quarenta anos.<\/p>\n<p>O bigode no rosto de Tobias desaparece, como se nunca estivesse l\u00e1 para come\u00e7o de conversa. Sua estatura tamb\u00e9m parece menor. Sellas esfrega os olhos e co\u00e7a a cabe\u00e7a.<\/p>\n<p>&#8211; Voc\u00ea quebrou a continuidade, Sellas.<\/p>\n<p><a href=\"https:\/\/www.desfavor.com\/blog\/2018\/08\/campo-paralelo-parte-2\/\" rel=\"noopener noreferrer\" target=\"_blank\">Continua\u2026<\/a><\/p>\n<p class=\"uk-background-muted uk-padding\">Para dizer que nem sabe se quer ler a continua\u00e7\u00e3o, para dizer que j\u00e1 sabia que n\u00e3o ia saber, ou mesmo para dizer que tendo puni\u00e7\u00e3o \u00e9 f\u00e1cil aguentar os meus textos: <a href=\"mailto:somir@desfavor.com\">somir@desfavor.com<\/a><\/p>\n","protected":false},"excerpt":{"rendered":"<p>Sellas respira fundo, fecha os olhos por alguns segundos, e depois de um sorriso, come\u00e7a a falar: &#8211; Tudo come\u00e7ou com a descoberta do Campo Paralelo, acredito que foi o Derish Nazai em 2081\u2026 ou 82? Ou o Nazai descobriu os Saltos? Faz tempo que eu tive essa aula\u2026 posso ter o meu Memo de [&hellip;]<\/p>\n","protected":false},"author":3,"featured_media":13642,"comment_status":"open","ping_status":"open","sticky":false,"template":"","format":"standard","meta":{"footnotes":""},"categories":[39],"tags":[],"class_list":["post-13641","post","type-post","status-publish","format-standard","has-post-thumbnail","hentry","category-des-contos"],"_links":{"self":[{"href":"https:\/\/www.desfavor.com\/blog\/wp-json\/wp\/v2\/posts\/13641","targetHints":{"allow":["GET"]}}],"collection":[{"href":"https:\/\/www.desfavor.com\/blog\/wp-json\/wp\/v2\/posts"}],"about":[{"href":"https:\/\/www.desfavor.com\/blog\/wp-json\/wp\/v2\/types\/post"}],"author":[{"embeddable":true,"href":"https:\/\/www.desfavor.com\/blog\/wp-json\/wp\/v2\/users\/3"}],"replies":[{"embeddable":true,"href":"https:\/\/www.desfavor.com\/blog\/wp-json\/wp\/v2\/comments?post=13641"}],"version-history":[{"count":0,"href":"https:\/\/www.desfavor.com\/blog\/wp-json\/wp\/v2\/posts\/13641\/revisions"}],"wp:featuredmedia":[{"embeddable":true,"href":"https:\/\/www.desfavor.com\/blog\/wp-json\/wp\/v2\/media\/13642"}],"wp:attachment":[{"href":"https:\/\/www.desfavor.com\/blog\/wp-json\/wp\/v2\/media?parent=13641"}],"wp:term":[{"taxonomy":"category","embeddable":true,"href":"https:\/\/www.desfavor.com\/blog\/wp-json\/wp\/v2\/categories?post=13641"},{"taxonomy":"post_tag","embeddable":true,"href":"https:\/\/www.desfavor.com\/blog\/wp-json\/wp\/v2\/tags?post=13641"}],"curies":[{"name":"wp","href":"https:\/\/api.w.org\/{rel}","templated":true}]}}