{"id":16785,"date":"2020-05-03T16:00:47","date_gmt":"2020-05-03T19:00:47","guid":{"rendered":"http:\/\/www.desfavor.com\/blog\/?p=16785"},"modified":"2020-05-03T18:53:21","modified_gmt":"2020-05-03T21:53:21","slug":"relatos-do-covid-19","status":"publish","type":"post","link":"https:\/\/www.desfavor.com\/blog\/2020\/05\/relatos-do-covid-19\/","title":{"rendered":"Relatos do Covid-19"},"content":{"rendered":"<div class=\"uk-card uk-card-default uk-card-body\"><strong>Desfavor Convidado<\/strong> \u00e9 a coluna onde os impopulares ganham voz aqui na Rep\u00fablica Impopular. Se voc\u00ea quiser tamb\u00e9m ter seu texto publicado por aqui, basta enviar para <a href=\"mailto:desfavor@desfavor.com\">desfavor@desfavor.com<\/a>.<\/div>\n<h2>Relatos do Covid-19<\/h2>\n<p>J\u00e1 que Sally deu uma da Carmen San Diego e se refugiou em algum lugar s\u00e9rio e civilizado, segue um relato do que tenho lido, visto e ouvido sobre a Covid-19 desde 14 de mar\u00e7o, quando come\u00e7ou a quarentena para muitos de n\u00f3s aqui em S\u00e3o Paulo.<\/p>\n<p><i>Disclaimer: n\u00e3o sou profissional da sa\u00fade. Apenas calhei de conhecer diversos profissionais, aqui e no exterior, por circunst\u00e2ncias pessoais e profissionais. Esse relato \u00e9 uma colet\u00e2nea das informa\u00e7\u00f5es que tenho recebido desde mar\u00e7o dessas pessoas. Dada a velocidade das informa\u00e7\u00f5es, muita coisa j\u00e1 deve ser de conhecimento de todos.<\/i><!--more--><\/p>\n<p><strong>Enfermeira em um Hospital P\u00fablico de S\u00e3o Paulo<\/strong><\/p>\n<p>Tem trabalhado em turnos de 24h, no m\u00ednimo, desde que dezenas de colegas e m\u00e9dicos do hospital ca\u00edram doentes. Por um lado, culpa alguns m\u00e9dicos e enfermeiros por suas pr\u00f3prias contamina\u00e7\u00f5es, em virtude do descaso com a pr\u00f3pria prote\u00e7\u00e3o, que os levaram a se contaminar, desfalcando a equipe que j\u00e1 estava com poucas pessoas. Por outro, mesmo ganhando pouco, paga do pr\u00f3prio bolso os equipamentos, uma vez que recebe uma m\u00e1scara para o dia todo e um avental que \u00e9 t\u00e3o grosso quanto uma capa de chuva descart\u00e1vel, daquelas baratinhas que s\u00e3o vendidas em est\u00e1dios. <\/p>\n<p>Teme ter sido contaminada pelos pacientes que cuidou, que chegam em n\u00fameros cada vez mais crescentes da periferia, e teme contaminar a filha de quatro anos, uma vez que o marido, tamb\u00e9m enfermeiro no mesmo hospital, traz a crian\u00e7a de carro para encontr\u00e1-la na troca de turnos, uma vez que nenhum parente quer cuidar de uma crian\u00e7a cujos pais est\u00e3o continuamente na linha de frente. Recebe bilhetes an\u00f4nimos pedindo para que ele e a fam\u00edlia n\u00e3o usem o elevador ou se mudem do pr\u00e9dio.<\/p>\n<p>Foi avisado que, em 15 de maio, o Governo do Estado iria testar os profissionais de sa\u00fade. Policiais e seus familiares j\u00e1 estariam sendo testados. N\u00e3o sabe se ser\u00e1 o teste de sangue ou retirada de amostra do nariz.<\/p>\n<p><strong>Infectologista em hospital p\u00fablico no interior<\/strong><\/p>\n<p>Avisou um dia antes do an\u00fancio de ontem que hospitais de Campinas e de Jundia\u00ed ser\u00e3o os primeiros a receber pacientes da Grande S\u00e3o Paulo, mesmo sem ter certeza de que poder\u00e3o ceder leitos no curto prazo. Disse que um dos principais perigos de contamina\u00e7\u00e3o est\u00e1 nos perdigotos de quem costuma falar alto, sobretudo quando o uso da m\u00e1scara ainda n\u00e3o est\u00e1 disseminada. Sugeriu assistir um document\u00e1rio da NHK para ter no\u00e7\u00e3o dos perigos das got\u00edculas (assistam trecho dele abaixo. Por sorte, tinha em ingl\u00eas).<\/p>\n<div style=\"width: 480px;\" class=\"wp-video\"><video class=\"wp-video-shortcode\" id=\"video-16785-1\" width=\"480\" height=\"320\" preload=\"metadata\" controls=\"controls\"><source type=\"video\/mp4\" src=\"https:\/\/www.desfavor.com\/blog\/wp-content\/uploads\/2020\/05\/video-nhk-corona.mp4?_=1\" \/><a href=\"https:\/\/www.desfavor.com\/blog\/wp-content\/uploads\/2020\/05\/video-nhk-corona.mp4\">https:\/\/www.desfavor.com\/blog\/wp-content\/uploads\/2020\/05\/video-nhk-corona.mp4<\/a><\/video><\/div>\n<p>Disse tamb\u00e9m que houve um mal entendido em rela\u00e7\u00e3o \u00e0 doen\u00e7a. Ela n\u00e3o mata por alguma defici\u00eancia da imunidade. Pelo contr\u00e1rio, \u00e9 pelo excesso da rea\u00e7\u00e3o das defesas do corpo de qualquer um, que mata quem \u00e9 do grupo de risco por conta da sa\u00fade fr\u00e1gil que n\u00e3o ag\u00fcenta a carga imunol\u00f3gica excessiva. Da\u00ed o aparente sucesso de medicamentos supressores para quem sofre de lupus e de moduladores. <\/p>\n<p><strong>M\u00e9dico do Hospital das Cl\u00ednicas<\/strong><\/p>\n<p>Disse que o HC pode dobrar a UTI de 100 para 200, 250 leitos de imediato. O problema \u00e9 a falta de pessoal especializado, uma vez que o sal\u00e1rio \u00e9 ridiculamente baixo, tendo em vista que o recurso vem de uma funda\u00e7\u00e3o. Enquanto isso, hospitais privados de ponta est\u00e3o com ociosidade beirando os 90%. Entretanto, at\u00e9 o momento, esses hospitais privados acham mais barato ajudar a montar hospitais de campanha do que ceder ao Estado suas vagas de UTI para Covid-19 e eventualmente outras vagas de outras doen\u00e7as que poderiam ser voltadas para a pandemia. Desconfia que, dada a ociosidade nesses hospitais de ponta, uma vez que a classe m\u00e9dia e m\u00e9dia alta pode se dar ao luxo de obedecer a quarentena, o paciente que eventualmente for internado seguir\u00e1 para a UTI mesmo sem necessidade, a fim de maximizar a receita&#8230;<\/p>\n<p>Relatou que nem os estudantes de medicina respeitam o distanciamento social. Ficam juntinhos, sem m\u00e1scara e trocando perdigotos. Colegas infectologistas o informaram que at\u00e9 que surja uma vacina, a curva pode at\u00e9 ser achatada nesse primeiro momento, mas seguir\u00e1 quicando. A quest\u00e3o \u00e9 se vai quicar mais alto ou mais baixo, a depender da consci\u00eancia da popula\u00e7\u00e3o. Disse que o maior perigo de cont\u00e1gio est\u00e1 na hora de tirar a m\u00e1scara, da insist\u00eancia em ajust\u00e1-la ao longo do dia.<\/p>\n<p><strong>Enfermeiro em UBS na Zona Sul de S\u00e3o Paulo<\/strong><\/p>\n<p>Relata que, na regi\u00e3o da sua UBS, fam\u00edlias inteiras est\u00e3o sendo dizimadas, casa a casa, nas periferias. Recentemente, caiu v\u00edtima da falta de crit\u00e9rio na aplica\u00e7\u00e3o de exames. Chegou no pronto socorro, com ind\u00edcios de Covid-19, e foi apurada baixa satura\u00e7\u00e3o de oxig\u00eanio (86%). Contudo, como o teste deu negativo, foi mandado para casa. Voltou depois, e teve que ser internado. Ao receber alta, soube dos colegas que a qualidade do teste era ruim. Houve muito mais pessoas que, como ela, foram testados negativos num dia, para, nos dias seguintes, voltar para ser entubado, contaminando familiares e amigos nesse meio tempo. Posteriormente, o protocolo foi modificado e pessoas com baixa satura\u00e7\u00e3o de oxig\u00eanio n\u00e3o foram mais liberados dessa forma&#8230;<\/p>\n<p><strong>Pediatra da fam\u00edlia<\/strong><\/p>\n<p>Agradeceu a quarentena imposta pelo Doria, pois acabou com o surto costumeiro de influenza que assolam as escolas tradicionalmente nessa \u00e9poca do ano, o que teria exacerbado ainda mais o problema. Afirmou que colegas m\u00e9dicos desconfiam que a combina\u00e7\u00e3o influenza-corona seriam o prego no caix\u00e3o para pessoas at\u00e9 ent\u00e3o saud\u00e1veis, fora do grupo de risco, e que fazem tamb\u00e9m uso de cortic\u00f3ides no tratamento do Covid-19 para evitar infec\u00e7\u00f5es oportunistas.  <\/p>\n<p><strong>Dono de mercado na Liberdade.<\/strong><\/p>\n<p>Dono de mercado no bairro da Liberdade aqui em S\u00e3o Paulo viajou para o Nordeste para passar f\u00e9rias com a fam\u00edlia. Al\u00e9m de muito provavelmente contaminar familiares que foram juntos, contaminou funcion\u00e1rios e talvez clientes. Uma das funcion\u00e1rias \u00e9 m\u00e3e de dois conhecidos meus, e foi para direto para a UTI. Em rela\u00e7\u00e3o a clientes, n\u00e3o d\u00e1 para saber quantos foram contaminados e, a partir destes primeiros, quantos outros mais teriam sido contaminados, uma vez que o mercado fica na boca do metr\u00f4 Liberdade e pr\u00f3ximo \u00e0 pra\u00e7a da S\u00e9, local de encontro de duas linhas de metr\u00f4 que ligam a cidade de norte a sul e leste a oeste. O restaurante ao lado fechou as portas.<\/p>\n<p><strong>Enfermeiro em hospital p\u00fablico no extremo da zona leste (regi\u00e3o mais pobre da cidade)<\/strong><\/p>\n<p>Disse que a moral dos m\u00e9dicos e dos enfermeiros est\u00e1 caindo a cada caso de colega contaminado, e que muitos m\u00e9dicos e enfermeiros cogitam largar a carreira, sobretudo os enfermeiros. \u201cUns cogitam prestar outros concursos p\u00fablicos ou mesmo ir trabalhar em qualquer outra coisa, pelo que ganham para enfrentar o perigo\u201d, afirmou.<\/p>\n<p>No hospital em que trabalha, tem presenciado \u00e0s seguintes situa\u00e7\u00f5es de pessoas que demoraram para ir ao hospital quando come\u00e7aram a sentir falta de ar:<\/p>\n<p>(a)\tEm muitas, o pulm\u00e3o virou um bloco de concreto e a\u00ed ficava dif\u00edcil esperar que o respirador desse jeito em um \u00f3rg\u00e3o que perdeu praticamente a capacidade de se expandir<br \/>\n(b)\tPode ocorrer que a anatomia da sua garganta possa dificultar ou mesmo impedir a entuba\u00e7\u00e3o. Um m\u00e9dico de 31 anos desse hospital morreu justamente por conta dessa impossibilidade. Nem mesmo os profissionais mais experientes conseguiam entub\u00e1-lo e, antes que cogitassem outras alternativas, o cora\u00e7\u00e3o parou de bater&#8230;<\/p>\n<p><strong>Colega de trabalho acometido pelo Covid-19<\/strong><\/p>\n<p>Classe m\u00e9dia-alta, contra isolamento, mais preocupado com a economia, ele e outro punhado de colegas optaram por continuar a ir trabalhar, sem m\u00e1scara. Isso porque acharam que quem optou pelo teletrabalho ficaria impedido de mudar as f\u00e9rias que fossem consumidas pela quarentena (na verdade, isso se aplica a todos). Tr\u00eas semanas depois, come\u00e7ou a ter os sintomas da Covid-19, mas relutou em ir ao hospital. Taquei o terror no infeliz citando os exemplos do par\u00e1grafo anterior do que poderia acontecer com ele caso continuasse a ficar enrolando. <\/p>\n<p>Chegou no hospital e exames mostraram que 60% do pulm\u00e3o j\u00e1 havia sido tomado e satura\u00e7\u00e3o de oxig\u00eanio caindo. Foi direto para a UTI. Recebeu um coquetel de rem\u00e9dios com a tal da cloroquina, combinado com cortic\u00f3ides para evitar as infec\u00e7\u00f5es. <\/p>\n<p>Presenciou a falta de funcion\u00e1rios no hospital, ao ver gente novata sendo treinada para trocar o pneu do carro andando. Resultado: soube que um ou outro novato acabou contaminado, levando junto o profissional que o treinara. Tamb\u00e9m viu pessoas prometidas para alta piorarem o estado e seguirem internadas. Assim como gente morrendo do nada.<\/p>\n<p>Passou 10 dias na UTI e mais alguns dias no quarto. Ainda est\u00e1 ofegante. A infectologista do hospital em que ficou internado (de ponta) admitiu que n\u00e3o conseguiram ainda firmar um protocolo e que cada m\u00e9dico est\u00e1 usando medica\u00e7\u00e3o no empirismo. Uma m\u00e9dica conhecida nossa que est\u00e1 na Europa confirmou essa situa\u00e7\u00e3o por l\u00e1.<\/p>\n<p>Pelo menos um dos outros colegas que, com ele, seguiram trabalhando pessoamente, pegaram a Covid-19, mas, por serem jovens, n\u00e3o tiveram maiores problemas e se recuperaram rapidamente.<\/p>\n<p><strong>M\u00e9dico infectado no come\u00e7o de mar\u00e7o<\/strong><\/p>\n<p>M\u00e9dico conhecido nosso, intensivista (que trabalha em UTI), foi internado antes do Carnaval com Covid-19 quando atendia em seu hospital pacientes idosos, enviados pelo plano de sa\u00fade especializado neles (e em cujo hospital, uma enfermeira de 34 anos teria morrido de Covid-19 no come\u00e7o da pandemia, de acordo com mensagens recebidas de grupos de m\u00e9dicos). J\u00e1 em fevereiro, notara que esses idosos come\u00e7aram a morrer sucessivamente de problemas respirat\u00f3rios. Quando ligou os pontos, caiu doente. Est\u00e1 com uma enorme dor de consci\u00eancia, por ter participado de uma festa na escola dos filhos, e teme ter contaminado pais e av\u00f3s dos coleguinhas.<\/p>\n<p>Disse que o infectologista que o atendeu o informou que chega a ser uma loteria quem pega ou n\u00e3o. Na pr\u00f3pria fam\u00edlia desse m\u00e9dico, al\u00e9m dele, a esposa e os dois filhos menores se contaminaram, mas a filha mais velha segue com exames dando negativo. Logo far\u00e3o nova rodada de testes.<\/p>\n<p><strong>30 de abril de 2020.<\/strong><\/p>\n<p>Sigo em contato com essas pessoas. Com exce\u00e7\u00e3o do dono do mercado, todas seguem vivas. Outras podem n\u00e3o estar, pois cogitaram suicidar-se.<\/p>\n<p><strong>Por: Suellen<\/strong><\/p>\n","protected":false},"excerpt":{"rendered":"<p>Desfavor Convidado \u00e9 a coluna onde os impopulares ganham voz aqui na Rep\u00fablica Impopular. Se voc\u00ea quiser tamb\u00e9m ter seu texto publicado por aqui, basta enviar para <a href=\"mailto:desfavor@desfavor.com\">desfavor@desfavor.com<\/a>. Relatos do Covid-19 J\u00e1 que Sally deu uma da Carmen San Diego e se refugiou em algum lugar s\u00e9rio e civilizado, segue um relato do que tenho [&hellip;]<\/p>\n","protected":false},"author":4,"featured_media":16786,"comment_status":"open","ping_status":"open","sticky":false,"template":"","format":"standard","meta":{"footnotes":""},"categories":[28],"tags":[],"class_list":["post-16785","post","type-post","status-publish","format-standard","has-post-thumbnail","hentry","category-desfavor-convidado"],"_links":{"self":[{"href":"https:\/\/www.desfavor.com\/blog\/wp-json\/wp\/v2\/posts\/16785","targetHints":{"allow":["GET"]}}],"collection":[{"href":"https:\/\/www.desfavor.com\/blog\/wp-json\/wp\/v2\/posts"}],"about":[{"href":"https:\/\/www.desfavor.com\/blog\/wp-json\/wp\/v2\/types\/post"}],"author":[{"embeddable":true,"href":"https:\/\/www.desfavor.com\/blog\/wp-json\/wp\/v2\/users\/4"}],"replies":[{"embeddable":true,"href":"https:\/\/www.desfavor.com\/blog\/wp-json\/wp\/v2\/comments?post=16785"}],"version-history":[{"count":0,"href":"https:\/\/www.desfavor.com\/blog\/wp-json\/wp\/v2\/posts\/16785\/revisions"}],"wp:featuredmedia":[{"embeddable":true,"href":"https:\/\/www.desfavor.com\/blog\/wp-json\/wp\/v2\/media\/16786"}],"wp:attachment":[{"href":"https:\/\/www.desfavor.com\/blog\/wp-json\/wp\/v2\/media?parent=16785"}],"wp:term":[{"taxonomy":"category","embeddable":true,"href":"https:\/\/www.desfavor.com\/blog\/wp-json\/wp\/v2\/categories?post=16785"},{"taxonomy":"post_tag","embeddable":true,"href":"https:\/\/www.desfavor.com\/blog\/wp-json\/wp\/v2\/tags?post=16785"}],"curies":[{"name":"wp","href":"https:\/\/api.w.org\/{rel}","templated":true}]}}