{"id":16841,"date":"2020-05-17T16:00:22","date_gmt":"2020-05-17T19:00:22","guid":{"rendered":"http:\/\/www.desfavor.com\/blog\/?p=16841"},"modified":"2020-05-18T13:12:34","modified_gmt":"2020-05-18T16:12:34","slug":"covid-19-2020-2021-2029-2038-2050","status":"publish","type":"post","link":"https:\/\/www.desfavor.com\/blog\/2020\/05\/covid-19-2020-2021-2029-2038-2050\/","title":{"rendered":"Covid-19, 2020, 2021, 2029, 2038, 2050"},"content":{"rendered":"<div class=\"uk-card uk-card-default uk-card-body\"><strong>Desfavor Convidado<\/strong> \u00e9 a coluna onde os impopulares ganham voz aqui na Rep\u00fablica Impopular. Se voc\u00ea quiser tamb\u00e9m ter seu texto publicado por aqui, basta enviar para <a href=\"mailto:desfavor@desfavor.com\">desfavor@desfavor.com<\/a>.<\/div>\n<h2>Covid-19, 2020, 2021, 2029, 2038, 2050<\/h2>\n<p>A partir do pressuposto que os leitores daqui estejam em uma posi\u00e7\u00e3o privilegiada se considerarmos o restante da popula\u00e7\u00e3o, devemos agora reservar tempo para estrat\u00e9gias e planos de resili\u00eancia a fim de nos preparar para os potenciais impactos prolongados do novo coronav\u00edrus, a fim de que sirva como aprendizado para uma segunda onda de contamina\u00e7\u00f5es ou mesmo uma pandemia nova.  <!--more--><\/p>\n<p>Isso n\u00e3o ser\u00e1 novidade para a humanidade, nem deveria ser, como podemos ver no que ocorreu depois da gripe espanhola:<\/p>\n<ul>\n<li>Gripe Asi\u00e1tica (1957): 2 milh\u00f5es de mortos<\/li>\n<li>Gripe de Hong Kong (1968): 1 milh\u00f5es de mortos<\/li>\n<li>SARS (2003): 810 mortos apenas, mas nem mesmo o preju\u00edzo estimado de 40 bilh\u00f5es de d\u00f3lares em preju\u00edzos animaram investimentos em busca de uma vacina que poderia estar pronta ou quase agora.<\/li>\n<\/ul>\n<p>O impacto dessa epidemia nos for\u00e7ar\u00e1 a desacelerar o ritmo, e aprender a se tornar autossuficiente e consciente. O pensamento de projetos futuros se torna vago, \u00e0 medida em que a cada dia questionamos cada aspecto de nossa vida que conhecemos desde o nascimento e somos obrigados a considerar sua poss\u00edvel morte.<br \/>\nMas a psique humana \u00e9 resistente e espera se as coisas v\u00e3o se dissipar por si mesmas, enquanto mantemos nossos h\u00e1bitos e compromissos regulares. S\u00f3 que agora a parada s\u00fabita em tudo isso pelo v\u00edrus tira as decis\u00f5es fora de nossas m\u00e3os e s\u00f3 vai apressar uma defini\u00e7\u00e3o em um ritmo assustador.<\/p>\n<p>De qualquer forma, entendemos que medidas objetivas possam ser tomadas enquanto nos encontramos em adapta\u00e7\u00e3o para essa pandemia e para as pr\u00f3ximas que vierem, que podem nos atingir l\u00e1 na frente quando estivermos mais vulner\u00e1veis.<\/p>\n<p><strong>Familiares: gerenciar os familiares ser\u00e1 crucial.<\/strong><\/p>\n<p>Al\u00e9m da quest\u00e3o de adoecer, voc\u00ea ou as pessoas ao seu redor poder\u00e3o ter que sair de casa para evitar passar doen\u00e7as para os demais familiares em virtude do seu trabalho. <\/p>\n<p>Nesse sentido, planejamento para quaisquer aus\u00eancias, particularmente em pap\u00e9is cr\u00edticos, ser\u00e1 importante: (a) Instruir as pessoas de casa para realizar a fun\u00e7\u00e3o de qualquer um que tenha que se ausentar, por op\u00e7\u00e3o ou por conta da doen\u00e7a; (b) Abrir uma conta corrente conjunta ou deixar as senhas necess\u00e1rias para realizar pagamentos, saques e transfer\u00eancias \u00e9 uma alternativa; e (c) fazer uma lista de pessoas com as quais possa contar e o que cada um poder\u00e1 oferecer de ajuda. E pegue o contato dessas pessoas e, na eventual falta dessas pessoas, de outras como back-up.<\/p>\n<p>Como disse anteriormente, um colega da minha equipe caiu doente de Covid-19 e a esposa tamb\u00e9m desconfiava estar doente. Como a fam\u00edlia toda de ambos era do Rio, em desespero o colega chamou a irm\u00e3 para cuidar do filho pequeno do casal aqui em S\u00e3o Paulo. Contudo, a irm\u00e3 se recusou a vir e correr o risco de ficar doente tamb\u00e9m.<\/p>\n<p>No limite, me ofereci para cuidar do menino, mas a esposa do colega preferiu esperar a cura do marido. Um dia depois da alta do colega, a esposa foi internada com Covid-19. Por sorte, n\u00e3o precisou ir para a UTI. Caso ambos tivessem ido para a UTI ao mesmo tempo, n\u00e3o teria ficado sabendo o que teria se passado, e o filho pequeno do casal poderia ter passado por apuros. \u00c9 algo que me deixou sem sono por alguns dias.<\/p>\n<p><strong>Preven\u00e7\u00e3o: Prepare-se para lidar com todo tipo de interrup\u00e7\u00e3o<\/strong><\/p>\n<p>N\u00e3o d\u00e1 para enumerar todas as perturba\u00e7\u00f5es decorrentes de pandemia para cada fam\u00edlia. Fiquemos com duas situa\u00e7\u00f5es: ser desprovido de meios para dar conta das necessidades e ter que se preparar para lidar com um aumento repentino de suas responsabilidades. <\/p>\n<p>No caso de ser desprovido, monte uma reserva financeira n\u00e3o s\u00f3 para passar de um trimestre a um ano sem renda como tamb\u00e9m para fazer frente a despesas tais como as funer\u00e1rias suas e\/ou de seus familiares eventualmente v\u00edtimas dessa pandemia, para que voc\u00ea ou outra pessoa possa fazer frente aos pagamentos sem passar por ainda mais desgastes e problemas futuros. Um seguro de vida e\/ou um VGBL ou PGBL para os dependentes que preveja pec\u00falio e\/ou pagamentos mensais tamb\u00e9m n\u00e3o faria mal. <\/p>\n<p>Isso deve ser incutido em cada um independente de ser adolescente ou jovem, pois o jovem de hoje pode ser o mais velho a ter passado por essa situa\u00e7\u00e3o numa pr\u00f3xima pandemia. Ou o \u00fanico, e experi\u00eancia pr\u00e9via vai ajudar os outros.<\/p>\n<p>Por outro lado, ter\u00e1 que aprender a dar conta do aumento repentino de suas responsabilidades. Qualquer um poder\u00e1 ser ver obrigado a assumir as responsabilidades delegadas para a diarista, a empregada, a escola em tempo integral, e\/ou por ter sido alijado da ajuda dos pais ou do c\u00f4njuge de forma tempor\u00e1ria ou permanente. E ter que conciliar essas responsabilidades com o teletrabalho (ou n\u00e3o) pelo tempo que a pandemia determinar. <\/p>\n<p><strong>Saia do grupo de risco<\/strong><\/p>\n<p>Pesquisa da Universidade Federal de S\u00e3o Paulo (Unifesp) estimou que mais da metade da popula\u00e7\u00e3o adulta brasileira est\u00e1 no grupo de risco da Covid-19. S\u00e3o 86 milh\u00f5es de pessoas que apresentariam ao menos um dos fatores que pode aumentar o risco de complica\u00e7\u00f5es, caso haja contamina\u00e7\u00e3o pelo coronav\u00edrus, dos quais 9% teriam at\u00e9 tr\u00eas fatores de risco.<\/p>\n<p>Se considerarmos como grupos de risco idosos (acima de 65 anos), portadores de doen\u00e7as cr\u00f4nicas (doen\u00e7as cardiovasculares, diabetes, hipertens\u00e3o, doen\u00e7as respirat\u00f3rias cr\u00f4nicas (em particular doen\u00e7a pulmonar obstrutiva cr\u00f4nica), c\u00e2ncer e doen\u00e7as cerebrovasculares (acidente vascular cerebral &#8211; AVC), obesidade, asma, tabagismo, doen\u00e7a renal cr\u00f4nica, quase todos podem ser debelados ou mitigados com h\u00e1bitos saud\u00e1veis antes, durante ou depois da pandemia. Antes, n\u00e3o ligar para a sa\u00fade poderia matar sua m\u00e3e, seu parceiro ou voc\u00ea mesmo de vergonha. Agora pode mata-los. <\/p>\n<p><strong>Incorpore h\u00e1bitos<\/strong><\/p>\n<p>Outro dia, assisti uma reportagem em que agentes p\u00fablicos da sa\u00fade haviam detectado tra\u00e7os do coronav\u00edrus no esgoto em Niter\u00f3i. Diante disso, o que j\u00e1 \u00e9 provavelmente feito por conta do Covid-19 deve se tornar uma medida permanente: deixar os sapatos do lado de fora de casa. <\/p>\n<p>Afinal, n\u00e3o h\u00e1 nada mais anti-higi\u00eanico do que chegar em casa e pisar no tapete com o mesmo sapato de que veio da rua. E, nesses tempos de pandemia, mesmo sentar-se no sof\u00e1 com a roupa de que veio da rua (Nesse ponto, ainda n\u00e3o consegui pensar em alguma solu\u00e7\u00e3o socialmente aceit\u00e1vel para lidar quando for permitido receber visitas. Capa lav\u00e1vel no sof\u00e1?). <\/p>\n<p>Outra coisa interessante para esses tempos de isolamento, caso eles voltem, \u00e9 algo familiar aos descendentes de japoneses: Radio Taiso. \u00c9 uma rotina matinal composta por uma s\u00e9rie de exerc\u00edcios de alongamento, feito em empresas e escolas em todo o pa\u00eds antes de come\u00e7ar as atividades. Tem v\u00e1rios exemplos de exerc\u00edcios no YouTube.<\/p>\n<p><strong>Animais e cidades combinam? <\/strong><\/p>\n<p>A hip\u00f3tese mais forte \u00e9 que o Covid-19 seja uma zoonose surgida de um mercado em Wuhan, onde vende carne de pangolins (um bicho horroroso que lembra um tamandu\u00e1). Afinal, pesquisadores na China encontraram um v\u00edrus em pangolins cujo sequenciamento gen\u00e9tico \u00e9 99% id\u00eantico ao do coronav\u00edrus atual. A suspeita principal \u00e9 de que o v\u00edrus, originalmente, estava hospedado em morcegos e depois chegou aos pangolins. <\/p>\n<p>Diante disso, o bom senso manda banir a pr\u00e1tica de ir a um mercado, ou uma feira, escolher o animal para ser abatido e levado fresco para casa. Pensava que isso era uma pr\u00e1tica dos tempos da minha m\u00e3e. Ou que, se ainda houvesse, estaria relegada \u00e0s periferias e cidades menores do interior. Mas lembro que, uns cinco anos atr\u00e1s, havia uma loja em que voc\u00ea poderia escolher a galinha caipira de sua prefer\u00eancia ou ovos ainda sujos de bosta perto da Esta\u00e7\u00e3o Marechal Deodoro do metr\u00f4, no bairro de Santa Cec\u00edlia.<\/p>\n<p>Mas n\u00e3o se trata apenas de separar o p\u00fablico dos animais vivos e as pessoas que vendem e abatem esses animais. Muito menos pregar o veganismo. Por conta das zoonoses se mostrarem cada vez mais perigosas, temos que admitir a possibilidade de que animais e cidades simplesmente n\u00e3o combinam. Ainda mais cidades densamente populosas como S\u00e3o Paulo e Rio. Moramos cada vez mais apinhados, em moradias cada vez menores no geral, e muita gente cria bicho em casa (at\u00e9 gato e cachorro). <\/p>\n<p>Nessas horas, fico pensando se uma combina\u00e7\u00e3o de animais ex\u00f3ticos, consumidos ou tratados como gente da fam\u00edlia, com uma popula\u00e7\u00e3o urbana cada vez mais densa, poderia nos jogar em cima de um barril de p\u00f3lvora, independente da origem do problema ser uma cidade l\u00e1 nos confins da China ou n\u00e3o. <\/p>\n<p><strong>Viagens <\/strong><\/p>\n<p>Com o d\u00f3lar prestes a passar de R$ 6, viagens internacionais ficar\u00e3o fora dos planos da maioria das pessoas. Ser\u00e1 mais barato viajar localmente e mais seguro, se considerarmos o risco de outro surto de Covid-19 e\/ou de um outro v\u00edrus nos deixar presos no exterior porque os voos foram cancelados. E tamb\u00e9m caso nos tornemos de fato o epicentro da Covid-19, ser brasileiro acabar sendo motivo para quarentenas for\u00e7adas para onde quer que voc\u00ea queira passear.<\/p>\n<p>Viajar localmente n\u00e3o implicar\u00e1 necessariamente em ganhos para empresas de \u00f4nibus, se levarmos em conta o medo de se contaminar dentro do ve\u00edculo at\u00e9 chegar no destino final tanto quanto a desconfian\u00e7a de pegar um voo pelos mesmos motivos. Sobretudo se considerarmos que os \u00f4nibus agora t\u00eam janelas vedadas por conta do ar-condicionado. E em um espa\u00e7o mais confinado do que um avi\u00e3o. Resta o carro. Pode ser mais apertado do que um \u00f4nibus, mas ao menos as janelas podem ainda ser abaixadas e podemos ter um maior controle de quem anda nele. <\/p>\n<p>Quanto a cruzeiros, sinceramente, nesse curto prazo, falta coragem depois do que aconteceu com o navio Diamond Princess, que se tornou uma col\u00f4nia de f\u00e9rias do coronav\u00edrus ao chegar ao Jap\u00e3o para realizar quarentena. <\/p>\n<p>Por outro lado, viagens a trabalho poder\u00e3o perder muito do seu sentido com a dissemina\u00e7\u00e3o das tecnologias de que muitos j\u00e1 desfrutam para realizar o teletrabalho, por conta dos custos que envolvem organizar e participar de reuni\u00f5es e outros eventos presencialmente, sobretudo no per\u00edodo de recupera\u00e7\u00e3o econ\u00f4mica ap\u00f3s a pandemia. Nesse sentido, verifica-se o benef\u00edcio adicional dos webinars e cursos online, muitos dos quais permanecem dispon\u00edveis para quem n\u00e3o p\u00f4de assisti-los. <\/p>\n<p>Por fim, conselhos oficiais de viagem podem mudar \u00e0 medida que uma pandemia se espalha, o que significa que planos de viagens precisar\u00e3o ser ajustados rapidamente. Nesse sentido, deve-se tamb\u00e9m considerar os riscos potenciais relacionados a quaisquer visitantes que chegam de \u00e1reas infectadas, o que pode fazer com que, por exemplo, parentes que moram em outros pa\u00edses serem for\u00e7ados a passar mais tempo na sua casa impedidos de voltar para l\u00e1 por um bom tempo devido \u00e0 suspens\u00e3o de voos.<\/p>\n<p><strong>Transporte urbano: considere a bicicleta<\/strong><\/p>\n<p><img loading=\"lazy\" decoding=\"async\" src=\"https:\/\/www.desfavor.com\/blog\/wp-content\/uploads\/2020\/05\/descon-covid19-002.jpg\" alt=\"\" width=\"325\" height=\"215\" class=\"alignleft size-full wp-image-16844\" srcset=\"https:\/\/www.desfavor.com\/blog\/wp-content\/uploads\/2020\/05\/descon-covid19-002.jpg 325w, https:\/\/www.desfavor.com\/blog\/wp-content\/uploads\/2020\/05\/descon-covid19-002-300x198.jpg 300w\" sizes=\"(max-width: 325px) 100vw, 325px\" \/>No Jap\u00e3o, um n\u00famero crescente de trabalhadores tem utilizado a bicicleta para evitar ambientes fechados e, consequentemente, a propaga\u00e7\u00e3o do novo coronav\u00edrus no pa\u00eds. Se olharmos a foto ao lado, d\u00e1 para entender o motivo. N\u00e3o h\u00e1 higiene que resista. E ainda queriam realizar as Olimp\u00edadas nesse ano.<\/p>\n<p>Em S\u00e3o Paulo, o prefeito Bruno Covas nessa semana implantou o rod\u00edzio alternando os carros com letra par e os com letra \u00edmpar para tentar impedir o maior fluxo de ve\u00edculos. S\u00f3 que se esqueceu de consultar o secret\u00e1rio estadual de transportes. Resultado: tal qual ocorreu em T\u00f3quio, houve um aumento de demanda suficiente para colocar em d\u00favida a efetividade da medida j\u00e1 no primeiro dia, pois as companhias de transportes n\u00e3o disponibilizaram o n\u00edvel de servi\u00e7o de tempos normais para diluir o n\u00famero de passageiros por viagem.<\/p>\n<p>Dificuldades \u00e0 parte, entendo que aqui haveria dois benef\u00edcios: (a) profissionais da \u00e1rea de sa\u00fade afirmam que um n\u00edvel adequado de exerc\u00edcio \u00e9 essencial para otimizar o sistema imunol\u00f3gico e (b) sendo uma maneira de locomo\u00e7\u00e3o solit\u00e1ria, andar de bicicleta seria uma \u00f3tima op\u00e7\u00e3o para evitar contato pr\u00f3ximo com outras pessoas, a fim de diminuir o risco de trazer doen\u00e7as para os colegas de trabalho e do caminho do trabalho para dentro de casa. <\/p>\n<p>Assim como o teletrabalho se mostrou algo para ser continuado no futuro, caso houver uma ado\u00e7\u00e3o maior, fica a esperan\u00e7a de as empresas oferecerem condi\u00e7\u00f5es para quem optar por vir de bicicleta, seja oferecendo uma ajuda de custo para quem alugar bicicleta para vir trabalhar, seja oferecendo mesmo duchas para quem chegar poder tomar banho e livrar-se dos germes e v\u00edrus que eventualmente trouxer do trajeto (algumas j\u00e1 oferecem). Fora a cria\u00e7\u00e3o de empregos diretos e indiretos a partir da presta\u00e7\u00e3o de servi\u00e7os a esse p\u00fablico.<\/p>\n<p><strong>Conclus\u00e3o: Pandemias s(er)\u00e3o nossa realidade, se j\u00e1 n\u00e3o deveriam ser.<\/strong><\/p>\n<p>Sendo otimista por natureza, resta esperar que, enquanto tomamos as medidas que pudermos tomar, as prioridades mudem e, quem sabe, daqui a uns 10, 20 anos, apare\u00e7a  alguma (s) vacina(s) que nos livre(m) da Covid-19, da gripe avi\u00e1ria, da gripe su\u00edna, do(s) coronav\u00edrus, o que for, assim como conseguimos nos livrar da var\u00edola, da p\u00f3lio, do sarampo. <\/p>\n<p>Mas a vacina pode nunca sair, seja por muta\u00e7\u00f5es do v\u00edrus tornarem a tentativa invi\u00e1vel (um laborat\u00f3rio do governo americano na cidade de Los Alamos j\u00e1 detectou 14 muta\u00e7\u00f5es do coronav\u00edrus), seja pelo fato dos prot\u00f3tipos de vacina n\u00e3o sanarem o problema do excesso de resposta do sistema imunol\u00f3gico (como ocorreu na desist\u00eancia de achar uma vacina para a dengue).<\/p>\n<p>Diante desse quadro, \u00e9 preciso agir e se comportar como se tivesse pegado a Covid-19 e como se fosse obrigado a conviver com essa condi\u00e7\u00e3o para sempre. Voc\u00ea poder\u00e1 ter que lidar com essa situa\u00e7\u00e3o novamente n\u00e3o se sabe por quantos meses ainda, e novamente daqui a uns meses, um ano, dez, ou mesmo trinta, quarenta anos. Ou nunca mais. Mas, pelo menos, a situa\u00e7\u00e3o agora certamente lhe trar\u00e1 resili\u00eancia e criatividade para lidar com outros problemas \u2018menores\u2019.<\/p>\n<p>N\u00e3o \u00e9 uma quest\u00e3o de ter medo da morte, mas sim temer matar algu\u00e9m. Ou v\u00e1rias pessoas. Afinal, meu colega estima ter contaminado pelo menos 10 pessoas, dentre familiares, colegas de trabalho, a dom\u00e9stica e a diarista que trabalhavam em suas casas, bem com familiares das duas.<\/p>\n<p><strong>Por: Suellen<\/strong><\/p>\n","protected":false},"excerpt":{"rendered":"<p>Desfavor Convidado \u00e9 a coluna onde os impopulares ganham voz aqui na Rep\u00fablica Impopular. Se voc\u00ea quiser tamb\u00e9m ter seu texto publicado por aqui, basta enviar para <a href=\"mailto:desfavor@desfavor.com\">desfavor@desfavor.com<\/a>. Covid-19, 2020, 2021, 2029, 2038, 2050 A partir do pressuposto que os leitores daqui estejam em uma posi\u00e7\u00e3o privilegiada se considerarmos o restante da popula\u00e7\u00e3o, devemos agora [&hellip;]<\/p>\n","protected":false},"author":4,"featured_media":16847,"comment_status":"open","ping_status":"open","sticky":false,"template":"","format":"standard","meta":{"footnotes":""},"categories":[28],"tags":[],"class_list":["post-16841","post","type-post","status-publish","format-standard","has-post-thumbnail","hentry","category-desfavor-convidado"],"_links":{"self":[{"href":"https:\/\/www.desfavor.com\/blog\/wp-json\/wp\/v2\/posts\/16841","targetHints":{"allow":["GET"]}}],"collection":[{"href":"https:\/\/www.desfavor.com\/blog\/wp-json\/wp\/v2\/posts"}],"about":[{"href":"https:\/\/www.desfavor.com\/blog\/wp-json\/wp\/v2\/types\/post"}],"author":[{"embeddable":true,"href":"https:\/\/www.desfavor.com\/blog\/wp-json\/wp\/v2\/users\/4"}],"replies":[{"embeddable":true,"href":"https:\/\/www.desfavor.com\/blog\/wp-json\/wp\/v2\/comments?post=16841"}],"version-history":[{"count":0,"href":"https:\/\/www.desfavor.com\/blog\/wp-json\/wp\/v2\/posts\/16841\/revisions"}],"wp:featuredmedia":[{"embeddable":true,"href":"https:\/\/www.desfavor.com\/blog\/wp-json\/wp\/v2\/media\/16847"}],"wp:attachment":[{"href":"https:\/\/www.desfavor.com\/blog\/wp-json\/wp\/v2\/media?parent=16841"}],"wp:term":[{"taxonomy":"category","embeddable":true,"href":"https:\/\/www.desfavor.com\/blog\/wp-json\/wp\/v2\/categories?post=16841"},{"taxonomy":"post_tag","embeddable":true,"href":"https:\/\/www.desfavor.com\/blog\/wp-json\/wp\/v2\/tags?post=16841"}],"curies":[{"name":"wp","href":"https:\/\/api.w.org\/{rel}","templated":true}]}}