{"id":17911,"date":"2021-01-17T12:00:35","date_gmt":"2021-01-17T15:00:35","guid":{"rendered":"http:\/\/www.desfavor.com\/blog\/?p=17911"},"modified":"2021-01-16T23:36:20","modified_gmt":"2021-01-17T02:36:20","slug":"depoimento-crise-de-saude-em-manaus","status":"publish","type":"post","link":"https:\/\/www.desfavor.com\/blog\/2021\/01\/depoimento-crise-de-saude-em-manaus\/","title":{"rendered":"Depoimento: Crise de sa\u00fade em Manaus."},"content":{"rendered":"<div class=\"uk-card uk-card-default uk-card-body\"><strong>Desfavor Convidado<\/strong> \u00e9 a coluna onde os impopulares ganham voz aqui na Rep\u00fablica Impopular. Se voc\u00ea quiser tamb\u00e9m ter seu texto publicado por aqui, basta enviar para <a href=\"mailto:somir@desfavor.com\">somir@desfavor.com<\/a>.<\/div>\n<h3>Depoimento: Crise de sa\u00fade em Manaus.<\/h3>\n<p>Moro em Manaus e gostaria de compartilhar os fatos que est\u00e3o acontecendo por aqui. A ampla cobertura pelos meios de comunica\u00e7\u00e3o n\u00e3o \u00e9 capaz de traduzir os sentimentos prevalentes aqui na cidade: medo, desespero e revolta.  Todas as compara\u00e7\u00f5es realizadas, por mais chocantes que sejam, s\u00e3o apenas uma p\u00e1lida analogia da real situa\u00e7\u00e3o. Tudo isso causado por uma mistura da imprud\u00eancia e da neglig\u00eancia com as quais tanto o governo local quanto n\u00f3s, manauaras, encaramos a pandemia desde o in\u00edcio.<!--more--><\/p>\n<p>N\u00e3o entrarei no m\u00e9rito de quem \u00e9 a culpa, do que poderia ter sido feito e n\u00e3o foi. N\u00e3o, n\u00e3o farei isso. Quero compartilhar os relatos e viv\u00eancias que chegam at\u00e9 a mim. <\/p>\n<p>A cr\u00f4nica da trag\u00e9dia anunciada foi escrita por muitas m\u00e3os, nos mais diversos setores da sociedade manauara. A caminhada para a beira do abismo que se transformou o colapso da rede hospitalar come\u00e7ou com coisas do tipo:<\/p>\n<ol class=\"uk-list-large\">\n<li>Houve um evento no Teatro Amazonas, organizado pela Secretaria de Cultura do estado, com um dos Bois de Parintins, cidade essa que \u00e9 um dos principais focos de ocorr\u00eancia da doen\u00e7a desde o in\u00edcio da pandemia. Resolveram trazer um n\u00famero grande de componentes assegurando que todos estavam saud\u00e1veis. Resultado: algum assintom\u00e1tico na comitiva proporcionou a contamina\u00e7\u00e3o e o \u00f3bito de diversos integrantes da agremia\u00e7\u00e3o, inclusive o de uma gr\u00e1vida que teve que passar por uma ces\u00e1rea de emerg\u00eancia para tentar salvar a crian\u00e7a.<\/li>\n<li>O recuo do governador ap\u00f3s a passeata para liberarem o com\u00e9rcio na cidade. Ali a sirene do \u201cvai dar merda!\u201d foi acionada. Com a revoga\u00e7\u00e3o do decreto, muito comemoraram a \u201cvit\u00f3ria\u201d da popula\u00e7\u00e3o (leia-se comerciantes) e do seu direito de ir e vir. Mas a conta chega, ela sempre chega.<\/li>\n<li>Aqui houve uma \u201cepidemia\u201d de rol\u00eas aleat\u00f3rios e clandestinos TODOS os finais de semana desde que proibiram festas na cidade. Para todos os gostos! Funk, forr\u00f3, \u201cboi\u201d (ritmo regional muito valorizado por aqui) e at\u00e9 gospel&#8230; parece que ao saber de que estava proibido de participar desse tipo de aglomera\u00e7\u00e3o, a cabe\u00e7a do manauara explodiu e se tornou quest\u00e3o de honra organizar\/participar desse tipo de coisa. E a vontade era tanta que eram blitz todos os finais de semana com v\u00e1ria deten\u00e7\u00f5es e eles iam cada vez mais longe, geograficamente falando, para realizar os eventos e cada vez mais lotados&#8230;<\/li>\n<\/ol>\n<p>Apesar de haver muito mais fatos que colaboraram para o panorama calamitoso que atualmente enfrentamos, essa \u00e9 uma amostra do que nos levou a chegar a este ponto.<\/p>\n<p>Hoje podemos ver em todos os hospitais da cidade, sejam p\u00fablicos ou particulares (que foram os primeiros a suspenderem os atendimentos, mesmo quando ainda n\u00e3o haviam alcan\u00e7ado a capacidade m\u00e1xima de interna\u00e7\u00e3o e cobrando valores exorbitantes de cheque cau\u00e7\u00e3o para receber os doentes), cenas de desespero generalizadas.<\/p>\n<p>N\u00e3o adianta ter o melhor plano de sa\u00fade, ter dinheiro em esp\u00e9cie nas m\u00e3os (e, acreditem, rolaram muitos casos de tentativas de suborno para comprar leitos e furar a fila de interna\u00e7\u00e3o com as pessoas literalmente se engalfinhando nas portas dos hospitais \u2013 isso a m\u00eddia n\u00e3o mostrou) se n\u00e3o h\u00e1 o que \u201ccomprar\u201d. Aqueles com posses ainda buscaram mandar seus parentes para fora do estado, mas a maioria n\u00e3o conseguiu.<\/p>\n<p>Como as pessoas est\u00e3o sem a op\u00e7\u00e3o de socorro m\u00e9dico nas institui\u00e7\u00f5es de sa\u00fade, s\u00e3o for\u00e7adas a ficarem em casa, aumentou consideravelmente o n\u00famero de \u00f3bitos domiciliares. Estava conversando com uma amiga, contando sobre o falecimento de um colega de trabalho, quando ela come\u00e7a a chorar dizendo que a m\u00e3e estava morrendo na frente dela em casa. Eu acompanhei em tempo real isso acontecer, pude escutar ao fundo os gritos dos demais familiares, a ang\u00fastia atrav\u00e9s da liga\u00e7\u00e3o&#8230;foi surreal&#8230; nunca imaginei passar por essa experi\u00eancia macabra&#8230; NUNCA!<\/p>\n<p>Houve tamb\u00e9m os casos de falecimento nas unidades hospitalares por falta de oxig\u00eanio medicinal, amplamente divulgado nas m\u00eddias, o que por si s\u00f3 j\u00e1 \u00e9 de um absurdo sem precedentes. Falando com uma amiga m\u00e9dica, ela disse que o n\u00edvel de depress\u00e3o entre os profissionais de sa\u00fade aumentou e que muitos pensam em desistir n\u00e3o pela rotina extenuante, mas pelo fato de que n\u00e3o tem insumos b\u00e1sicos, n\u00e3o apenas oxig\u00eanio, para executar os procedimentos. Disse, ainda, que na tentativa de manter os pacientes at\u00e9 os auxiliares de limpeza se ofereciam para \u201cambuzar\u201d (ventilar manualmente) os pacientes. Pessoas pr\u00f3ximas a mim presenciaram isso. N\u00e3o escutaram falar&#8230; <\/p>\n<p>Ou receber mensagens como <i>\u201cAcabei de perde meu tio por parte de pai. Minha tia falou que est\u00e3o morrendo em serie sem oxig\u00eanio. Cena de filme. Acabou o oxig\u00eanio. Meu tio foi um desses. Mana t\u00f4 em P\u00e2nico. Agora vai ter toque de recolher. Eu vou fica em casa por esses tempo. N\u00e3o vou sair pra nada nada. Vou me resguarda com a meninas.. Se cuide mana.. t\u00e1 tenso por aqui\u201d<\/i> (sic).<\/p>\n<p>Ainda h\u00e1 a quest\u00e3o do sepultamento dos corpos. O maior cemit\u00e9rio em funcionamento, conhecido como Parque Tarum\u00e3, \u00e9 localizado em uma \u00e1rea verde da cidade. Dia ap\u00f3s dia tem sido necess\u00e1rio derrubar as \u00e1rvores da mata interna para abrir clareiras e escavar as valas coletivas onde os caix\u00f5es s\u00e3o colocados empilhados. Os cortejos s\u00f3 podem ser de at\u00e9 tr\u00eas pessoas e apesar disso sempre h\u00e1 congestionamento de carros funer\u00e1rios com longas filas na estrada que lhe d\u00e1 acesso. Todos os que enterram seus familiares dizem que n\u00e3o conseguem esquecer a cena da retroescavadeira em a\u00e7\u00e3o&#8230;e para complicar mais a situa\u00e7\u00e3o dram\u00e1tica, estamos em \u00e9pocas de chuvas torrenciais na regi\u00e3o norte, o que aumenta o risco de as \u201csepulturas\u201d recentes serem destru\u00eddas ou levadas pelas \u00e1guas j\u00e1 que a maioria est\u00e1 localizada em \u00e1reas declivosas com solo rec\u00e9m revolvido&#8230;<\/p>\n<p>Quando eram apenas N\u00daMEROS as pessoas n\u00e3o se importavam, n\u00e3o havia ca\u00eddo a ficha&#8230;mas agora que se transformaram em NOMES, tudo saiu do campo do abstrato.<\/p>\n<p>Lament\u00e1vel \u00e9 que tenhamos tomado consci\u00eancia da necessidade de ficar em casa apenas ap\u00f3s tantas perdas. Mais lament\u00e1vel ainda \u00e9 que essa consci\u00eancia ainda n\u00e3o chegou a toda a popula\u00e7\u00e3o daqui.<\/p>\n<p>N\u00e3o sejam como n\u00f3s. Observem e aprendam pelo o exemplo, pois o ser humano costuma aprender pelo amor ou pela dor. E a segunda op\u00e7\u00e3o \u00e9 infinitamente pior.<\/p>\n<p>Se cuidem. Fiquem bem.<\/p>\n<p><strong>Por: Saloli<\/strong><\/p>\n","protected":false},"excerpt":{"rendered":"<p>Desfavor Convidado \u00e9 a coluna onde os impopulares ganham voz aqui na Rep\u00fablica Impopular. Se voc\u00ea quiser tamb\u00e9m ter seu texto publicado por aqui, basta enviar para <a href=\"mailto:somir@desfavor.com\">somir@desfavor.com<\/a>. Depoimento: Crise de sa\u00fade em Manaus. Moro em Manaus e gostaria de compartilhar os fatos que est\u00e3o acontecendo por aqui. A ampla cobertura pelos meios de comunica\u00e7\u00e3o [&hellip;]<\/p>\n","protected":false},"author":4,"featured_media":17914,"comment_status":"open","ping_status":"open","sticky":false,"template":"","format":"standard","meta":{"footnotes":""},"categories":[28],"tags":[],"class_list":["post-17911","post","type-post","status-publish","format-standard","has-post-thumbnail","hentry","category-desfavor-convidado"],"_links":{"self":[{"href":"https:\/\/www.desfavor.com\/blog\/wp-json\/wp\/v2\/posts\/17911","targetHints":{"allow":["GET"]}}],"collection":[{"href":"https:\/\/www.desfavor.com\/blog\/wp-json\/wp\/v2\/posts"}],"about":[{"href":"https:\/\/www.desfavor.com\/blog\/wp-json\/wp\/v2\/types\/post"}],"author":[{"embeddable":true,"href":"https:\/\/www.desfavor.com\/blog\/wp-json\/wp\/v2\/users\/4"}],"replies":[{"embeddable":true,"href":"https:\/\/www.desfavor.com\/blog\/wp-json\/wp\/v2\/comments?post=17911"}],"version-history":[{"count":0,"href":"https:\/\/www.desfavor.com\/blog\/wp-json\/wp\/v2\/posts\/17911\/revisions"}],"wp:featuredmedia":[{"embeddable":true,"href":"https:\/\/www.desfavor.com\/blog\/wp-json\/wp\/v2\/media\/17914"}],"wp:attachment":[{"href":"https:\/\/www.desfavor.com\/blog\/wp-json\/wp\/v2\/media?parent=17911"}],"wp:term":[{"taxonomy":"category","embeddable":true,"href":"https:\/\/www.desfavor.com\/blog\/wp-json\/wp\/v2\/categories?post=17911"},{"taxonomy":"post_tag","embeddable":true,"href":"https:\/\/www.desfavor.com\/blog\/wp-json\/wp\/v2\/tags?post=17911"}],"curies":[{"name":"wp","href":"https:\/\/api.w.org\/{rel}","templated":true}]}}