{"id":18033,"date":"2021-02-14T12:00:32","date_gmt":"2021-02-14T15:00:32","guid":{"rendered":"http:\/\/www.desfavor.com\/blog\/?p=18033"},"modified":"2021-02-14T05:21:03","modified_gmt":"2021-02-14T08:21:03","slug":"depoimento-relato-de-uma-estudante-presencial","status":"publish","type":"post","link":"https:\/\/www.desfavor.com\/blog\/2021\/02\/depoimento-relato-de-uma-estudante-presencial\/","title":{"rendered":"Depoimento: Relato de uma estudante presencial."},"content":{"rendered":"<div class=\"uk-card uk-card-default uk-card-body\"><strong>Desfavor Convidado<\/strong> \u00e9 a coluna onde os impopulares ganham voz aqui na Rep\u00fablica Impopular. Se voc\u00ea quiser tamb\u00e9m ter seu texto publicado por aqui, basta enviar para <a href=\"mailto:somir@desfavor.com\">somir@desfavor.com<\/a>.<\/div>\n<h3>Relato de uma estudante presencial na pandemia.<\/h3>\n<p>Por ser mais nova que a m\u00e9dia de leitores do Desfavor, eu sempre me senti um pouco deslocada. Acompanho o blog desde 2018 e nunca tive ideias de como contribuir: pedir temas, escrever coisas para um Desfavor Convidado ou mesmo comentar eram coisas impens\u00e1veis para mim; entretanto, nesse cen\u00e1rio de pandemia, eu finalmente saio do meu estado de leitora fantasma e compartilho o que vejo sendo uma estudante que tem que ir \u00e0s aulas presenciais.<!--more--><\/p>\n<p>J\u00e1 come\u00e7o dizendo que se voc\u00ea j\u00e1 viu aquelas propagandas de escolas desinfetando as mochilas dos alunos, medindo a temperatura, passando \u00e1lcool em gel em suas m\u00e3os e dizendo que a prote\u00e7\u00e3o \u00e9 impec\u00e1vel, isso \u00e9 uma meia verdade. Essas coisas de fato acontecem, mas voc\u00ea percebe qu\u00e3o inutilizadas essas medidas ficam quando nota que os funcion\u00e1rios respons\u00e1veis por isso \u00e0s vezes est\u00e3o com a m\u00e1scara com o nariz descoberto! E isso est\u00e1 longe de ser uma raridade; h\u00e1 mais funcion\u00e1rios com m\u00e1scara mal usada do que os pr\u00f3prios estudantes, embora estes tamb\u00e9m carreguem sua parcela de culpa. <\/p>\n<p>Subindo as escadas e olhando de relance, a mesma paisagem se repete em todos os andares: alunos pr\u00f3ximos uns dos outros, n\u00e3o raramente se abra\u00e7ando e com as m\u00e1scaras mal usadas ou mesmo ausentes. Alguns desses alunos, se n\u00e3o me falha a mem\u00f3ria, eram os mesmos que foram de sala em sala avisando sobre os riscos do coronav\u00edrus no in\u00edcio da pandemia. Eles s\u00f3 se afastam e arrumam a m\u00e1scara quando o monitor, um homem j\u00e1 em seus 30-40 anos que N\u00c3O usa m\u00e1scara em momento ALGUM \u2014 apenas um daqueles pl\u00e1sticos que se coloca no rosto \u2014 chega e diz pra eles tomarem jeito. Isso \u00e9 t\u00e3o irrespons\u00e1vel! Isso \u00e9 t\u00e3o hip\u00f3crita! Isso \u00e9 t\u00e3o BRASIL!<\/p>\n<p>Quando se entra na sala de aula, eis o pesadelo: os alunos nos corredores se multiplicam em dez vezes e alguns conversam um perto do outro sem m\u00e1scara; se a usam, a tiram pelos motivos mais est\u00fapidos poss\u00edveis: j\u00e1 vi V\u00c1RIOS casos de alunos que tiram a m\u00e1scara pra fazer v\u00eddeos do Tik Tok. Por que exatamente eles precisam tirar a prote\u00e7\u00e3o pra gravar v\u00eddeos? N\u00e3o sei, n\u00e3o entendo e acho mais prov\u00e1vel ser uma desculpa imbecil. Esses mesmos alunos deixam as cadeiras umas perto das outras, nunca usam o \u00e1lcool em gel que a escola disponibiliza ou trazem o pr\u00f3prio, est\u00e3o sempre a dizer que as coisas est\u00e3o melhorando, que a pandemia est\u00e1 pr\u00f3xima de seu fim&#8230; enfim, uma bagun\u00e7a total. O caso mais curioso \u00e9 de um garoto que pegou covid h\u00e1 mais ou menos um m\u00eas, ficou de cama com uma febre alt\u00edssima \u2014 achei justo, ele fez pouco da morte do tio de uma amiga \u2014, pediu ora\u00e7\u00f5es, falou que tinha medo de matar um dos familiares e agora que est\u00e1 bem, n\u00e3o hesita em dizer que sai mesmo, que as v\u00edtimas de covid morrem porque Deus havia decidido que j\u00e1 era hora. A empatia do brasileiro s\u00f3 dura enquanto a doen\u00e7a causa sofrimento.<\/p>\n<p>Al\u00e9m do grupo dos irrespons\u00e1veis (que s\u00e3o a maioria), h\u00e1 tamb\u00e9m os que v\u00e3o porque n\u00e3o podem escolher, os que t\u00eam consci\u00eancia do perigo do v\u00edrus e tentam tomar o m\u00e1ximo de prote\u00e7\u00e3o poss\u00edvel. Como exemplo para esse pequeno grupo, cito uma amiga: ela tem asma (e a escola n\u00e3o fez nada para impedir que fosse mandada), quase toda a fam\u00edlia est\u00e1 em algum grupo de risco e \u00e9 pr\u00e9-diab\u00e9tica. Toda vez que algu\u00e9m tira a m\u00e1scara, pode-se ver um terror indescrit\u00edvel em seus olhos. Eu n\u00e3o a culpo por estar assustada, parte dos amigos dela a p\u00f5em em perigo. Ela era a pessoa mais alegre de meu c\u00edrculo social, agora estou preocupada cada dia mais com sua sa\u00fade mental. Mas a maioria n\u00e3o liga. Por qu\u00ea? Porque como n\u00e3o est\u00e3o em grupo de risco, se acham imunes \u00e0 doen\u00e7a. Deixem a colega perder mais e mais da sa\u00fade mental! A deixem morrer! Ou melhor: deixem TODA a fam\u00edlia dela morrer! Deus queria, n\u00e3o? Se ela morrer, \u00e9 porque Deus quis! <\/p>\n<p>Francamente, essa situa\u00e7\u00e3o n\u00e3o me passa pela cabe\u00e7a sem pensar que apenas algu\u00e9m muito doente ou muito perigoso pode ser capaz de tal insensibilidade. N\u00e3o queria ofender minha p\u00e1tria assim, mas tenho a impress\u00e3o que vivemos num pa\u00eds de psicopatas.<\/p>\n<p>Os professores s\u00e3o os menos piores, mas alguns tamb\u00e9m fazem parte do problema. Um deles ficou um dia inteiro dando aula sem m\u00e1scara sob a desculpa de que era mais f\u00e1cil falar sem a prote\u00e7\u00e3o. Quando a coordenadora chegava, ele colocava a m\u00e1scara; quando saia, tirava-a imediatamente. Um detalhe para aliviar um pouco do peso desse texto: ele s\u00f3 come\u00e7ou a usar m\u00e1scara porque uma pequena parte dos alunos que estavam na parte online se juntou e spammou mais de 400 mensagens com todo tipo de piada e esculhamba\u00e7\u00e3o no chat vis\u00edvel por toda a sala. N\u00e3o costumo compactuar com desrespeito ao professor, mas esse foi mais que merecido. <\/p>\n<p>Por outro lado, a maioria dos professores (principalmente os mais velhos) d\u00e3o a aula num tom de hesita\u00e7\u00e3o, como se n\u00e3o quisessem estar ali. \u00c9 justo, just\u00edssimo. Eles praticamente n\u00e3o puderam contestar quando as aulas voltaram e, assim como a minha amiga, cada ida \u00e0 escola \u00e9 uma roleta russa com a natureza.<\/p>\n<p>Enfim, meu depoimento acaba aqui. Eu tenho medo de morrer ou ter sequelas antes de sequer chegar ao ensino m\u00e9dio, eu tenho medo de matar meus pais, eu tenho medo de matar minha amiga; desde que essa pandemia come\u00e7ou, eu tenho medo de tudo. Por favor, mantenham seus filhos no ensino online, n\u00e3o os fa\u00e7am passar por tal sentimento de terror, ningu\u00e9m merece isso.<\/p>\n<p>Se cuidem.<br \/>\n<strong>Isolde<\/strong><\/p>\n","protected":false},"excerpt":{"rendered":"<p>Desfavor Convidado \u00e9 a coluna onde os impopulares ganham voz aqui na Rep\u00fablica Impopular. Se voc\u00ea quiser tamb\u00e9m ter seu texto publicado por aqui, basta enviar para <a href=\"mailto:somir@desfavor.com\">somir@desfavor.com<\/a>. Relato de uma estudante presencial na pandemia. Por ser mais nova que a m\u00e9dia de leitores do Desfavor, eu sempre me senti um pouco deslocada. Acompanho o [&hellip;]<\/p>\n","protected":false},"author":4,"featured_media":18035,"comment_status":"open","ping_status":"open","sticky":false,"template":"","format":"standard","meta":{"footnotes":""},"categories":[28],"tags":[],"class_list":["post-18033","post","type-post","status-publish","format-standard","has-post-thumbnail","hentry","category-desfavor-convidado"],"_links":{"self":[{"href":"https:\/\/www.desfavor.com\/blog\/wp-json\/wp\/v2\/posts\/18033","targetHints":{"allow":["GET"]}}],"collection":[{"href":"https:\/\/www.desfavor.com\/blog\/wp-json\/wp\/v2\/posts"}],"about":[{"href":"https:\/\/www.desfavor.com\/blog\/wp-json\/wp\/v2\/types\/post"}],"author":[{"embeddable":true,"href":"https:\/\/www.desfavor.com\/blog\/wp-json\/wp\/v2\/users\/4"}],"replies":[{"embeddable":true,"href":"https:\/\/www.desfavor.com\/blog\/wp-json\/wp\/v2\/comments?post=18033"}],"version-history":[{"count":0,"href":"https:\/\/www.desfavor.com\/blog\/wp-json\/wp\/v2\/posts\/18033\/revisions"}],"wp:featuredmedia":[{"embeddable":true,"href":"https:\/\/www.desfavor.com\/blog\/wp-json\/wp\/v2\/media\/18035"}],"wp:attachment":[{"href":"https:\/\/www.desfavor.com\/blog\/wp-json\/wp\/v2\/media?parent=18033"}],"wp:term":[{"taxonomy":"category","embeddable":true,"href":"https:\/\/www.desfavor.com\/blog\/wp-json\/wp\/v2\/categories?post=18033"},{"taxonomy":"post_tag","embeddable":true,"href":"https:\/\/www.desfavor.com\/blog\/wp-json\/wp\/v2\/tags?post=18033"}],"curies":[{"name":"wp","href":"https:\/\/api.w.org\/{rel}","templated":true}]}}