{"id":18072,"date":"2021-02-23T12:54:59","date_gmt":"2021-02-23T15:54:59","guid":{"rendered":"http:\/\/www.desfavor.com\/blog\/?p=18072"},"modified":"2021-02-23T12:54:59","modified_gmt":"2021-02-23T15:54:59","slug":"faq-coronavirus-12","status":"publish","type":"post","link":"https:\/\/www.desfavor.com\/blog\/2021\/02\/faq-coronavirus-12\/","title":{"rendered":"FAQ: Coronav\u00edrus &#8211; 12"},"content":{"rendered":"<p><strong>Tem muitos termos que s\u00e3o usados de forma diferente e eu nunca tenho certeza do que significam. Voc\u00ea pode fazer um r\u00e1pido dicion\u00e1rio do coronav\u00edrus?<\/strong><\/p>\n<p>Sim. De fato, n\u00f3s tamb\u00e9m fazemos isso. Neste momento, a preocupa\u00e7\u00e3o de qualquer texto n\u00e3o cient\u00edfico \u00e9 se fazer entender e, para isso, muitas vezes n\u00f3s ou outros n\u00e3o citamos os termos mais corretos e sim os mais palat\u00e1veis e mais f\u00e1ceis de entender. Vamos a um r\u00e1pido gloss\u00e1rio dos termos corretos:<\/p>\n<p>Sars-CoV-2: \u00c9 o nome do v\u00edrus que causa a doen\u00e7a<br \/>\nCovid-19: \u00c9 o nome oficial da doen\u00e7a<!--more--><\/p>\n<p>Normalmente n\u00f3s nos referimos a ambos pela designa\u00e7\u00e3o gen\u00e9rica de \u201cCoronav\u00edrus\u201d, que n\u00e3o \u00e9 t\u00e9cnico, mas \u00e9 o nome que \u00e9 mais compreendido e buscado pelas pessoas quando querem informa\u00e7\u00f5es sobre o assunto. E nosso interesse \u00e9 que as pessoas recebam informa\u00e7\u00f5es sobre o assunto.<\/p>\n<p>RNA: \u00e9 o material gen\u00e9tico do v\u00edrus, tamb\u00e9m chamado \u00e1cido ribonucleico. \u00c9 como se fosse um DNA, mas, por ser de um v\u00edrus, se chama RNA. \u00c9 a ferramenta usada pelo v\u00edrus para se replicar e infectar: ele \u201csequestra\u201d uma c\u00e9lula humana e introduz seu material gen\u00e9tico nela, transformando uma c\u00e9lula nossa em uma \u201cc\u00e9lula do v\u00edrus\u201d, espalhando-se pelo nosso organismo.<\/p>\n<p>Muta\u00e7\u00f5es: O processo de infec\u00e7\u00e3o do v\u00edrus, introduzindo seu RNA nas nossas c\u00e9lulas, \u00e9 repetido tantas vezes que fatalmente, em algumas delas ocorrem erros: \u00e9 como se voc\u00ea copiasse um texto milh\u00f5es de vezes: em algumas delas fatalmente existir\u00e3o erros de digita\u00e7\u00e3o. Isso cria um v\u00edrus muito parecido, mas n\u00e3o id\u00eantico ao original. Esses erros na transcri\u00e7\u00e3o do RNA viral se chamam \u201cmuta\u00e7\u00f5es\u201d. As muta\u00e7\u00f5es dependendo de onde aconte\u00e7am, podem n\u00e3o fazer a menor diferen\u00e7a ou podem fazer toda a diferen\u00e7a.<\/p>\n<p>Variantes: S\u00e3o os novos v\u00edrus que cont\u00e9m as muta\u00e7\u00f5es acima, ou seja, no exemplo dos textos que eu citei, s\u00e3o os textos que sa\u00edram com algum erro de digita\u00e7\u00e3o. S\u00e3o muito parecidos com os originais, mas n\u00e3o s\u00e3o iguais.<\/p>\n<p>Cepa: Se uma variante \u00e9 um erro de digita\u00e7\u00e3o, uma cepa \u00e9 um erro de digita\u00e7\u00e3o que muda completamente o sentido do texto que voc\u00ea transcreveu. Por exemplo, se no seu texto voc\u00ea escreveu \u201cbife \u00e0 mlilanesa\u201d, tem um erro, mas n\u00e3o mudou estruturalmente seu texto. Mas, se voc\u00ea escreve \u201cbife alinamesa\u201d o significado mudou. <\/p>\n<p>Essas s\u00e3o as cepas, s\u00e3o variantes que mostram propriedades f\u00edsicas diferentes, que se comportam de maneira diferente, que representa uma mudan\u00e7a real e significativa em rela\u00e7\u00e3o ao v\u00edrus original. Algumas n\u00e3o impactam nossa vida, mas outras sim. Todas as cepas s\u00e3o variantes, mas nem todas as variantes s\u00e3o cepas. <\/p>\n<p>Variantes preocupantes: s\u00e3o as cepas que sofreram uma modifica\u00e7\u00e3o justamente em um ponto onde afeta o ser humano: tornar o v\u00edrus mais letal, mais contagioso, menos suscet\u00edvel a vacinas, etc.<\/p>\n<p>Variante inglesa (ou de qualquer outro pa\u00eds): \u00c9 um termo considerado incorreto e n\u00e3o deve ser utilizado. Variante da \u00c1frica do Sul, Variante de Manaus&#8230; O ideal \u00e9 usar o nome da variante, geralmente composto pode uma letra e um n\u00famero: a da Inglaterra \u00e9 a B117, a de Manaus \u00e9 a P1 e a da \u00c1frica do Sul \u00e9 a B1351. <\/p>\n<p>A orienta\u00e7\u00e3o de chamar as variantes por seus nomes (em vez de vincul\u00e1-las a pa\u00edses ou cidades) ocorre por dois motivos: 1) para evitar preconceitos e estigmas em uma \u00e9poca em que o v\u00edrus est\u00e1 bastante politizado e 2) para n\u00e3o cometer injusti\u00e7as, uma vez que a variante pode ser detectada em um pa\u00eds, mas n\u00e3o ser de l\u00e1, ter nascido em outro pa\u00eds. <\/p>\n<p>Um exemplo: a variante de Manaus n\u00e3o foi descoberta no Brasil, ela foi detectada no Jap\u00e3o, analisando japoneses infectados que retornavam do Brasil. Felizmente o Jap\u00e3o pescou essa variante antes que ela se espalhe e conseguiu perceber que ela vinha do Brasil, caso contr\u00e1rio, quando ela se alastrasse por l\u00e1, acabaria virando a \u201cvariante japonesa\u201d. <\/p>\n<p>Em contrapartida, o problema de chamar as variantes pelo nome tamb\u00e9m s\u00e3o dois: 1) o processo de identificar e dar nome \u00e0 variante demora (\u00e0s vezes semanas), e \u00e9 preciso conversar sobre ela o mais r\u00e1pido poss\u00edvel, ent\u00e3o, para conseguir falar no assunto, se improvisa usa a designa\u00e7\u00e3o de pa\u00eds e 2) \u00e9 improv\u00e1vel que leigos lembrem de todas as letras e n\u00fameros das variantes, as pessoas n\u00e3o est\u00e3o familiarizadas com esse tipo de designa\u00e7\u00e3o. <\/p>\n<p>Por isso, mesmo sendo \u201cerrado\u201d e n\u00e3o recomendado, n\u00f3s continuamos usando os nomes populares das variantes, relacionados ao local de onde elas surgiram ou foram identificadas.<\/p>\n<p>O nome das vacinas tamb\u00e9m \u00e9 um balaio de gatos: hora a gente chama pelo nome do fabricante, hora pelo lugar onde ela foi desenvolvida&#8230; uma baita confus\u00e3o. Vamos estabelecer um crit\u00e9rio e explicar quais s\u00e3o as vacinas, partindo do nome oficial de cada uma delas.<\/p>\n<ul>\n<li><strong>Vacina Cominarty<\/strong> \u2013 Desenvolvida pelas empresas Pfizer(dos EUA), BioNTech (da Alemanha) e Fosun Pharma (China). Conhecida como \u201cVacina da Pfizer\u201d.<\/li>\n<li><strong>Vacina mRNA-1273<\/strong> \u2013 Desenvolvida pela biotecnologia Moderna Therapeutics, Instituto Nacional de Alergia e Doen\u00e7as Infecciosas dos EUA (NIAID) e Autoridade de Pesquisa Avan\u00e7ada e Desenvolvimento Biom\u00e9dico dos EUA (BARDA), conhecida como \u201cVacina da Moderna\u201d.<\/li>\n<li><strong>Vacina Coronavac<\/strong> \u2013 Desenvolvida pela  Companhia Biofarmac\u00eautica Sinovac da China, conhecida como \u201cCoronavac\u201d.<\/li>\n<li><strong>Vacina Covishield<\/strong> \u2013 Desenvolvida pela Universidade de Oxford e a companhia farmac\u00eautica AstraZeneca (Reino Unido), conhecida como \u201cVacina de Oxford\u201d.<\/li>\n<li><strong>Vacina Sputnik V<\/strong> \u2013 Desenvolvida pelo Instituto de Pesquisa em Epidemiologia e Microbiologia de Gamaleya da R\u00fassia. Conhecida como \u201cVacina Russa\u201d ou \u201cSputnik\u201d.<\/li>\n<li><strong>Vacina Covaxin<\/strong> \u2013 Desenvolvida pela empresa Bharat Biotech da \u00cdndia e o Conselho Indiano de Pesquisa M\u00e9dica (ICMR), conhecida como \u201cVacina Indiana\u201d.<\/li>\n<li><strong>Vacina BBIBP-CorV<\/strong> \u2013 Desenvolvida pela Sinopharm da China com o Instituto de Produtos Biol\u00f3gicos de Beijing e o Instituto de Produtos Biol\u00f3gicos de Wuhan, conhecida como \u201cVacina da Sinopharm\u201d.<\/li>\n<li><strong>Vacina Ad26.COV2.S<\/strong> \u2013 Desenvolvida pela empresa Janssen-Cilag, empresa farmac\u00eautica que comp\u00f5e o grupo Johnson &#038; Johnson, conhecida como \u201cVacina da Johnson\u201d ou \u201cVacina da Janssen\u201d.<\/li>\n<\/ul>\n<p>Se ficou faltando alguma coisa, deixa l\u00e1 nos coment\u00e1rios que a gente responde.<\/p>\n<hr \/>\n<p><strong>A OMS foi \u00e0 China investigar o surgimento do v\u00edrus. O que eles acharam?<\/strong><\/p>\n<p>O relat\u00f3rio ainda n\u00e3o foi publicado. Houve apenas uma confer\u00eancia de imprensa sobre o relat\u00f3rio onde alguns assuntos foram tratados. Vamos resumir aqui para voc\u00eas.<\/p>\n<p>A primeira conclus\u00e3o que foi divulgada \u00e9 que o coronav\u00edrus \u00e9 de origem animal, ou seja, n\u00e3o foi criado por ningu\u00e9m em um laborat\u00f3rio, muito menos idealizado por humanos como uma arma qu\u00edmica. Veio da natureza.<\/p>\n<p>Sim, conspiradores apegados \u00e0 sua teoria dir\u00e3o que a OMS mente, assim como dizem que a Globo mente para justificar a manuten\u00e7\u00e3o de suas teorias da conspira\u00e7\u00e3o. S\u00f3 que, quando para sustentar sua teoria, o mundo inteiro tem que estar mentindo o tempo todo, \u00e9 hora de procurar ajuda psiqui\u00e1trica.<\/p>\n<p>Havia cientistas de v\u00e1rios pa\u00edses do mundo nessa investiga\u00e7\u00e3o (alguns nada amigos da China) e os dados est\u00e3o todos compilados, explicados e detalhados em um relat\u00f3rio que ser\u00e1 disponibilizado para cientistas do mundo todo. \u00c9 bastante improv\u00e1vel que uma mentira se sustente com esse n\u00edvel de transpar\u00eancia, sobretudo em um assunto que \u00e9 de interesse mundial. Ent\u00e3o, menos, bem, menos.<\/p>\n<p>Vale fazer uma ressalva aqui: quando dizemos que o coronav\u00edrus \u00e9 de origem animal, isso quer dizer que ele n\u00e3o foi manipulado geneticamente, criado pelo ser humano. Mas isso n\u00e3o significa que n\u00e3o possa ter algum laborat\u00f3rio envolvido. J\u00e1 aconteceu outras vezes de laborat\u00f3rios \u201ccapturarem\u201d v\u00edrus que surgiram na natureza para estud\u00e1-los e, por um erro de algu\u00e9m, esse v\u00edrus acaba saindo do laborat\u00f3rio, de forma acidental. Essa hip\u00f3tese ainda n\u00e3o foi descartada, apesar de ser considerada improv\u00e1vel.<\/p>\n<p>Tamb\u00e9m se concluiu que o corona n\u00e3o surgiu pela primeira vez no mercado de Wuhan. N\u00e3o se tem absoluta certeza de onde ele veio, mas se aponta como origem mais prov\u00e1vel um \u201creservat\u00f3rio natural\u201d (o v\u00edrus estava originalmente em outros animais e depois pulou para seres humanos). O motivo pelo qual eles acreditam que n\u00e3o veio do mercado de Wuhan \u00e9 a forma como o v\u00edrus j\u00e1 estava adaptado aos humanos quando pulou de bicho para gente.<\/p>\n<p>Normalmente um v\u00edrus \u201cnovo\u201d, que acabou de pular de um bicho para uma pessoa, n\u00e3o consegue infectar com tanta efic\u00e1cia, ele precisa de um tempo consider\u00e1vel para se adaptar ao organismo humano. S\u00e3o necess\u00e1rias muitas muta\u00e7\u00f5es (e, consequentemente, muitos cont\u00e1gios), para que o v\u00edrus v\u00e1 se aperfei\u00e7oando e aprendendo a infectar cada vez melhor o hospedeiro humano.<\/p>\n<p>Isso leva tempo. \u00c9 improv\u00e1vel, segundo o relat\u00f3rio, que logo no primeiro cont\u00e1gio o coronav\u00edrus tenha performado t\u00e3o bem e causado uma pandemia em algumas semanas. Por isso, se acredita que o v\u00edrus j\u00e1 estava circulando antes de Wuhan, apenas \u201cficou famoso\u201d quando chegou \u00e0 cidade. Na real, ainda n\u00e3o se sabe onde ele surgiu (ou seja, onde foi que ele pulou de um bicho para humanos), pode ser que nem tenha sido na China, mas, pela forma como o bichinho performou, \u00e9 prov\u00e1vel que estivesse em humanos muito antes do que imaginamos.<\/p>\n<p>Ent\u00e3o, basicamente, a China n\u00e3o \u00e9 um pa\u00eds malvado que criou um v\u00edrus letal em laborat\u00f3rio como arma biol\u00f3gica. Sim, cometeu muitos erros mentindo e omitindo dados no come\u00e7o da pandemia (e deve pagar bem caro por eles), mas pode ser que o coronav\u00edrus nem seja origin\u00e1rio de l\u00e1. Agora tem que esperar pela publica\u00e7\u00e3o do relat\u00f3rio. Estamos de olho.<\/p>\n<hr \/>\n<p><strong>O que deu errado em Portugal? \u00c9 um pa\u00eds europeu que se cuidou muito e agora est\u00e1 enfrentando s\u00e9rios problemas.<\/strong><\/p>\n<p>Eu discordo de voc\u00ea em dois pontos: 1) para mim Portugal n\u00e3o \u00e9 um pa\u00eds europeu, \u00e9 \u00c1frica do Norte e 2) o pa\u00eds n\u00e3o se cuidou muito, fez uma sequ\u00eancia de escolhas suicidas.<\/p>\n<p>Na primeira onda de covid Portugal fez tudo certo, em parte por consci\u00eancia, em parte pelo desejo de ser a \u201cFl\u00f3rida da Europa\u201d, mostrando ao mundo que eles s\u00e3o um pa\u00eds apto a receber aposentados do mundo todo e cuidar bem deles. <\/p>\n<p>Um r\u00e1pido contexto: o sal\u00e1rio-m\u00ednimo de Portugal \u00e9 um dos menores da Europa, ent\u00e3o, a maioria dos jovens que pegam o diploma v\u00e3o para outro pa\u00eds da Uni\u00e3o Europeia trabalhar, pois ganham muito mais fora do pa\u00eds. Isso fez com que Portugal fique economicamente focado em aposentados e em turismo para conseguir sobreviver. S\u00f3 que 2020 n\u00e3o era ano para turismo, foda-se o quanto isso fosse importante para a economia. Mas, eles bolsonarizaram e resolveram priorizar a economia, abrindo para turismo.<\/p>\n<p>N\u00e3o precisa ser g\u00eanio para saber que abrir para turismo no ver\u00e3o 2020\/2021 ia acabar mal, n\u00e3o venham me dizer que n\u00e3o era previs\u00edvel o rebosteio que aconteceu. Mas, mesmo assim, Portugal decidiu que n\u00e3o poderia abrir m\u00e3o do dinheiro dos turistas. Acabou abrindo mais do que deveria para esta atividade. <\/p>\n<p>Some-se a isso o fato do pa\u00eds incentivar a moradia de idosos e ver uma popula\u00e7\u00e3o mais velha (portanto, mais vulner\u00e1vel ao covid) e voc\u00ea tem um princ\u00edpio de tsunami se formando. Um pa\u00eds com uma grande parcela da popula\u00e7\u00e3o idosa tem que tomar muito mais cuidado do que os demais e Portugal n\u00e3o o fez, ainda mais quando seus vizinhos est\u00e3o passando por maus momentos. Uma hora o covid chega at\u00e9 voc\u00ea.<\/p>\n<p>Para colocar uma cereja nesse sundae irrespons\u00e1vel, Portugal n\u00e3o adotou medidas muito rigorosas para conter as aglomera\u00e7\u00f5es de final de ano, principalmente do Natal, quando foi permitido transitar por todo o territ\u00f3rio nacional e n\u00e3o se imp\u00f4s um limite ao n\u00famero de pessoas que poderiam se reunir. Tamb\u00e9m vale lembrar que Natal por l\u00e1 ocorre durante o inverno, o que obriga as pessoas a estarem em ambientes fechados e sem ventila\u00e7\u00e3o.<\/p>\n<p>Para completar, a nova cepa brit\u00e2nica j\u00e1 se espalhou por l\u00e1 e a popula\u00e7\u00e3o, al\u00e9m de ter muitos idosos, tem muitos fumantes. Tsunami formada. Est\u00e1 pronta a receita explosiva de como conseguir estra\u00e7alhar seu sistema de sa\u00fade mesmo estando dentro da Europa. Parab\u00e9ns aos envolvidos e meus p\u00easames aos portugueses, que pagam em euro para ver uma administra\u00e7\u00e3o digna de Brasil em seu pa\u00eds. S\u00f3 n\u00e3o teve as macaquices do Bolsonaro, mas a incompet\u00eancia foi a mesma. E se voc\u00ea acha que n\u00e3o, os n\u00fameros n\u00e3o negam.<\/p>\n<p>A situa\u00e7\u00e3o de Portugal hoje, segundo a pr\u00f3pria imprensa portuguesa, n\u00e3o \u00e9 nada boa. J\u00e1 h\u00e1 relato de colapso em hospitais, falta de m\u00e9dicos e falta de insumos. S\u00f3 que eles s\u00e3o brasileiros que vivem na Uni\u00e3o Europeia, ent\u00e3o, recebem socorro r\u00e1pido a e coisa n\u00e3o chega no grau de calamidade p\u00fablica que chega no Brasil. N\u00e3o fosse pela Uni\u00e3o Europeia limpando a bunda do pa\u00eds e socorrendo com dinheiro, m\u00e3o de obra e insumos, a situa\u00e7\u00e3o estaria muito parecida com a do Brasil. N\u00e3o saem rosas de um pimenteiro, n\u00e3o \u00e9 mesmo?<\/p>\n<p>M\u00e9dicos de outros pa\u00edses da Europa (como por exemplo Fran\u00e7a e Alemanha) est\u00e3o sendo enviados, assim como insumos (inclusive respiradores), testes e outros materiais. Pacientes est\u00e3o sendo transferidos para outros pa\u00edses tamb\u00e9m (como, por exemplo, para a \u00c1ustria). Infelizmente isso n\u00e3o impede que longas filas de ambul\u00e2ncia se formem na porta de hospitais e pacientes graves tenham que esperar horas para receber um atendimento, muitos falecendo durante essa espera. Brasil Raiz.<\/p>\n<p>S\u00f3 para citar um n\u00famero (s\u00e3o muitos os que comprovam a dana\u00e7\u00e3o profunda na qual o pa\u00eds est\u00e1), em 28 de janeiro, Portugal registrou 16.432 novos casos de covid em um \u00fanico dia. N\u00e3o parece muito para os n\u00fameros que estamos acostumados a ver, mas se transladarmos esses n\u00fameros proporcionalmente, seria como se o Brasil registrasse 340 mil infectados em um dia.<\/p>\n<p>Se algu\u00e9m te disse que o sistema de sa\u00fade portugu\u00eas \u00e9 maravilhoso e atende bem, pense duas vezes. Nas emerg\u00eancias dos hospitais, onde pacientes s\u00e3o classificados com pulseiras em diferentes cores conforme a necessidade de pronto atendimento (Protocolo de Manchester) \u00e9 poss\u00edvel ver pacientes com pulseira laranja (a pessoa est\u00e1 grave e deve ser atendida em, no m\u00e1ximo 50 minutos) e pulseira vermelha (a pessoa est\u00e1 muito grave e deve ser atendida em, no m\u00e1ximo dez minutos) esperando 7 horas por atendimento. Algumas, obviamente, n\u00e3o resistem e morrem durante a espera. E n\u00e3o estamos falando de cidadezinha de interior, estamos falando da capital.<\/p>\n<p>Pode ser algo \u201cesperado\u201d de um pa\u00eds latino-americano, mas \u00e9 uma grande cagada em um pa\u00eds europeu, o padr\u00e3o ali deveria ser bem mais alto. Eles tinham todas as condi\u00e7\u00f5es de evitar que isso aconte\u00e7a: tinham a informa\u00e7\u00e3o, tinham os recursos, tinham os pa\u00edses vizinhos dando o exemplo. Mas a gan\u00e2ncia de abrir para turismo e faturar uns trocados somada \u00e0 imbecilidade religiosa de dar uma import\u00e2ncia sobrenatural ao Natal est\u00e3o matando os portugueses como moscas.<\/p>\n<p>Uma f\u00f3rmula matem\u00e1tica para voc\u00eas: relaxamento de isolamento social + nova cepa mais contagiosa = trag\u00e9dia. Se cuida, Brasil.<\/p>\n<p>Um conselho que ningu\u00e9m perguntou, mas eu vou dar mesmo assim: se n\u00e3o est\u00e1 feliz na filial, n\u00e3o v\u00e1 para a matriz. Se for para largar toda sua vida, amigos, trabalho e familiares, que seja para ir para um lugar muito bom ou que te fa\u00e7a muito feliz. Largar tudo para ir para Portugal \u00e9 um erro horr\u00edvel. Digo isso pois \u00e9 um erro horr\u00edvel que eu quase cometi (pior: quase cometi ciente de que era um erro horr\u00edvel). N\u00e3o fa\u00e7a isso com voc\u00ea mesmo.<\/p>\n<p class=\"uk-background-muted uk-padding\">Para se ofender pela minha opini\u00e3o sobre Portugal, para dizer que de fato n\u00e3o saem rosas de um pimenteiro ou ainda para perguntar por qual motivo colocam nomes t\u00e3o merdas nas vacinas: <a href=\"mailto:sally@desfavor.com\">sally@desfavor.com<\/a> <\/p>\n","protected":false},"excerpt":{"rendered":"<p>Tem muitos termos que s\u00e3o usados de forma diferente e eu nunca tenho certeza do que significam. Voc\u00ea pode fazer um r\u00e1pido dicion\u00e1rio do coronav\u00edrus? Sim. De fato, n\u00f3s tamb\u00e9m fazemos isso. Neste momento, a preocupa\u00e7\u00e3o de qualquer texto n\u00e3o cient\u00edfico \u00e9 se fazer entender e, para isso, muitas vezes n\u00f3s ou outros n\u00e3o citamos [&hellip;]<\/p>\n","protected":false},"author":2,"featured_media":16908,"comment_status":"open","ping_status":"open","sticky":false,"template":"","format":"standard","meta":{"footnotes":""},"categories":[26],"tags":[],"class_list":["post-18072","post","type-post","status-publish","format-standard","has-post-thumbnail","hentry","category-desfavor-bonus"],"_links":{"self":[{"href":"https:\/\/www.desfavor.com\/blog\/wp-json\/wp\/v2\/posts\/18072","targetHints":{"allow":["GET"]}}],"collection":[{"href":"https:\/\/www.desfavor.com\/blog\/wp-json\/wp\/v2\/posts"}],"about":[{"href":"https:\/\/www.desfavor.com\/blog\/wp-json\/wp\/v2\/types\/post"}],"author":[{"embeddable":true,"href":"https:\/\/www.desfavor.com\/blog\/wp-json\/wp\/v2\/users\/2"}],"replies":[{"embeddable":true,"href":"https:\/\/www.desfavor.com\/blog\/wp-json\/wp\/v2\/comments?post=18072"}],"version-history":[{"count":0,"href":"https:\/\/www.desfavor.com\/blog\/wp-json\/wp\/v2\/posts\/18072\/revisions"}],"wp:featuredmedia":[{"embeddable":true,"href":"https:\/\/www.desfavor.com\/blog\/wp-json\/wp\/v2\/media\/16908"}],"wp:attachment":[{"href":"https:\/\/www.desfavor.com\/blog\/wp-json\/wp\/v2\/media?parent=18072"}],"wp:term":[{"taxonomy":"category","embeddable":true,"href":"https:\/\/www.desfavor.com\/blog\/wp-json\/wp\/v2\/categories?post=18072"},{"taxonomy":"post_tag","embeddable":true,"href":"https:\/\/www.desfavor.com\/blog\/wp-json\/wp\/v2\/tags?post=18072"}],"curies":[{"name":"wp","href":"https:\/\/api.w.org\/{rel}","templated":true}]}}