{"id":18125,"date":"2021-03-04T12:00:32","date_gmt":"2021-03-04T15:00:32","guid":{"rendered":"http:\/\/www.desfavor.com\/blog\/?p=18125"},"modified":"2021-03-04T10:34:34","modified_gmt":"2021-03-04T13:34:34","slug":"faq-coronavirus-14","status":"publish","type":"post","link":"https:\/\/www.desfavor.com\/blog\/2021\/03\/faq-coronavirus-14\/","title":{"rendered":"FAQ: Coronav\u00edrus &#8211; 14"},"content":{"rendered":"<p><strong>Como foi que chegamos aonde chegamos? Alguns culpam o governo, outros culpam a nova variante, outros culpam a geografia. O que deu t\u00e3o errado? Como resolver?<\/strong><\/p>\n<p>A culpa nunca \u00e9 de um s\u00f3. \u00c9 do Fator Brasil: um povo ignorante, arrogante e irrespons\u00e1vel somado a um governo com as mesmas caracter\u00edsticas.<!--more--><\/p>\n<p>Quem \u00e9 leitor do Desfavor sabe que a gente est\u00e1 gritando h\u00e1 meses que v\u00edrus respirat\u00f3rios geralmente voltam em uma segunda onda ainda pior, que v\u00edrus que tem muita transmiss\u00e3o tamb\u00e9m tem mais oportunidade de sofrer muta\u00e7\u00f5es e que uma delas poderia piorar em muito a pandemia e, principalmente, que n\u00e3o existe \u201ceu\u201d em pandemia. <\/p>\n<p>N\u00e3o existe \u201cminha\u201d sa\u00fade mental, n\u00e3o existe \u201cmeu\u201d filho tem que voltar \u00e0s aulas, n\u00e3o existe \u201ceu\u201d tenho o direito de correr o risco. Ou todos colaboram, ou todos afundam juntos. Sua sa\u00fade mental n\u00e3o pode colocar o mundo em risco de vida, \u00e9 t\u00e3o dif\u00edcil de entender?<\/p>\n<p>Quando o pico do ano passado acabou, as pessoas se descuidaram, com aval do Governo, que tem sim sua parcela de responsabilidade, mas nem de longe \u00e9 \u201co respons\u00e1vel\u201d por isso. Se voc\u00ea disse ou conhece algu\u00e9m que disse alguma dessas frases, a\u00ed est\u00e1 o cerne da responsabilidade para chegar aonde chegamos:<\/p>\n<p><em>\u201cTodo mundo vai pegar mesmo, vou pegar logo\u201d<br \/>\n\u201cPrefiro pegar logo e ficar imunizado\u201d<br \/>\n\u201cN\u00e3o sou do grupo de risco, n\u00e3o preciso ter tanta preocupa\u00e7\u00e3o\u201d<br \/>\n\u201c\u00c9 s\u00f3 uma gripezinha\u201d<br \/>\n\u201cS\u00f3 causa problema grave em idoso\u201d<br \/>\n\u201cMelhor alcan\u00e7ar logo a imunidade de rebanho\u201d<br \/>\n\u201cTenho que fazer tal coisa pela minha sa\u00fade mental\u201d<\/em><\/p>\n<p>Gra\u00e7as a essas pessoas, gra\u00e7as a essa mentalidade, o v\u00edrus circulou muito, sobretudo em Manaus, o que lhe permitiu uma infinidade de muta\u00e7\u00f5es. N\u00e3o se enganem, a variante P1 n\u00e3o surgiu um dia, por azar, ao acaso. Antes dela, muitas outras surgiram, n\u00e3o prosperaram e n\u00e3o se fizeram notar. Foi um bel\u00edssimo e longo trabalho de tentativa e erro do v\u00edrus at\u00e9 se aperfei\u00e7oar na P1, uma vers\u00e3o mais contagiosa, que burla mais facilmente o sistema imunol\u00f3gico e, ao que tudo indica, mais letal.<\/p>\n<p>Quem n\u00e3o entende como a ci\u00eancia funciona, viu que n\u00e3o subiam os casos ap\u00f3s a reabertura e relaxou: \u201co v\u00edrus est\u00e1 indo embora\u201d foi uma das frases que eu mais no segundo semestre de 2020. O v\u00edrus nunca esteve indo embora, ele estava se aprimorando. Mas, na cabe\u00e7a das pessoas, se abriu tudo, se as pessoas voltaram a circular e n\u00e3o aumentaram as mortes e as interna\u00e7\u00f5es de forma imediata, ent\u00e3o estava tudo bem e podia continuar saindo.<\/p>\n<p>Gra\u00e7as a esse erro de estrat\u00e9gia, se criaram as condi\u00e7\u00f5es ideais para que o v\u00edrus sofra uma muta\u00e7\u00e3o que o deixa absurdamente mais \u201cpotente\u201d e essa conta est\u00e1 come\u00e7ando a chegar agora. Eu disse \u201ccome\u00e7ando\u201d. Em algumas semanas voc\u00eas v\u00e3o ver no que d\u00e1 desafiar um v\u00edrus de forma irrespons\u00e1vel.<\/p>\n<p>Um dos fatores que agrava tudo \u00e9 essa mania de deixar para tomar atitude s\u00f3 quando d\u00e1 merda, o cl\u00e1ssico s\u00f3 aprender a nadar quando a \u00e1gua bate na bunda. Se o pa\u00eds estivesse mais preparado, poderia conter essa tsunami. Agora n\u00e3o d\u00e1 mais tempo. E dessa vez essa conta vai vir cara demais. <\/p>\n<p>N\u00e3o surgiu uma variante \u201cdo nada\u201d, n\u00e3o foi \u201cazar\u201d e n\u00e3o foi repentino, dava tempo de tomar medidas para evitar que ela se espalhe. Estima-se que a variante P1 esteja circulando desde outubro do ano passado, ou seja, se o pa\u00eds estivesse atento, teria percebido e contido seu espalhamento. Mas n\u00e3o, o Brasil permitiu, criando as condi\u00e7\u00f5es ideais para isso, o surgimento de um monstro e ainda permitiu que ele se espalhe, dentro do territ\u00f3rio nacional e para o mundo. <\/p>\n<p>\u00c9 um novo patamar: al\u00e9m de se destruir, al\u00e9m de fazer cagada dentro do seu territ\u00f3rio, agora conseguiram colocar a vida de todos os outros pa\u00edses em risco. Esta semana o \u201cThe Guardian\u201d classificou o Brasil como \u201camea\u00e7a mundial\u201d por espalhar variantes mortais e continuar permitindo que novas variantes ainda piores surjam. N\u00e3o \u00e9 bom ser visto como \u201camea\u00e7a mundial\u201d, o mundo tende a tomar provid\u00eancias contra \u201camea\u00e7as mundiais\u201d.<\/p>\n<p>Por hora, o que temos \u00e9 quase todos os pa\u00edses do mundo recusando a entrada de brasileiros e o coronav\u00edrus sendo chamado de \u201co novo v\u00edrus brasileiro\u201d ou \u201ca variante brasileira\u201d (a China agradece). Mas a tend\u00eancia \u00e9 que a paci\u00eancia dos outros pa\u00edses acabe em breve. Isso pode tomar v\u00e1rios caminhos, o mais agrad\u00e1vel seriam m\u00faltiplos embargos comerciais deixando o Brasil, olha que karma, com uma carinha de Cuba ou de \u201cNova Venezuela\u201d. Tripudiem da Argentina enquanto podem, em breve n\u00e3o poder\u00e3o mais.<\/p>\n<p>Quem agiu de acordo com essa mentalidade imbecil de \u201ctodo mundo vai pegar, foda-se, vou pegar logo\u201d tem tanta culpa quanto o Governo. Al\u00e9m de contribuir com a cria\u00e7\u00e3o de uma variante que hoje amea\u00e7a o mundo todo, tamb\u00e9m se colocou em risco de ter sequelas (mais de metade das pessoas que pegou vai ter alguma sequela a longo prazo) a troco de nada, pois agora pode pegar a P1 tamb\u00e9m, correndo o risco de morrer ou de mais sequelas. Lembra daquele \u201cpainel da vida\u201d rid\u00edculo, onde o Poder P\u00fablico divulgava os curados de covid? Pois \u00e9, ele n\u00e3o significa nada. Zerou o contador. Essas pessoas podem pegar covid novamente e ficar com novas sequelas.<\/p>\n<p>Mesmo depois de constatado o surgimento dessa variante mais transmiss\u00edvel e mais letal, que por sinal, foi percebida pelo Jap\u00e3o, pois se dependesse do Brasil talvez estivessem at\u00e9 agora sem entender o que est\u00e1 acontecendo, nada foi feito. As pessoas tinham a informa\u00e7\u00e3o e, em sua maioria, ningu\u00e9m se privou de nada. Centenas de pessoas em Manaus que sabiam estar contagiadas pegaram um avi\u00e3o e voaram para S\u00e3o Paulo ou para o Sul do pa\u00eds em busca de um atendimento m\u00e9dico melhor, disseminando esta porcaria por todo o territ\u00f3rio nacional. As pessoas n\u00e3o tiveram a consci\u00eancia de n\u00e3o viajar de avi\u00e3o e o Poder P\u00fablico n\u00e3o teve a consci\u00eancia de fiscalizar.<\/p>\n<p>Em todo o pa\u00eds, se priorizou vontades e necessidades individuais: o que \u201ceu\u201d acho, o que \u201ceu\u201d quero fazer, o que \u201ceu\u201d escolho sacrificar. A gente entende que para uma parcela da popula\u00e7\u00e3o que n\u00e3o tem a menor condi\u00e7\u00e3o de come\u00e7ar a entender como funciona a ci\u00eancia \u00e9 preciso uma lideran\u00e7a que os conduza e diga: \u201cvamos fazer isso aqui, goste voc\u00ea ou n\u00e3o, se n\u00e3o fizer vai perder aux\u00edlio, vai ser multado, vai ser preso\u201d. Isso faltou. Mas boa parte das pessoas tinha acesso \u00e0 informa\u00e7\u00e3o e condi\u00e7\u00f5es de entend\u00ea-la e, ainda assim escolheu fazer o que lhe impunha menos restri\u00e7\u00f5es, colocando em risco vidas no pa\u00eds e no mundo.<\/p>\n<p>Sinto muito dar esse tipo de informa\u00e7\u00e3o, mas agora o Brasil vai amargar algumas semanas duras de colapso no sistema de sa\u00fade e isso \u00e9 inevit\u00e1vel. Se um lockdown rigoroso come\u00e7asse hoje (e sabemos que n\u00e3o vai), demoraria cerca de 30 dias para vermos uma queda na demanda por atendimento m\u00e9dico, ou seja, na melhor das hip\u00f3teses, o pa\u00eds passaria pelo menos mais um m\u00eas no caos. Sabemos que vai ser mais.<\/p>\n<p>Hoje, no Brasil, qualquer pessoa que precise de atendimento m\u00e9dico-hospitalar corre o risco de morrer. N\u00e3o \u00e9 que n\u00e3o tem m\u00e9dico ou insumos para tratar pacientes de covid, n\u00e3o h\u00e1 essa separa\u00e7\u00e3o. N\u00e3o tem m\u00e9dico e medicamentos para ningu\u00e9m. Um acidente de carro, uma apendicite, um beb\u00ea prematuro&#8230; pouco importa. Precisou de hospital? Precisou de oxig\u00eanio? Precisou de centro cir\u00fargico ou UTI? Grandes chances de n\u00e3o ter, mesmo pagando bem.<\/p>\n<p>Al\u00e9m disso a taxa de mortalidade do covid \u00e9 de \u201capenas\u201d 1% quando as pessoas recebem o tratamento adequado. Sem tratamento, sem hospital, sem respirador, sem oxig\u00eanio, essa letalidade sobe bastante. Ent\u00e3o, esse papo de \u201cn\u00e3o vai morrer tanta gente pois a letalidade \u00e9 baixa\u201d precisa ser revisto por dois motivos: a nova cepa \u00e9 mais letal e sem atendimento m\u00e9dico adequado a letalidade sobre ainda mais. Na m\u00e9dia mundial, de cada dez pessoas que entram em uma UTI com covid, uma morre. No Brasil, a cada tr\u00eas que entram, morrem dois.<\/p>\n<p>Vejo muita gente propondo supostas solu\u00e7\u00f5es para o problema, que na atual realidade n\u00e3o s\u00e3o mais uma solu\u00e7\u00e3o.<\/p>\n<p>Comprar vacina, a essa altura, \u00e9 algo muito complicado. O Brasil \u00e9 um retardat\u00e1rio, que recebeu diversas ofertas para comprar vacinas e ignorou. Agora, se quiser comprar, vai demorar a receber. Se quiser comprar hoje a vacina da Pfizer, o pa\u00eds entra no final de uma fila de 115 pa\u00edses, se quiser comprar a vacina da Moderna, entra no final de uma fila de 68 pa\u00edses, se quiser comprar a vacina Sputnik V, entra no final de uma fila de 67 pa\u00edses, se quiser comprar a vacina Janssen, entra no final de uma fila de 55 pa\u00edses, s\u00f3 para citar alguns exemplos. Ent\u00e3o, contar com compra de vacina para melhorar a situa\u00e7\u00e3o do Brasil \u00e9 um devaneio. <\/p>\n<p>Mais leitos de UTI s\u00e3o uma solu\u00e7\u00e3o imposs\u00edvel, n\u00e3o contem com isso. Primeiro que n\u00e3o adianta leito se n\u00e3o tiver m\u00e9dicos e profissionais intensivistas, e esse tipo de profissional n\u00e3o se cria do dia para a noite, demora, no barato, pelo menos dez anos para formar um. Al\u00e9m disso, quando falamos de uma doen\u00e7a que cresce exponencialmente, n\u00e3o h\u00e1 condi\u00e7\u00f5es f\u00edsicas de ir aumentando o n\u00famero de leitos acompanhando o crescimento da doen\u00e7a. Se algu\u00e9m oferecer isso como solu\u00e7\u00e3o, ou \u00e9 um idiota, ou est\u00e1 mal-intencionado.<\/p>\n<p>E mesmo onde tem muito leito, os m\u00e9dicos e todos os profissionais envolvidos est\u00e3o exaustos, trabalhando no limite, pass\u00edveis de falhas e erros horr\u00edveis. Qualquer escorreg\u00e3o vira uma trag\u00e9dia, causa mortes. Colocar pessoas e aparelhagem para trabalhar em sobrecarga \u00e9 pedir para acontecer uma sequ\u00eancia de desgra\u00e7as, de falhas, de mortes. N\u00e3o se assustem com as barbaridades que est\u00e3o prestes a acontecer, elas s\u00e3o o resultado de hospitais levados ao limite por muito tempo e colocados em situa\u00e7\u00e3o de colapso. \u00c9 certo que trag\u00e9dias por erros e falhas v\u00e3o acontecer.<\/p>\n<p>Eu sei que muita gente ainda discorda, mas n\u00e3o tem mais para onde correr: isso s\u00f3 se controla com lockdown, testes em massa e rastreio de contatos (entrar em contato e isolar todos os que estiveram com as pessoas doentes). \u00c9 a \u00fanica forma de reverter a atual situa\u00e7\u00e3o do pa\u00eds. Os tr\u00eas, simultaneamente e, em paralelo, vacina. Um deles n\u00e3o resolve, tem que ter todas essas medidas. <\/p>\n<p>Vale lembrar que fechamento de com\u00e9rcio n\u00e3o \u00e9 lockdown, toque de recolher n\u00e3o \u00e9 lockdown e que nenhuma das medidas impostas pelo Brasil at\u00e9 hoje \u00e9 lockdown. Lockdown \u00e9 impedir a circula\u00e7\u00e3o de pessoas, de prefer\u00eancia mantendo 80% da popula\u00e7\u00e3o sem sair de casa, saindo apenas para atividades essenciais, que s\u00e3o: comprar comida e ir \u00e0 farm\u00e1cia, de forma r\u00e1pida, vigiada e controlada. Academia, igreja e outras atividades devem ser proibidas e deve existir uma fiscaliza\u00e7\u00e3o e puni\u00e7\u00e3o constantes. <\/p>\n<p>O que eu faria se tivesse que botar ordem na casa: lockdown rigorosamente vigiado e punido, rastreio de contatos (o SUS tem pessoal treinado para isso, d\u00e1 para come\u00e7ar hoje) e testes e massa, indo de casa em casa, testando todos. Tamb\u00e9m autorizaria os estados e munic\u00edpios a fecharem suas fronteiras sem precisar do Governo Federal para tal, assim quem faz a coisa certa n\u00e3o fica recebendo contaminados de localidades vizinhas. Sabemos que isso n\u00e3o vai acontecer, portanto, cuidem dos seus por conta pr\u00f3pria.<\/p>\n<p>Espero que agora todos estejam come\u00e7ando a compreender nosso desespero, nossa insist\u00eancia e nossa postura radical no que diz respeito a coronav\u00edrus em todo o ano de 2020. O que est\u00e1 acontecendo hoje era totalmente previs\u00edvel e evit\u00e1vel e nosso radicalismo e insist\u00eancia foi a forma que encontramos de contribuir. Infelizmente n\u00e3o deu. Se cuidem muito, as pr\u00f3ximas semanas ser\u00e3o as mais dif\u00edceis que voc\u00eas j\u00e1 viveram.<\/p>\n<hr \/>\n<p><strong>Vi que est\u00e3o reclamando da compra da Covaxin. N\u00e3o \u00e9 bom para o Brasil comprar mais uma vacina?<\/strong><\/p>\n<p>O Brasil teve oportunidades (no plural) de escolher entre muitas vacinas, muitas testadas do Brasil (ou seja, se sabe que funciona bem na realidade do pa\u00eds) e com uma efic\u00e1cia absurdamente alta, como por exemplo a da Pfizer (j\u00e1 aprovada para uso regular pela ANVISA) e Janssen (que com uma \u00fanica dose imuniza as pessoas). Recusaram todas e, entre todas as escolhas, optaram por comprar a Covaxin.<\/p>\n<p>\u00c9 uma vacina ruim? N\u00e3o sabemos, pois ela acaba de sair da Fase 2, ou seja, tudo que se sabe \u00e9 que ela \u00e9 segura (ou seja, ela n\u00e3o vai te fazer mal), n\u00e3o se tem qualquer garantia de que ela seja eficaz (algo que \u00e9 atestado na Fase 3). Pode ser que ela seja insuficiente para proteger de forma eficiente contra o coronav\u00edrus. N\u00e3o me parece um risco que o Brasil deveria correr.<\/p>\n<p>Nossas cr\u00edticas v\u00eam, em parte, da\u00ed: tendo muitas vacinas com efic\u00e1cia comprovada, o Brasil achou que seria estrategicamente bom comprar 1,6 bilh\u00f5es de reais de uma vacina cuja efic\u00e1cia ainda n\u00e3o foi comprovada e ainda por cima pagando mais caro por ela. Sim, a Covaxin foi comprada por um valor superior ao que poderia ser pago pelas outras. <\/p>\n<p>E o fato de comprar uma vacina que pode n\u00e3o ser eficaz \u00e9 apenas uma parte do problema, se fosse s\u00f3 isso, seria uma jogada de risco e, com sorte, se a vacina fosse eficaz, a popula\u00e7\u00e3o poderia ser imunizada. S\u00f3 que n\u00e3o \u00e9 assim que funciona. <\/p>\n<p>Como j\u00e1 explicamos v\u00e1rias vezes, uma vacina que est\u00e1 e Fase 2 n\u00e3o pode ser aplicada na popula\u00e7\u00e3o, ent\u00e3o, mesmo que todas essas vacinas cheguem no Brasil amanh\u00e3, elas n\u00e3o poder\u00e3o ser distribu\u00eddas, pois ser\u00e1 preciso realizar toda a Fase 3, um processo que, com sorte, durar\u00e1 meses.<\/p>\n<p>Ent\u00e3o, n\u00e3o apenas est\u00e3o apostando mais de um bilh\u00e3o e meio de reais em algo que pode n\u00e3o funcionar, como tamb\u00e9m est\u00e3o apostando mais de um bilh\u00e3o e  meio de reais e algo que, se funcionar, s\u00f3 pode ser aplicado dentro de v\u00e1rios meses. A situa\u00e7\u00e3o atual do Brasil n\u00e3o permite essa espera, principalmente quando poderia comprar vacinas j\u00e1 testadas e aprovadas no Brasil, que precisam de uma \u00fanica dose e custam mais barato. <\/p>\n<p>Em vez disso, o Brasil comprou uma que n\u00e3o se sabe em quais condi\u00e7\u00f5es pode ser aplicada, qual a dose certa e qual a efic\u00e1cia para cada grupo populacional. E que de quebra \u00e9 mais cara. Por qual motivo isso foi feito? N\u00e3o sabemos. Talvez seja uma estrat\u00e9gia para abrir as portas para que empresas particulares possam comprar vacinas por sua conta e vende-las, obrigando a popula\u00e7\u00e3o que quiser se vacinar a pagar caro por isso em fun\u00e7\u00e3o do desespero. Talvez seja apenas incompet\u00eancia. N\u00e3o sabemos.<\/p>\n<p>O que sabemos \u00e9 que as justificativas para recusar a compra de outras vacinas n\u00e3o se sustentam. Por exemplo, alegaram que a Pfizer quer que o pa\u00eds assine um termo isentando-a de responsabilidade se algo der errado com as vacinas. Meus queridos, todas as farmac\u00eauticas pedem isen\u00e7\u00e3o de responsabilidade pela vacina\u00e7\u00e3o, \u00e9 um padr\u00e3o. <\/p>\n<p>N\u00e3o \u00e9 falta de confian\u00e7a na vacina, at\u00e9 porque quem diz se a vacina \u00e9 segura em \u00faltima inst\u00e2ncia, \u00e9 a ANVISA. \u00c9 padr\u00e3o, pois eles n\u00e3o t\u00eam como assegurar que o Brasil v\u00e1 manipular, conservar e aplicar a vacina da forma correta, ent\u00e3o, se o pa\u00eds fizer uma cagada, o fabricante n\u00e3o se responsabiliza. Todos os fabricantes colocam essa cl\u00e1usula na venda, inclusive a vacina de Oxford tem a mesma cl\u00e1usula no contrato e n\u00e3o impediu que o Brasil compre essa vacina.<\/p>\n<p>Ent\u00e3o, que fique claro: nada contra a Covaxin, ela s\u00f3 n\u00e3o \u00e9 adequada para uma necessidade urgente do Brasil.<\/p>\n<hr \/>\n<p><strong>Ok, t\u00e1 tudo uma merda, vamos passar por um inferno. O que posso fazer para me proteger?<\/strong><\/p>\n<p>N\u00e3o saia de casa, a menos que seja para ir \u00e0 farm\u00e1cia e supermercado. \u201cMas eu&#8230;\u201d. N\u00e3o, n\u00e3o tem \u201cmas\u201d. Voc\u00ea perguntou como se proteger. Se sair de casa diariamente n\u00e3o h\u00e1 prote\u00e7\u00e3o poss\u00edvel, sinto muito. Saia uma vez por semana, para fazer todas as compras da semana em supermercado e farm\u00e1cia. S\u00f3. Fique o m\u00ednimo de tempo poss\u00edvel nessa jornada.<\/p>\n<p>Quando for sair para ir a supermercado ou farm\u00e1cia, s\u00f3 saia com m\u00e1scara PFF2 (ou N95), sem v\u00e1lvula. Sair de m\u00e1scara de tecido n\u00e3o \u00e9 mais uma possibilidade. Sair com m\u00e1scara no queixo ou com nariz de fora ent\u00e3o, nem pensar. Sair com m\u00e1scara que n\u00e3o fecha com for\u00e7a no seu rosto e permite que voc\u00ea sinta aquele ventinho lateral de ar entrando pelas bordas \u00e9 pedir para morrer.<\/p>\n<p>N\u00e3o tome qualquer rem\u00e9dio na esperan\u00e7a de um tratamento preventivo: desde vitamina D at\u00e9 Ivermectina, NADA. Todos eles podem piorar sua situa\u00e7\u00e3o se pegar covid e nenhum deles te protege. A \u00fanica coisa que te protege \u00e9 ficar em casa, sair o m\u00ednimo poss\u00edvel.<\/p>\n<p>Saia de redes sociais ou pare de seguir pessoas que seguem sua vida normalmente, isso cria uma falsa sensa\u00e7\u00e3o de seguran\u00e7a e permite um escape para o seu c\u00e9rebro, que pode te fazer acreditar que n\u00e3o \u00e9 t\u00e3o grave assim e te fazer relaxar. \u00c9 t\u00e3o grave assim. Nas pr\u00f3ximas semanas voc\u00eas ver\u00e3o cenas de horror que nem em guerras foram vistas. Afaste-se de negadores, eles te colocam em perigo, fazendo com que voc\u00ea questione a seriedade do que est\u00e1 acontecendo.<\/p>\n<p>N\u00e3o visite ningu\u00e9m, n\u00e3o se encontre com ningu\u00e9m. Se tem algu\u00e9m precisando da sua assist\u00eancia, se mude para a casa da pessoa ou a leve para morar na sua casa. Agir de outra forma \u00e9 colocar em risco a vida dessa pessoa e a sua.<\/p>\n<p>N\u00e3o mande seus filhos para escola. Eu n\u00e3o sei que tipo de consequ\u00eancia negativa pode gerar manter uma crian\u00e7a em casa por tanto tempo, mas certamente \u00e9 melhor do que morte. E n\u00e3o estou falando s\u00f3 de covid: se a crian\u00e7a se machucar, quebrar um bra\u00e7o, se cortar, cair e precisar de pontos na testa ou qualquer outra situa\u00e7\u00e3o comum em escola, n\u00e3o vai ter hospital para ela.<\/p>\n<p>Se voc\u00ea tem plano de sa\u00fade, se informe sobre a possibilidade de solicitar um Home Care, assim, se acontecer algo grave, voc\u00ea sabe que tem a possibilidade de transformar a sua casa em um hospital.<\/p>\n<p>Procure manter sua sa\u00fade mental, dentro do poss\u00edvel, fazendo atividades que te tragam um pouco de paz, obviamente sem sair de casa. N\u00e3o tem mais essa de \u201cmas \u00e9 um lugar aberto\u201d ou \u201cvou com m\u00e1scara e \u00e1lcool gel\u201d. Acabou. Essa p\u00e1gina virou. \u00c9 momento de confinamento.<\/p>\n<p>Por fim, ache curadores de conte\u00fado, pessoas que falem sobre o assunto e sejam confi\u00e1veis e acompanhe a situa\u00e7\u00e3o por eles. Assim voc\u00ea evita o bombardeio de desgra\u00e7as da m\u00eddia mas se mant\u00e9m informado. Em uma pandemia as coisas podem mudar rapidamente, n\u00e3o d\u00e1 para se alienar e achar que est\u00e1 protegido. O que servia at\u00e9 ontem pode n\u00e3o servir amanh\u00e3. Boa sorte a todos voc\u00eas.<\/p>\n<hr \/>\n<p><strong>Voc\u00eas t\u00eam postado muito FAQ e Ei Voc\u00ea, isso \u00e9 uma estrat\u00e9gia de al\u00edvio c\u00f4mico?<\/strong><\/p>\n<p>N\u00e3o. \u00c9 uma estrat\u00e9gia pensando em voc\u00eas, leitores. Queremos que voc\u00eas conhe\u00e7am os perigos do v\u00edrus e os perigos do brasileiro, pois s\u00f3 conjugando essas duas informa\u00e7\u00f5es voc\u00eas v\u00e3o entender qu\u00e3o grave \u00e9 a situa\u00e7\u00e3o e o tanto de cuidado que voc\u00eas precisam tomar.<\/p>\n<p class=\"uk-background-muted uk-padding\">Para perguntar se agora que o bicho t\u00e1 pegando os negacionistas sumiram dos coment\u00e1rios (sim, sumiram), para dizer que FAQ te d\u00e1 gatilho ou ainda para dizer que o problema do brasileiro \u00e9 que ele escolhe o zap como curador de conte\u00fado: <a href=\"mailto:sally@desfavor.com\">sally@desfavor.com<\/a> <\/p>\n","protected":false},"excerpt":{"rendered":"<p>Como foi que chegamos aonde chegamos? Alguns culpam o governo, outros culpam a nova variante, outros culpam a geografia. O que deu t\u00e3o errado? Como resolver? A culpa nunca \u00e9 de um s\u00f3. \u00c9 do Fator Brasil: um povo ignorante, arrogante e irrespons\u00e1vel somado a um governo com as mesmas caracter\u00edsticas.<\/p>\n","protected":false},"author":2,"featured_media":16908,"comment_status":"open","ping_status":"open","sticky":false,"template":"","format":"standard","meta":{"footnotes":""},"categories":[26],"tags":[],"class_list":["post-18125","post","type-post","status-publish","format-standard","has-post-thumbnail","hentry","category-desfavor-bonus"],"_links":{"self":[{"href":"https:\/\/www.desfavor.com\/blog\/wp-json\/wp\/v2\/posts\/18125","targetHints":{"allow":["GET"]}}],"collection":[{"href":"https:\/\/www.desfavor.com\/blog\/wp-json\/wp\/v2\/posts"}],"about":[{"href":"https:\/\/www.desfavor.com\/blog\/wp-json\/wp\/v2\/types\/post"}],"author":[{"embeddable":true,"href":"https:\/\/www.desfavor.com\/blog\/wp-json\/wp\/v2\/users\/2"}],"replies":[{"embeddable":true,"href":"https:\/\/www.desfavor.com\/blog\/wp-json\/wp\/v2\/comments?post=18125"}],"version-history":[{"count":0,"href":"https:\/\/www.desfavor.com\/blog\/wp-json\/wp\/v2\/posts\/18125\/revisions"}],"wp:featuredmedia":[{"embeddable":true,"href":"https:\/\/www.desfavor.com\/blog\/wp-json\/wp\/v2\/media\/16908"}],"wp:attachment":[{"href":"https:\/\/www.desfavor.com\/blog\/wp-json\/wp\/v2\/media?parent=18125"}],"wp:term":[{"taxonomy":"category","embeddable":true,"href":"https:\/\/www.desfavor.com\/blog\/wp-json\/wp\/v2\/categories?post=18125"},{"taxonomy":"post_tag","embeddable":true,"href":"https:\/\/www.desfavor.com\/blog\/wp-json\/wp\/v2\/tags?post=18125"}],"curies":[{"name":"wp","href":"https:\/\/api.w.org\/{rel}","templated":true}]}}