{"id":19226,"date":"2021-11-30T11:42:21","date_gmt":"2021-11-30T14:42:21","guid":{"rendered":"http:\/\/www.desfavor.com\/blog\/?p=19226"},"modified":"2025-11-06T12:38:28","modified_gmt":"2025-11-06T15:38:28","slug":"faq-coronavirus-41","status":"publish","type":"post","link":"https:\/\/www.desfavor.com\/blog\/2021\/11\/faq-coronavirus-41\/","title":{"rendered":"FAQ: Coronav\u00edrus &#8211; 41"},"content":{"rendered":"<p>Hoje seria dia do texto do C.U., mas devido \u00e0 como\u00e7\u00e3o pelo surgimento de uma nova variante de preocupa\u00e7\u00e3o, ele concordou em ceder seu dia para um FAQ. Sim, a \u00d4micron entrou no lugar do C.U. e todos os demais trocadilhos que voc\u00eas queiram (ele fez um monte). Quem quiser C.U. passa na quinta.<\/p>\n<p>No FAQ de hoje juntei as principais d\u00favidas sobre a variante \u00d4micron (com acento, para as pessoas entenderem como se pronuncia) em um texto e, \u00e0 medida que soubermos mais, novos FAQs vir\u00e3o.<!--more--><\/p>\n<p>A Variante \u00d4micron foi \u201cdescoberta\u201d na \u00faltima quinta-feira e batizada com esse nome (que \u00e9 a letra \u201co\u201d em grego) na sexta-feira, quando tamb\u00e9m foi classificada como Variante Preocupante (ou de Preocupa\u00e7\u00e3o). Isso quer dizer que ela tem muta\u00e7\u00f5es em \u00e1reas que podem significar um perigo. At\u00e9 aqui, estas s\u00e3o as \u00fanicas certezas sobre a \u00d4micron que posso dar. Daqui pra frente, o que for dito especificamente sobre esta variante, ainda precisa ser comprovado.<\/p>\n<p>At\u00e9 aqui tivemos 4 Variantes de preocupa\u00e7\u00e3o: Alfa (Inglaterra), Beta (\u00c1frica do Sul), Gama (Manaus) e Delta (\u00cdndia). A \u00d4micron \u00e9 a quinta. Normalmente, para que uma variante se destaque e contagie um n\u00famero de pessoas suficiente para chamar a aten\u00e7\u00e3o do mundo, ela precisa ser mais eficiente do que as anteriores, e \u00e9 por isso que o mundo est\u00e1 alarmado com a \u00d4micron: ela parece ser mais contagiosa.<\/p>\n<p>Ela foi detectada como vinda da \u00c1frica do Sul, mas isso n\u00e3o quer dizer que ela seja origin\u00e1ria de l\u00e1. A Variante de Manaus, por exemplo, foi diagnosticada pela primeira vez no Jap\u00e3o, mas n\u00e3o surgiu l\u00e1, foi levada por um japon\u00eas, que viajou a Manaus. Ent\u00e3o, pode ser que a \u00d4micron tenha se originado em outro pa\u00eds. Por hora, os ind\u00edcios apontam que ela venha da \u00c1frica do Sul.<\/p>\n<p>Tem muita gente assustada com a quantidade de muta\u00e7\u00f5es que a \u00d4micron possu\u00ed, a m\u00eddia, por motivos que eu desconhe\u00e7o, est\u00e1 dando \u00eanfase \u00e0s \u201c50 muta\u00e7\u00f5es\u201d, mas n\u00e3o \u00e9 esse o motivo de preocupa\u00e7\u00e3o. O n\u00famero de muta\u00e7\u00f5es n\u00e3o \u00e9 o que torna uma variante perigosa, o que importa \u00e9 onde acontecem essas muta\u00e7\u00f5es. O que te assusta mais, cem pessoas na porta da sua casa com uma flor nas m\u00e3os ou uma \u00fanica pessoa com um fuzil?<\/p>\n<p>O que quero dizer \u00e9 que uma variante pode ter mil muta\u00e7\u00f5es em lugares inofensivos e outra pode tem uma \u00fanica muta\u00e7\u00e3o em um local chave e ser pior do que a primeira, com mais muta\u00e7\u00f5es. No caso da \u00d4micron, ela tem muitas muta\u00e7\u00f5es e algumas delas s\u00e3o sim em \u201clugares\u201d preocupantes. Tudo indica que algumas delas a tornam mais contagiosas e outras podem gerar algum n\u00edvel de escape vacinal.<\/p>\n<p>Isso quer dizer que a \u00d4micron vai escapar a vacinas? N\u00c3O. N\u00e3o se sabe. Teve laborat\u00f3rio afirmando que vacina funciona, teve gente afirmando escape vacinal, teve laborat\u00f3rio que declarou j\u00e1 estar trabalhando em uma vacina espec\u00edfica para a \u00d4micron. Por hora, n\u00e3o temos certeza, mas temos ind\u00edcios de que n\u00e3o h\u00e1 escape vacinal total, se houver, \u00e9 apenas parcial. A confirma\u00e7\u00e3o deve chegar nos pr\u00f3ximos dias.<\/p>\n<p>Pelo que se conhece de v\u00edrus respirat\u00f3rios, nem faria muito sentido que a \u00d4micron escape 100% \u00e0s vacinas, uma vez que, em tese, surgiu em um lugar com poucos vacinados, portanto, n\u00e3o seria \u201cpreocupa\u00e7\u00e3o\u201d da variante tomar esse caminho (n\u00e3o seria essa a muta\u00e7\u00e3o que faria ela predominar e se espalhar mais).<\/p>\n<p>\u00c9 mais prov\u00e1vel que uma variante que escape \u00e0s vacinas venha da Europa, dos EUA, da Asia ou do Brasil, onde tem muitas pessoas vacinadas convivendo com muitas pessoas n\u00e3o vacinadas. Esses s\u00e3o os ingredientes: v\u00edrus circulando muito + muitas pessoas vacinadas + muitas pessoas n\u00e3o vacinadas.<\/p>\n<p>Quando ningu\u00e9m tem vacina, o v\u00edrus mais bem-sucedido \u00e9 aquele que mais se espalha. O que um v\u00edrus tem que fazer quando as pessoas n\u00e3o t\u00eam defesa contra ele \u00e9 se espalhar, o mais que pode. Por\u00e9m, quando esse v\u00edrus encontrar muitas pessoas com defesas (imunizadas), n\u00e3o vai adiantar muito ser transmiss\u00edvel. Para ser bem-sucedido ele vai ter que mutar de modo a \u201caprender\u201d a escapar das vacinas.<\/p>\n<p>Ent\u00e3o, \u00e9 muito improv\u00e1vel que a \u00d4micron seja a Variante Fode-Vacina que a gente teme tanto. Mas pode ser que a venha depois dela seja, pois a \u00d4micron j\u00e1 foi levada para v\u00e1rios continentes e certamente j\u00e1 chegou no Brasil (s\u00f3 n\u00e3o foi detectada), locais onde muitas pessoas vacinadas convivem com muitas pessoas n\u00e3o vacinadas.<\/p>\n<p>Apesar de v\u00e1rias manchetes alarmistas, at\u00e9 segunda ordem, esse \u00e9 grande perigo da \u00d4micron. Quando jornais noticiam (fazendo um grande desfavor) que a \u00d4micron n\u00e3o \u00e9 perigosa pois os doentes experimentam \u201csintomas leves\u201d, est\u00e3o apenas arranhando a superf\u00edcie do que deve ser avaliado para estabelecer o perigo de uma variante. Talvez a \u00d4micron n\u00e3o seja perigosa diretamente para voc\u00ea ou para mim, mas ela pode representar um risco para a humanidade.<\/p>\n<p>N\u00e3o d\u00e1 mais para pensar em risco de pandemia como \u201crisco que eu morra\u201d. N\u00e3o existe \u201ceu\u201d em pandemia. O term\u00f4metro para fazer ou deixar de fazer algo n\u00e3o \u00e9 o \u201cqual \u00e9 o risco de que eu morra?\u201d. N\u00e3o se pensa de forma individual em pandemia, e \u00e9 uma pena que isso n\u00e3o esteja sendo dito de forma mais clara no Brasil.<\/p>\n<p>Ent\u00e3o, em termos de prote\u00e7\u00e3o individual para resguardar a sua vida, nada mudou: vacina (incluindo dose de refor\u00e7o), m\u00e1scara, lavar as m\u00e3os e todos os cuidados que voc\u00eas j\u00e1 est\u00e3o cansados de saber. Tudo isso protege a SUA vida. Mas, para proteger a todos n\u00f3s, a esp\u00e9cie humana, seria muito importante que n\u00e3o se deixe a \u00d4micron circular, para que ela n\u00e3o tenha oportunidade de mutar para uma vers\u00e3o que consiga escapar \u00e0s vacinas que temos.<\/p>\n<p>J\u00e1 falei sobre isso muitas vezes, mas vale relembrar: se voc\u00ea pegar a \u00d4micron vacinado, provavelmente n\u00e3o vai morrer. Talvez nem sintomas tenha. Mas o fato de v\u00edrus circular (principalmente entre vacinados) faz mal para a coletividade: d\u00e1 oportunidade para ele mutar e pode causar uma cat\u00e1strofe, nos fazendo voltar \u00e0 \u00e9poca em que n\u00e3o t\u00ednhamos vacinas. Ent\u00e3o, esse pensamento de \u201cfoda-se, tem vacina, eu vou sair\u201d n\u00e3o tem cabimento. \u00c9 ego\u00edsmo bundear na rua sem necessidade s\u00f3 por ter uma probabilidade baixa de morrer. Hora de pensar a longo prazo.<\/p>\n<p>As vacinas para covid-19 n\u00e3o foram criadas para \u201cacabar com a pandemia\u201d, elas foram desenhadas com a finalidade de evitar mortes. Ent\u00e3o, o vacinado n\u00e3o vai morrer, mas a vacina n\u00e3o vai impedir o v\u00edrus de circular. E v\u00edrus que circula \u00e9 v\u00edrus que tem mais chances de mutar. Ent\u00e3o, pela mil\u00e9sima vez, vacina sozinha n\u00e3o acaba com pandemia. Al\u00e9m da vacina, temos que fazer a nossa parte para que o v\u00edrus circule menos. E uma das coisas que faz o v\u00edrus circular menos \u00e9 menos gente nas ruas.<\/p>\n<p>Ent\u00e3o, mesmo que voc\u00ea n\u00e3o tenha medo de sair pois sabe que n\u00e3o vai morrer, deve ter cuidado por outro motivo: v\u00edrus muta de forma imprevis\u00edvel, quando a Variante Fode-Vacina chegar, s\u00f3 vamos descobrir quando muito vacinado morrer. Se voc\u00ea estiver na rua, voc\u00ea vai virar essa estat\u00edstica que vai servir de alerta para o resto da popula\u00e7\u00e3o. Se voc\u00ea estiver em casa, vai assistir da sua TV a not\u00edcia de que muitos vacinados est\u00e3o morrendo. Em qual dos dois cen\u00e1rios voc\u00ea prefere estar?<\/p>\n<p>O cuidado deve ser maior ainda em um pa\u00eds desigual como o Brasil, onde tem estados com poucos imunizados, onde tem Presidente negacionista, onde tem uma infinidade de pessoas e autoridades dispostas a lotar r\u00e9veillon, carnaval e futebol, onde a desinforma\u00e7\u00e3o corre solta.<\/p>\n<p>O povo v\u00ea Anitta lotando uma festa e declarando publicamente que todo mundo tem vacina e \u201caqui negacionista n\u00e3o entra\u201d, como se isso resguardasse a humanidade. O povo v\u00ea Claudia Leitte fazendo uma micareta com pessoas sem m\u00e1scara e justificando que todos est\u00e3o vacinados e acredita que d\u00e1 para aglomerar com vacina numa boa. VACINA N\u00c3O IMPEDE O V\u00cdRUS DE CIRCULAR. VACINA SOZINHA N\u00c3O ACABA COM PANDEMIA.<\/p>\n<p>Vamos relembrar a frase que estamos repetindo desde 2019: ningu\u00e9m est\u00e1 cuidando de voc\u00ea no Brasil, voc\u00ea precisa se cuidar sozinho, e cuidar dos seus. SE a coisa fica feia, ningu\u00e9m vai te socorrer, vai morrer gente no meio da rua, vai morrer gente por falta de oxig\u00eanio, n\u00e3o vai ter leito para todo mundo. Voc\u00eas j\u00e1 viram esse filme.<\/p>\n<p>N\u00e3o estou dizendo que a \u00d4micron seja algo grave que vai te matar, pois provavelmente n\u00e3o \u00e9. Estou dizendo que temos que aprender a interpretar a escalada do v\u00edrus e tomar consci\u00eancia que existem riscos a longo prazo e de que a pandemia n\u00e3o acabou. N\u00e3o queremos que nada grave aconte\u00e7a nem agora, nem no pr\u00f3ximo ano, nem nos pr\u00f3ximos cinco anos, certo? Para isso, \u00e9 preciso que todo mundo se cuide AGORA.<\/p>\n<p>E, que fique claro: o v\u00edrus n\u00e3o precisaria chegar na Alemanha para encontrar um cen\u00e1rio favor\u00e1vel para uma muta\u00e7\u00e3o de escape vacinal. O Brasil oferece isso: estados como Roraima ou Amap\u00e1, com pouco mais de 30% de pessoas vacinadas convivendo com Rio ou S\u00e3o Paulo, com alto \u00edndice de imunizados j\u00e1 tem os ingredientes que precisa para uma muta\u00e7\u00e3o que desgra\u00e7a o mundo todo. Estou vendo muito brasileiro se preocupar com os 30% n\u00e3o vacinados da Alemanha e ignorar os 70% n\u00e3o vacinados em alguns estados do Brasil.<\/p>\n<p>\u201cMas Sally, eu vi um laborat\u00f3rio garantindo que pode desenvolver uma vacina contra nova variante em um m\u00eas\u201d. Pode ser at\u00e9 em um dia, que n\u00e3o resolve nada. O problema n\u00e3o \u00e9 mais desenvolver vacina, \u00e9 distribuir e aplicar no mundo todo. A primeira vacina foi desenvolvida em 2019 e, praticamente em 2022, mal vacinaram metade do mundo. Ter vacina \u00e9 um primeiro passo, restam muitos depois disso para que ela esteja no bra\u00e7o de todo mundo.<\/p>\n<p>Vamos ser bem realistas? Quanto tempo voc\u00eas acham que vai levar at\u00e9 uma nova vacina ser fabricada e aplicada em bilh\u00f5es de pessoas? Provavelmente, at\u00e9 isso acontecer, o v\u00edrus mutou novamente. Ent\u00e3o, o fato de desenvolver uma vacina rapidamente n\u00e3o \u00e9 consolo e n\u00e3o \u00e9 motivo para se descuidar. E, novamente, pandemia n\u00e3o se resolve s\u00f3 com vacina que evita morte.<\/p>\n<p>Vi muita not\u00edcia pintando a \u00d4micron com certezas, mas a verdade \u00e9 que, para fins de pandemia, poucos casos est\u00e3o sendo acompanhados para afirmar algo com certeza. O que se sabe at\u00e9 agora \u00e9 achismo com os poucos casos que se viu e isso pode mudar amanh\u00e3. Por isso, n\u00e3o se assustem nem se descuidem com informa\u00e7\u00e3o sem fonte confi\u00e1vel, tem muita gente usando o medo ou a vontade de que n\u00e3o seja nada para ganhar cliques e visualiza\u00e7\u00f5es e publicando como certeza informa\u00e7\u00f5es que ainda est\u00e3o sendo estudadas.<\/p>\n<p>Sim, a \u00d4micron pode ter algum escape imune, assim como a Delta, ou seja, pode ser que a imunidade seja um pouco menos eficiente, mas, at\u00e9 segunda ordem, quem tomou as doses de vacina e a dose de refor\u00e7o est\u00e1 protegido. Nada de novo. Se voc\u00ea n\u00e3o tomou duas doses de vacina ou n\u00e3o tomou a dose de refor\u00e7o, a postura correta seria se cuidar, pois a Delta j\u00e1 bastaria para criar um problema.<\/p>\n<p>Sim, a \u00d4micron pode ser mais contagiosa, e, de todas as especula\u00e7\u00f5es no momento, essa parece ser a mais prov\u00e1vel e a mais preocupante: a forma r\u00e1pida pela qual ela \u00e9 transmitida. Mas, novamente, nada muda: a Delta j\u00e1 era mais contagiosa e j\u00e1 obrigaria qualquer pa\u00eds a fazer um bom rastreio de contatos (coisa que o Brasil n\u00e3o faz), testagem em massa e a n\u00e3o sair de bobeira, saindo apenas quando necess\u00e1rio.<\/p>\n<p>Os mesmos cuidados que voc\u00ea tinha (ou deveria ter) com base na Delta, at\u00e9 segunda ordem, servem para te proteger da \u00d4micron. O problema \u00e9: o brasileiro, em sua maioria, n\u00e3o tomou nenhum cuidado com a chegada da Delta, pois o \u00fanico dano que as pessoas conseguem ver \u00e9 a morte direta e imediata. Ent\u00e3o, provavelmente, quando cair a ficha de que n\u00e3o vai morrer mais gente (assim esperamos), as pessoas continuem se descuidando e deixando o v\u00edrus circular.<\/p>\n<p>\u00c9 fato que a \u00d4micron j\u00e1 se espalhou. Ela j\u00e1 foi encontrada em quase todos os pa\u00edses que fazem testagens eficientes. Eu comecei a escrever este texto na sexta-feira passada, quando a \u00d4micron foi anunciada, e tinha um par\u00e1grafo dizendo exatamente em quais pa\u00edses ela estava. No s\u00e1bado, tiver que atualizar e incluir mais um bando de pa\u00edses. No domingo, j\u00e1 se falava em continentes. Na segunda-feira, a lista tinha tantos nomes que n\u00e3o faz mais sentido reproduzi-los, basta dizer que espalhou.<\/p>\n<p>E certamente chegou ao Brasil, s\u00f3 n\u00e3o foi detectada, pois o (des)governo prefere deixar teste estragando a testar a popula\u00e7\u00e3o. As exig\u00eancias para estrangeiros que entram no pa\u00eds s\u00e3o ris\u00edveis, nem vacina o Brasil quer pedir. Nem a porra da declara\u00e7\u00e3o de sa\u00fade do viajante est\u00e3o pedindo, pois o site da ANVISA teve problemas t\u00e9cnicos. Ou seja, se tinha algu\u00e9m contagiado, entrou. E provavelmente tinha.<\/p>\n<p>E, se aceitarmos a ideia de que espalhou para os quatro cantos do mundo, n\u00e3o adianta fechar fronteiras com a \u00c1frica do Sul, a \u00d4micron pode vir basicamente de qualquer pa\u00eds. N\u00e3o adianta exigir vacina, pois vacinado se contamina (s\u00f3 n\u00e3o adoece e morre, via de regra) e traz o v\u00edrus do mesmo jeito a um pa\u00eds onde quase 40% da popula\u00e7\u00e3o n\u00e3o est\u00e1 vacinada. Eu sei que \u00e9 uma coisa que um pa\u00eds focado em turismo n\u00e3o quer escutar, ainda mais em alta temporada, mas a \u00fanica medida realmente eficiente seria fechar as fronteiras.<\/p>\n<p>E fechar fronteiras \u00e9 algo que o Brasil j\u00e1 disse que n\u00e3o vai fazer: como n\u00e3o h\u00e1 previs\u00e3o de um dano imediato, v\u00e3o deixar rolar, com provavelmente todos os pa\u00edses da Am\u00e9rica Latina. At\u00e9 a data em que este texto foi escrito, o Brasil n\u00e3o queria exigir nem mesmo comprovante de vacina\u00e7\u00e3o para quem chega ao pa\u00eds. Ent\u00e3o, os cuidados que precisariam ser tomados para evitar que a \u00d4micron entre e se espalhe pelo pa\u00eds n\u00e3o ser\u00e3o tomados.<\/p>\n<p>Em um \u00fanico dia, a Holanda identificou mais de 60 passageiros que desembarcaram em seus aeroportos com suspeita de infec\u00e7\u00e3o pela variante \u00d4micron. Isso d\u00e1 um sinal do quanto ela pode ser contagiosa e que, provavelmente, ela j\u00e1 est\u00e1 no Brasil. Ent\u00e3o, nada de relaxar e pensar \u201caqui ainda n\u00e3o chegou\u201d. Pode ter chegado sim. O Brasil n\u00e3o percebeu que tinha uma nova variante nem quando ele a criou (a Gama), imagina se vai detectar uma de fora. Comecem a se comportar como se ela estivesse na casa do vizinho. N\u00e3o \u00e9 preciso p\u00e2nico, s\u00f3 cuidado.<\/p>\n<p>\u201cOk, Sally, j\u00e1 entendi, mas exatamente o que eu tenho que fazer?\u201d. Nada de novo, o mesmo que j\u00e1 deveria estar fazendo: m\u00e1scara, distanciamento, higieniza\u00e7\u00e3o constante, vacina (com dose de refor\u00e7o) e n\u00e3o sair de casa a menos que seja necess\u00e1rio. N\u00e3o estou sugerindo que v\u00e1 morar em um bunker e fique 6 meses sem ver a luz do sol, mas sair por lazer, para festinha, para show, para restaurante&#8230; n\u00e3o me parece uma boa ideia.<\/p>\n<p>\u201cMas Sally, t\u00e1 vendo como vacina n\u00e3o adianta? Tem vacina e mesmo assim surge nova variante!\u201d. Se voc\u00ea j\u00e1 \u00e9 leitor desta coluna sabe que mais de uma vez a gente alertou sobre os riscos de dar terceira dose em alguns pa\u00edses e deixar outros sem vacina. Ta\u00ed o primeiro fruto dessa escolha. N\u00e3o estou julgando os pa\u00edses que aplicaram terceira dose, inclusive se eu fosse presidente de algum pa\u00eds, ia querer aplicar a terceira dose tamb\u00e9m, estou apontando que tem que ser preocupa\u00e7\u00e3o de todos n\u00f3s que a vacina chegue a todo mundo. De uma pandemia s\u00f3 sa\u00edmos juntos, ou sai todo mundo, ou o problema continua.<\/p>\n<p>Os pa\u00edses se preocuparam em garantir uma terceira dose para si e n\u00e3o se mexeram para assegurar que a vacina chegue em todos. N\u00e3o adianta nada, enquanto tiver n\u00e3o vacinado, o problema vai continuar voltando, e cada vez pior. Lembro que em 2020 debocharam de textos nossos nos coment\u00e1rios, quando fal\u00e1vamos de segunda onda. A segunda onda veio e matou mais do que a primeira. Hoje, tem pa\u00eds entrando na quarta onda. N\u00e3o acabou. N\u00e3o vai acabar enquanto todos n\u00e3o estiverem vacinados e fizerem um esfor\u00e7o conjunto de cuidados.<\/p>\n<p>Acho que o grande choque com a \u00d4micron no Brasil foi cair a ficha de que n\u00e3o acabou a pandemia. Todo ano \u00e9 isso: chega outubro, novembro, a situa\u00e7\u00e3o melhora, a\u00ed acontece algo para mostrar que n\u00e3o acabou. Ano passado foi a mesma bosta, todo mundo relaxando nos cuidados e janeiro foi aquele horror que a gente n\u00e3o gosta nem de lembrar.<\/p>\n<p>Que a \u00d4micron sirva para refor\u00e7ar a import\u00e2ncia de vacinas e da fabrica\u00e7\u00e3o de vacinas e investimento em ci\u00eancia. Se amanh\u00e3 ou depois surgir uma nova variante que demande uma vacina nova, quem voc\u00eas acham que vai comprar primeiro? O Brasil que n\u00e3o respondeu a cem e-mails da Pfizer ou EUA e Europa cheios de dinheiro e vontade? Por isso, \u00e9 muito importante que o Brasil continue fabricando vacinas e continue investindo em ci\u00eancia.<\/p>\n<p>N\u00e3o se esque\u00e7am que o fato de tudo estar aberto, de todo mundo estar aglomerando e de ter r\u00e9veillon e carnaval n\u00e3o significa que \u00e9 seguro, significa que o Brasil \u00e9 uma zona. E o fato da sua cidade ter muitos vacinados n\u00e3o reflete a realidade do pa\u00eds. Tem quase 40% de pessoas n\u00e3o imunizadas, n\u00e3o \u00e9 inteligente deixar uma variante mais contagiosa circular. Cuide de voc\u00ea, mas tenha um m\u00ednimo de preocupa\u00e7\u00e3o de cuidar da coletividade tamb\u00e9m, de uma pandemia s\u00f3 sa\u00edmos todos juntos.<\/p>\n<p>E se voc\u00ea est\u00e1 lendo este texto ap\u00f3s 30 de novembro, pode ser que as informa\u00e7\u00f5es estejam incorretas ou obsoletas, procure os pr\u00f3ximos FAQ para confirmar.<\/p>\n<p class=\"uk-background-muted uk-padding\">Para dizer que prefere acreditar que acabou, para dizer que s\u00f3 se vacinou para poder bundear e agora est\u00e3o tirando isso de voc\u00ea ou para recriminar a \u00c1frica como se o Brasil n\u00e3o criasse variante: <a href=\"mailto:sally@desfavor.com\">sally@desfavor.com<\/a> <\/p>\n","protected":false},"excerpt":{"rendered":"<p>Hoje seria dia do texto do C.U., mas devido \u00e0 como\u00e7\u00e3o pelo surgimento de uma nova variante de preocupa\u00e7\u00e3o, ele concordou em ceder seu dia para um FAQ. Sim, a \u00d4micron entrou no lugar do C.U. e todos os demais trocadilhos que voc\u00eas queiram (ele fez um monte). Quem quiser C.U. passa na quinta. No [&hellip;]<\/p>\n","protected":false},"author":2,"featured_media":16908,"comment_status":"open","ping_status":"open","sticky":false,"template":"","format":"standard","meta":{"footnotes":""},"categories":[26],"tags":[],"class_list":["post-19226","post","type-post","status-publish","format-standard","has-post-thumbnail","hentry","category-desfavor-bonus"],"_links":{"self":[{"href":"https:\/\/www.desfavor.com\/blog\/wp-json\/wp\/v2\/posts\/19226","targetHints":{"allow":["GET"]}}],"collection":[{"href":"https:\/\/www.desfavor.com\/blog\/wp-json\/wp\/v2\/posts"}],"about":[{"href":"https:\/\/www.desfavor.com\/blog\/wp-json\/wp\/v2\/types\/post"}],"author":[{"embeddable":true,"href":"https:\/\/www.desfavor.com\/blog\/wp-json\/wp\/v2\/users\/2"}],"replies":[{"embeddable":true,"href":"https:\/\/www.desfavor.com\/blog\/wp-json\/wp\/v2\/comments?post=19226"}],"version-history":[{"count":1,"href":"https:\/\/www.desfavor.com\/blog\/wp-json\/wp\/v2\/posts\/19226\/revisions"}],"predecessor-version":[{"id":35998,"href":"https:\/\/www.desfavor.com\/blog\/wp-json\/wp\/v2\/posts\/19226\/revisions\/35998"}],"wp:featuredmedia":[{"embeddable":true,"href":"https:\/\/www.desfavor.com\/blog\/wp-json\/wp\/v2\/media\/16908"}],"wp:attachment":[{"href":"https:\/\/www.desfavor.com\/blog\/wp-json\/wp\/v2\/media?parent=19226"}],"wp:term":[{"taxonomy":"category","embeddable":true,"href":"https:\/\/www.desfavor.com\/blog\/wp-json\/wp\/v2\/categories?post=19226"},{"taxonomy":"post_tag","embeddable":true,"href":"https:\/\/www.desfavor.com\/blog\/wp-json\/wp\/v2\/tags?post=19226"}],"curies":[{"name":"wp","href":"https:\/\/api.w.org\/{rel}","templated":true}]}}