{"id":19256,"date":"2021-12-07T11:52:33","date_gmt":"2021-12-07T14:52:33","guid":{"rendered":"http:\/\/www.desfavor.com\/blog\/?p=19256"},"modified":"2025-11-06T12:33:50","modified_gmt":"2025-11-06T15:33:50","slug":"faq-coronavirus-42","status":"publish","type":"post","link":"https:\/\/www.desfavor.com\/blog\/2021\/12\/faq-coronavirus-42\/","title":{"rendered":"FAQ: Coronav\u00edrus &#8211; 42"},"content":{"rendered":"<p><strong>J\u00e1 se sabe se a \u00d4micron \u00e9 mais transmiss\u00edvel, mais letal ou mais resistente?<\/strong><\/p>\n<p>N\u00e3o. A \u00fanica confirma\u00e7\u00e3o que temos \u00e9 que ela \u00e9 sim mais transmiss\u00edvel.<!--more--><\/p>\n<p>O que preocupa \u00e9 ver que a \u00d4micron est\u00e1 se espalhando mais r\u00e1pido que qualquer outra variante na \u00c1frica do Sul. Pensem comigo: quando a primeira variante preocupante chegou, a Alfa, era princ\u00edpio de pandemia, portanto, ela encontrou pessoas sem qualquer defesa, sem qualquer anticorpo para covid. Foi tudo mais f\u00e1cil para a Alfa. A \u00d4micron pode n\u00e3o ter encontrado pessoas vacinadas, mas encontrou um monte de gente que j\u00e1 teve covid-19, ou seja, pessoas que tem alguma imunidade \u201cnatural\u201d \u00e0 doen\u00e7a, cujos corpos j\u00e1 viram o v\u00edrus e j\u00e1 o combateram antes.<\/p>\n<p>Ainda assim, a \u00d4micron est\u00e1 infectando mais r\u00e1pido do que as variantes anteriores. Como se explica isso? Duas hip\u00f3teses, ambas sendo estudadas, para explicar o grau de cont\u00e1gio da \u00d4micron: ou \u00e9 o v\u00edrus mais transmiss\u00edvel da hist\u00f3ria da humanidade, ou ela consegue um escape consider\u00e1vel ao sistema imune. Ou ambos.<\/p>\n<p>Se ela fosse absurdamente transmiss\u00edvel ela estaria infectando tanto por conseguir encontrar quem ainda n\u00e3o teve covid e n\u00e3o tem imunidade natural. Fosse por escape vacinal ela estaria infectando tanto por conseguir contaminar quem a Delta n\u00e3o conseguiu pegar.<\/p>\n<p>Que a \u00d4micron \u00e9 muito transmiss\u00edvel, \u00e9 fato. Para justificar a quantidade de cont\u00e1gios que ela promoveu em t\u00e3o pouco tempo tomando por base apenas o fato de ser mais contagiosa, ter\u00edamos que presumir que a taxa de transmiss\u00e3o dela seria de 20 a 30 pessoas por caso, o que \u00e9 algo in\u00e9dito no mundo (o v\u00edrus mais transmiss\u00edvel \u00e9 o sarampo, que contamina entre 15 a 18 pessoas por doente). \u00c9 poss\u00edvel? \u00c9 poss\u00edvel, mas \u00e9 bastante improv\u00e1vel.<\/p>\n<p>O mais prov\u00e1vel \u00e9 que, al\u00e9m de ser mais transmiss\u00edvel, a \u00d4micron tamb\u00e9m consiga infectar pessoas que a Delta n\u00e3o consegue. Isso quer dizer que a \u00d4micron est\u00e1 infectando pessoas imunes.<\/p>\n<p>A\u00ed vem a pergunta: imunes por vacina ou a imunidade natural de quem teve covid? N\u00c3O SABEMOS. Voc\u00ea vai escutar muita gente dizendo que a \u00d4micron n\u00e3o escapa de vacinas e vai escutar muita gente dizendo que a \u00d4micron escapa de vacinas, mas a verdade \u00e9 que isso ainda n\u00e3o foi confirmado, pois n\u00e3o deu tempo de fazer todos os testes necess\u00e1rios. Quando for, n\u00f3s vamos fazer um FAQ sobre isso contando todos os detalhes.<\/p>\n<p>O que se sabe sobre escape imune at\u00e9 aqui: ela \u00e9 muito boa em escapar da imunidade natural do corpo, ou seja, a imunidade que quem teve covid adquiriu. Estima-se que ela consiga escapar da imunidade natural de 90% das pessoas. Isso significa que aquele papo de \u201cvou pegar logo para ficar imune\u201d recebeu a \u00faltima p\u00e1 de cal: a imunidade natural, do seu corpo, n\u00e3o serve mais, ela n\u00e3o barra a \u00d4micron.<\/p>\n<p>Ent\u00e3o, de hoje em diante, em hip\u00f3tese alguma voc\u00ea deve se sentir protegido com o pensamento \u201cj\u00e1 tive covid, tenho anticorpos\u201d. N\u00c3O. Ao que tudo indica, j\u00e1 temos uma variante que consegue burlar esses anticorpos de quem adoeceu. Esquece a ideia de imunidade de rebanho se todo mundo se contaminar. N\u00e3o vai acontecer. Se contaminar \u00e9 colocar em risco a sua vida, \u00e9 se colocar em risco de sequelas, para nada, pois, at\u00e9 onde se sabe, n\u00e3o te protege contra a \u00d4micron.<\/p>\n<p>E a imunidade obtida por vacinas? Essa \u00e9 a pergunta de um milh\u00e3o de d\u00f3lares, para a qual ainda n\u00e3o se tem resposta. Voc\u00ea vai ler laborat\u00f3rio dizendo isso ou aquilo, mas a verdade \u00e9 que ainda est\u00e1 sendo testado. N\u00e3o sabemos o quanto cada vacina protege, mas tudo indica que essa resposta vem em uma ou duas semanas. Ent\u00e3o, repito: voc\u00ea n\u00e3o sabe o quanto a vacina que tem no bra\u00e7o te protege, custa sossegar o cu at\u00e9 saber essa reposta?<\/p>\n<p>Mais um detalhe: n\u00e3o deve ser uma resposta de \u201csim\u201d ou \u201cn\u00e3o\u201d. Sim, escapa de todas as vacinas ou n\u00e3o, n\u00e3o escapa de nenhuma vacina. \u00c9 poss\u00edvel que algumas vacinas tenham uma prote\u00e7\u00e3o maior contra ela e outras tenham uma prote\u00e7\u00e3o menor. Pode ser que vacina de vetor viral se mostre ineficiente e vacina de v\u00edrus inativado supereficiente \u2013 ou vice versa. Ent\u00e3o, neste exato momento, \u00e9 como a Vacina de Schr\u00f6dinger: estamos todos com a melhor vacina ou com a pior vacina, at\u00e9 que n\u00e3o saiam os resultados dos estudos.<\/p>\n<p>Sobre a seriedade da doen\u00e7a que ela causa, at\u00e9 aqui, nada indica que seja mais letal, mas, sem querer ser escrota, n\u00e3o deu tempo dela concluir um ciclo inteiro e da gente ver pessoas morrendo ou de ver o potencial de hospitaliza\u00e7\u00e3o que ela causa: a transmiss\u00e3o acontece nos sete primeiro dias, os sintomas normalmente aparecem sete dias depois e os sintomas graves, que demandam hospitaliza\u00e7\u00e3o, normalmente aparecem depois da segunda semana do cont\u00e1gio e o tempo de morte ap\u00f3s a hospitaliza\u00e7\u00e3o demora entre duas semanas a um m\u00eas.<\/p>\n<p>N\u00e3o deu tempo de acompanhar esse ciclo todo com a \u00d4micron, ela foi detectada no dia 24 de novembro, n\u00e3o deu tempo de ver como os casos v\u00e3o progredir. Ela pode ser menos letal, ela pode ser mais letal ou ela pode ter a mesma letalidade de outra variante. Ent\u00e3o, segura a comemora\u00e7\u00e3o. Tudo leva a crer que ela, pela severidade da doen\u00e7a at\u00e9 aqui, que ela n\u00e3o seja mais letal, mas certeza a gente s\u00f3 vai ter em algumas semanas.<\/p>\n<p>Vale lembrar que uma variante n\u00e3o precisa ser mais letal para matar mais gente. A Europa, com a Delta, que parece ser menos contagiosa do que a \u00d4micron, est\u00e1 vendo gente morrer por falta de hospital. O que voc\u00eas acham que vai acontecer quando entrar a \u00d4micron por cima, em pleno inverno? Covid tratada mata pouco, covid n\u00e3o tratada mata muito. Uma variante, pelo simples fato de ser mais contagiosa, pode acabar, indiretamente, sendo mais letal pelo colapso hospitalar que provoca.<\/p>\n<p>Vale lembrar tamb\u00e9m que tem estado brasileiro com 70% de n\u00e3o vacinados, que justamente s\u00e3o as regi\u00f5es que tem a pior infraestrutura de sa\u00fade. Nesses lugares podemos ver um desastre.<\/p>\n<p>\u201cMas Sally, na \u00c1frica do Sul, onde poucos tem vacina, est\u00e3o morrendo pouco, isso n\u00e3o \u00e9 sinal que a gente vai tirar de letra?\u201d. N\u00e3o necessariamente. \u00c9 uma popula\u00e7\u00e3o jovem. N\u00e3o sabemos como a \u00d4micron vai se comportar quando chegar a uma popula\u00e7\u00e3o mais velha e n\u00e3o sabemos como ela vai se comportar quando confrontada com a imunidade de vacina. Se ela escapar da imunidade de vacina com a mesma facilidade que escapa da imunidade natural, podemos ter problemas sim.<\/p>\n<p>Desculpa essa resposta cheia de \u201cn\u00e3o sabemos\u201d, mas essa \u00e9 a grande verdade. N\u00e3o sabemos, mas vamos saber r\u00e1pido, s\u00e3o respostas que vem em poucas semanas ou at\u00e9 poucos dias. Tem gente trabalhando dia e noite para responder isso.<\/p>\n<p>Ent\u00e3o, fica aqui meu apelo: como deve ser uma quest\u00e3o de dias, sosseguem o cu em casa at\u00e9 saber. A \u00d4micron j\u00e1 est\u00e1 espalhada pelo mundo todo, provavelmente j\u00e1 est\u00e1 no seu pa\u00eds e no seu estado. Tentem n\u00e3o sair a menos que seja muito necess\u00e1rio at\u00e9 entender exatamente com o que se est\u00e1 lidando.<\/p>\n<hr \/>\n<p><strong>A OMS pediu que n\u00e3o fechem as fronteiras com a \u00c1frica do Sul. N\u00e3o entendi o motivo, j\u00e1 que tem uma nova variante vinda de l\u00e1.<\/strong><\/p>\n<p>S\u00e3o dois motivos: 1) n\u00e3o adianta e 2) acaba sendo um est\u00edmulo \u00e0 falta de transpar\u00eancia.<\/p>\n<p>Fato: o ser humano n\u00e3o consegue perceber as muta\u00e7\u00f5es de covid em tempo real. O v\u00edrus muta, infecta um monte de gente e s\u00f3 depois n\u00f3s percebemos. \u00c0s vezes leva meses. Ent\u00e3o, quando finalmente nos damos conta de que existe uma nova variante circulando, ela j\u00e1 se espalhou. N\u00e3o adianta nada fechar as fronteiras com o pa\u00eds ou com o continente de onde ela supostamente surgiu, ela j\u00e1 est\u00e1 nos quatro cantos do mundo.<\/p>\n<p>A \u00d4micron ainda \u00e9 muito recente para mapeamento, mas sabe-se que no Brasil a variante Delta, que surgiu na \u00cdndia, entrou atrav\u00e9s de europeus e americanos (foram constatadas mais de 200 entradas diferentes). Adiantou fechar as fronteiras com a \u00cdndia? N\u00e3o. J\u00e1 estava espalhado, pessoas de outros pa\u00edses a trouxeram. Se \u00e9 para fechar fronteiras, fecha com o mundo todo ou n\u00e3o fecha.<\/p>\n<p>O controle de fronteiras eficientes \u00e9 outro: \u00e9 testagem, \u00e9 quarentena de quem chega isolado em hotel (pois existe uma janela que \u00e0s vezes \u00e9 de dias na qual a pessoa pode estar com covid mas n\u00e3o ser acusado no teste PCR), \u00e9 rastreio de contatos e tantas outras coisas que o Brasil n\u00e3o faz.<\/p>\n<p>Al\u00e9m de ser ineficiente, o fechamento de fronteiras do mundo todo com aquele pa\u00eds gera in\u00fameros preju\u00edzos para ele e para sua popula\u00e7\u00e3o: estigma, baque econ\u00f4mico, perda de turismo e muitos outros.<\/p>\n<p>O que seria o certo: o pa\u00eds diz \u201cpessoal, temos um problema aqui\u201d e o mundo todo manda testes, vacinas, rem\u00e9dios e cientistas para ajudar. Joinha. Isso estimula a que todos os que tem problemas falem dele em voz alta, pois sabem que receber\u00e3o ajuda.<\/p>\n<p>O que n\u00e3o ajuda: o pa\u00eds diz \u201cpessoal, temos um problema aqui\u201d e todo mundo fecha as portas na cara dele, deixando-o sem turismo, sem com\u00e9rcio e com um estigma que cola na sua popula\u00e7\u00e3o. Causa um baque financeiro, gera discrimina\u00e7\u00e3o e desconfian\u00e7a.<\/p>\n<p>Quando isso acontece, a tend\u00eancia \u00e9 que os pa\u00edses escondam novas variantes ou qualquer outro tipo de problema, para n\u00e3o terem as portas fechadas na sua cara. Eles deixam a variante se espalhar torcendo para a bomba explodir no colo de outro pa\u00eds. N\u00e3o queremos isso, queremos? Por isso, a postura mundial tem que ser de acolhimento e ajuda, assim se incentiva a que, ao menor sinal de problemas, os pa\u00edses os reportem.<\/p>\n<p>O v\u00edrus \u00e9 mundial, o problema \u00e9 mundial e se resolve com coopera\u00e7\u00e3o, n\u00e3o apontando dedos e fechando portas. T\u00e1 a\u00ed o Brasil para provar, que fechou a fronteira com diversos pa\u00edses africanos e t\u00e1 com \u00d4micron at\u00e9 o pesco\u00e7o. Ali\u00e1s, muito feio ver brasileiro falando mal de pa\u00eds africano e defendendo fechamento de fronteiras, parece que esqueceram que tamb\u00e9m criaram uma variante&#8230;<\/p>\n<hr \/>\n<p><strong>O fato da \u00d4micron ter mutado para um v\u00edrus mais transmiss\u00edvel n\u00e3o \u00e9 uma boa not\u00edcia? N\u00e3o quer dizer que esse \u00e9 o caminho que ele vai tomar, me vez de se tornar um v\u00edrus mais letal?<\/strong><\/p>\n<p>N\u00e3o.<\/p>\n<p>Primeiro que ainda n\u00e3o temos como aferir a letalidade, com base em poucos casos e sem deixar passar todo o per\u00edodo de tempo necess\u00e1rio para o v\u00edrus agir. Segundo por n\u00e3o existir uma trilha determinada do caminho do v\u00edrus como voc\u00ea falou. Uma hora ele pode ir por um caminho, outra hora por outro.<\/p>\n<p>Naquele lugar espec\u00edfico, a variante que triunfou foi pelo caminho da maior transmissibilidade e de aprender a burlar a imunidade natural pois eram essas as barreiras que impediam o cont\u00e1gio: pessoas n\u00e3o vacinadas que j\u00e1 pegaram o v\u00edrus s\u00f3 se contaminam se surgir uma variante que seja muito contagiosa e que saiba escapar \u00e0 imunidade natural do corpo.<\/p>\n<p>Isso mostra que o v\u00edrus tem \u201cdisposi\u00e7\u00e3o\u201d para mutar at\u00e9 conseguir ser efetivo novamente. Naquele contexto, ele conseguiu as muta\u00e7\u00f5es necess\u00e1rias. Da\u00ed fica a pergunta: quando ele chegar em um contexto de muita gente vacinada, ele vai ser capaz de mutar at\u00e9 escapar \u00e0 imunidade das vacinas? N\u00e3o sabemos, esperamos que n\u00e3o, mas pode ser que ele consiga.<\/p>\n<p>E o ser humano parece determinado a ajudar o v\u00edrus: muitos pa\u00edses est\u00e3o contando apenas com a vacina\u00e7\u00e3o, sem impor medidas de isolamento social, fazendo com que o v\u00edrus circule por vacinados e tenha que dar um jeito de infect\u00e1-los. Pode ser que o v\u00edrus nunca consiga escapar das vacinas, mas pode ser que ele consiga, principalmente quando esse \u00e9 o \u00fanico empecilho para que ele continue a se espalhar.<\/p>\n<hr \/>\n<p><strong>Na minha cidade n\u00e3o precisa usar m\u00e1scara em lugar aberto se n\u00e3o tiver outras pessoas por perto. Isso \u00e9 seguro? Quando devo colocar a m\u00e1scara?<\/strong><\/p>\n<p>Eu juro que eu n\u00e3o consigo entender essa din\u00e2mica. Como isso funciona? A qualquer momento uma pessoa pode se aproximar de voc\u00ea. Nesse caso, o que se faz? Se coloca a m\u00e1scara correndo? E se a pessoa estiver, por exemplo, em uma bicicleta? Vai dar tempo? Eu n\u00e3o sei quem \u00e9 que acha legal viver nessa gincana de tira e bota, sinceramente, me parece mais f\u00e1cil ficar o tempo todo de m\u00e1scara e ficar em paz.<\/p>\n<p>E, c\u00e1 entre n\u00f3s, eu n\u00e3o confio na orienta\u00e7\u00e3o que d\u00e3o no Brasil. Sim, eu sou assim de arrogante. \u00c9 que um estudo recente feito com variantes mais transmiss\u00edveis constatou que a regra talvez seja outra: o risco de transmiss\u00e3o de duas pessoas sem m\u00e1scara onde uma est\u00e1 infectada \u00e9 de 90% mesmo estando a 3 metros de dist\u00e2ncia, ou seja, o que recomenda o Brasil me parece insuficiente. \u00c9 fato cientificamente provado que, sem m\u00e1scara, voc\u00ea pode se infectar estando a 3 metros de dist\u00e2ncia.<\/p>\n<p>Nesse mesmo estudo, se constatou que se uma das pessoas estiver usando uma m\u00e1scara PFF2, o risco cai para 20% e se ambas estiverem usando uma m\u00e1scara PFF2 o risco cai para 0,5%. Ent\u00e3o, eu sinceramente prefiro usar m\u00e1scara sempre.<\/p>\n<p>Mas vamos supor que voc\u00ea n\u00e3o prefira. Vamos supor que voc\u00ea quer saber quando \u00e9 seguro estar sem m\u00e1scara. Nesse caso, esque\u00e7a a orienta\u00e7\u00e3o de X metros de dist\u00e2ncia, vamos usar outro crit\u00e9rio. Vou usar emprestado uma compara\u00e7\u00e3o que v\u00e1rios infectologistas est\u00e3o fazendo: fuma\u00e7a de cigarro.<\/p>\n<p>Ao olhar para outra pessoa, pense da seguinte forma: se essa pessoa estivesse fumando um cigarro, voc\u00ea conseguiria sentir o cheiro? Se sim, tem que usar m\u00e1scara. Se n\u00e3o, ainda \u00e9 seguro. Perceba que, para n\u00e3o sentir o cheiro de fuma\u00e7a de cigarro, um fumante tem que estar muito, mas muito longe de voc\u00ea. Se tiver um fumante na esquina, eu sinto. E, novamente, minha recomenda\u00e7\u00e3o \u00e9 usar m\u00e1scara sempre.<\/p>\n<p>N\u00e3o custa lembrar que a \u00fanica m\u00e1scara que te protege efetivamente \u00e9 a PFF2, desde que: bem colocada (que n\u00e3o entre ar por nenhuma fresta e que ela n\u00e3o se mova no seu rosto), que n\u00e3o esteja \u00famida (se estiver \u00e9 hora de trocar), que voc\u00ea n\u00e3o encoste na m\u00e1scara, n\u00e3o a aperte e n\u00e3o a mova. Qualquer vacilo agora \u00e9 ainda mais perigoso.<\/p>\n<p>Para terminar, n\u00e3o sei se voc\u00eas sabem, mas muitos estados est\u00e3o reportando surtos de outras doen\u00e7as respirat\u00f3rias, como gripe e outros v\u00edrus respirat\u00f3rios. Inclusive entre crian\u00e7as, h\u00e1 um aumento alarmante de casos de um v\u00edrus chamado V\u00edrus Sincicial Respirat\u00f3rio (para o qual n\u00e3o existe vacina). Isso \u00e9 mais um motivo para usar m\u00e1scaras o tempo todo, se n\u00e3o pela covid-19, pelo resto.<\/p>\n<p>N\u00e3o jogue dinheiro fora: use apenas PFF2: <a href=\"https:\/\/www.pffparatodos.com\/\">https:\/\/www.pffparatodos.com\/<\/a><br \/>\n(n\u00e3o \u00e9 publi, n\u00e3o ganhamos dinheiro, permuta, nem ao menos um \u201cobrigado\u201d por divulgar esse site). Encontre a que melhor encaixa no formato do seu rosto, a que veda completamente e n\u00e3o fica frouxa e use apenas PFF2. N\u00e3o precisa jogar fora depois do uso, pode deixar descansar por uns dias (alternando com outras PFF2) e usar novamente.<\/p>\n<hr \/>\n<p><strong>Qual a melhor vacina para dose de refor\u00e7o?<\/strong><\/p>\n<p>A que tiver no posto. TOME. O que te oferecerem, tome. Qualquer vacina hoje \u00e9 melhor do que esperar chegar vacina X ou Y amanh\u00e3. O Brasil est\u00e1 lento na aplica\u00e7\u00e3o de dose de refor\u00e7o, em parte pela in\u00e9rcia da popula\u00e7\u00e3o, que, segundo pesquisas \u201cn\u00e3o v\u00ea necessidade\u201d dessa dose, em parte por quererem escolher vacina.<\/p>\n<p>POR FAVOR, TOMEM A DOSE DE REFOR\u00c7O, que, na real, nem deveria ser chamada assim, pois estudos indicam que a dosagem correta para prote\u00e7\u00e3o s\u00e3o tr\u00eas vacinas. Quem tomou duas est\u00e1, na verdade, com o esquema vacinal incompleto.<\/p>\n<p>Os estudo que existem s\u00e3o indicando necessidade de uma nova vacina ap\u00f3s o quinto m\u00eas da data de aplica\u00e7\u00e3o da segunda dose, mas n\u00e3o tem nenhum problema em tomar quatro meses depois, como est\u00e3o fazendo alguns estados brasileiros. Tome. Tome o que te derem, quando te derem. Se est\u00e3o aplicando, foi aprovado por laborat\u00f3rio, pela ANVISA e por cientistas do mundo todo.<\/p>\n<p>Tome essa e todas as vacinas correspondentes (a da gripe inclusive). Tome e vacine seus filhos, pois o Brasil est\u00e1 com a pior cobertura vacinal dos \u00faltimos 40 anos, arriscado a voltar a ter casos de poliomielite e sarampo por falta de vacina\u00e7\u00e3o.<\/p>\n<p>E, PORRA BRASIL, VACINEM AS CRIAN\u00c7AS CONTRA COVID-19 antes dessa porra de \u00d4micron explodir!<\/p>\n<p>Mesmo quem n\u00e3o se preocupa com sa\u00fade, pensem na economia, no estrago que faria um novo surto, com novos fechamentos, com novos colapsos hospitalares. Nem que seja para proteger a economia: se vacinem, vacinem estados com pouco vacinados e vacinem as crian\u00e7as.<\/p>\n<p class=\"uk-background-muted uk-padding\">Para dizer que est\u00e1 infeliz pelo FAQ ter voltado (o que voltou foi o v\u00edrus), para dizer que j\u00e1 tem uma boa desculpa para n\u00e3o ir \u00e0s festas de Natal ou ainda para dizer que vai sentir saudades do Desfavor n\u00e3o-monotem\u00e1tico: <a href=\"mailto:sally@desfavor.com\">sally@desfavor.com<\/a><\/p>\n","protected":false},"excerpt":{"rendered":"<p>J\u00e1 se sabe se a \u00d4micron \u00e9 mais transmiss\u00edvel, mais letal ou mais resistente? N\u00e3o. A \u00fanica confirma\u00e7\u00e3o que temos \u00e9 que ela \u00e9 sim mais transmiss\u00edvel.<\/p>\n","protected":false},"author":2,"featured_media":16908,"comment_status":"open","ping_status":"open","sticky":false,"template":"","format":"standard","meta":{"footnotes":""},"categories":[26],"tags":[],"class_list":["post-19256","post","type-post","status-publish","format-standard","has-post-thumbnail","hentry","category-desfavor-bonus"],"_links":{"self":[{"href":"https:\/\/www.desfavor.com\/blog\/wp-json\/wp\/v2\/posts\/19256","targetHints":{"allow":["GET"]}}],"collection":[{"href":"https:\/\/www.desfavor.com\/blog\/wp-json\/wp\/v2\/posts"}],"about":[{"href":"https:\/\/www.desfavor.com\/blog\/wp-json\/wp\/v2\/types\/post"}],"author":[{"embeddable":true,"href":"https:\/\/www.desfavor.com\/blog\/wp-json\/wp\/v2\/users\/2"}],"replies":[{"embeddable":true,"href":"https:\/\/www.desfavor.com\/blog\/wp-json\/wp\/v2\/comments?post=19256"}],"version-history":[{"count":2,"href":"https:\/\/www.desfavor.com\/blog\/wp-json\/wp\/v2\/posts\/19256\/revisions"}],"predecessor-version":[{"id":35997,"href":"https:\/\/www.desfavor.com\/blog\/wp-json\/wp\/v2\/posts\/19256\/revisions\/35997"}],"wp:featuredmedia":[{"embeddable":true,"href":"https:\/\/www.desfavor.com\/blog\/wp-json\/wp\/v2\/media\/16908"}],"wp:attachment":[{"href":"https:\/\/www.desfavor.com\/blog\/wp-json\/wp\/v2\/media?parent=19256"}],"wp:term":[{"taxonomy":"category","embeddable":true,"href":"https:\/\/www.desfavor.com\/blog\/wp-json\/wp\/v2\/categories?post=19256"},{"taxonomy":"post_tag","embeddable":true,"href":"https:\/\/www.desfavor.com\/blog\/wp-json\/wp\/v2\/tags?post=19256"}],"curies":[{"name":"wp","href":"https:\/\/api.w.org\/{rel}","templated":true}]}}