{"id":19320,"date":"2021-12-23T11:58:07","date_gmt":"2021-12-23T14:58:07","guid":{"rendered":"https:\/\/www.desfavor.com\/blog\/?p=19320"},"modified":"2021-12-23T11:58:07","modified_gmt":"2021-12-23T14:58:07","slug":"faq-coronavirus-46","status":"publish","type":"post","link":"https:\/\/www.desfavor.com\/blog\/2021\/12\/faq-coronavirus-46\/","title":{"rendered":"FAQ: Coronav\u00edrus &#8211; 46"},"content":{"rendered":"<p><strong>Existe forma de fazer uma Ceia de Natal 100% segura?<\/strong><\/p>\n<p>N\u00e3o. 100% seguro ningu\u00e9m est\u00e1. Mas, se voc\u00ea quer saber qual \u00e9 a m\u00e1xima seguran\u00e7a que se pode ter, seria fazer a Ceia de Natal restrita \u00e0s pessoas com as quais voc\u00ea vive, sem trazer pessoas de fora.<!--more--><\/p>\n<p>Nesta fase da pandemia, temos o seguinte quadro: muitas pessoas vacinadas e alguns grupos n\u00e3o vacinados. \u00c9 muito bom ter muita gente vacinada, mas, ao mesmo tempo, d\u00e1 uma sensa\u00e7\u00e3o de seguran\u00e7a ao vacinado, que come\u00e7a a se descuidar mais. <\/p>\n<p>Como voc\u00eas j\u00e1 est\u00e3o cansados de saber, essa vacina \u00e9 para o vacinado n\u00e3o morrer, n\u00e3o para conter o cont\u00e1gio do v\u00edrus, portanto, pessoas vacinadas podem pegar covid-19 e, ainda que estejam sem sintomas, podem contaminar outras pessoas \u2013 principalmente as n\u00e3o vacinadas.<\/p>\n<p>Ceia de Natal normalmente re\u00fane diferentes gera\u00e7\u00f5es, pessoas de todas as idades. Ent\u00e3o, voc\u00ea pode ter gente vacinada que relaxou um pouco nos cuidados convivendo com grupos de n\u00e3o vacinados, como por exemplo, crian\u00e7as. Isso n\u00e3o \u00e9 legal. Isso \u00e9 sim um risco. Crian\u00e7a pode pegar covid, crian\u00e7a pode adoecer seriamente por covid, crian\u00e7a pode morrer de covid, crian\u00e7a pode ficar com sequelas por covid.<\/p>\n<p>\u201cMas Sally, e se eu pedir para minha prima n\u00e3o levar os filhos na Ceia?\u201d. N\u00e3o vejo que m\u00e3e v\u00e1 querer ficar longe dos filhos no Natal, mas, ainda assim, n\u00e3o adianta nada, pois se sua prima for, depois ela volta para casa e convive com os filhos: ela pode pegar e passar para as crian\u00e7as. Ent\u00e3o, n\u00e3o compre briga com sua prima pedindo uma coisa dessas, pois n\u00e3o vai adiantar.<\/p>\n<p>\u201cMas Sally, quais s\u00e3o as chances reais de crian\u00e7as pegarem?\u201d. N\u00e3o sabemos. S\u00f3 sabemos que a \u00d4micron \u00e9 muito mais contagiosa do que se esperava. Estudos do Reino Unido indicam que a \u00d4micron est\u00e1 dobrando o n\u00famero de casos a cada dois dias. N\u00e3o sei se voc\u00eas entendem bem o que isso quer dizer. <\/p>\n<p>A cada dois dias, o n\u00famero de casos que existe dobra. N\u00e3o \u00e9 que tem mais dois casos a cada dois dias. Os n\u00fameros que j\u00e1 existem dobram. Fa\u00e7am a conta mental e vejam a que n\u00fameros se chega depois de tr\u00eas semanas. A \u00d4micron \u00e9 hoje o v\u00edrus estudado mais contagioso com o qual o ser humano j\u00e1 conviveu. At\u00e9 aqui, no pior momento da pandemia antes dessa nova variante, o m\u00e1ximo que vimos foi o n\u00famero de casos dobrando a cada cinco dias.<\/p>\n<p>\u201cMas Sally, agora tem vacina, ent\u00e3o, mesmo t\u00e3o transmiss\u00edvel n\u00e3o vai ser t\u00e3o ruim, n\u00e9?\u201d. Para quem tem prote\u00e7\u00e3o vacinal, ou seja, para quem est\u00e1 com tr\u00eas doses de vacina no bra\u00e7o, n\u00e3o. Para quem est\u00e1 com duas (veja pr\u00f3xima resposta) menos e, para quem n\u00e3o est\u00e1 vacinado, nem com batuques e ora\u00e7\u00f5es h\u00e1 prote\u00e7\u00e3o.<\/p>\n<p>Ent\u00e3o, diante desse cen\u00e1rio, que ainda tem muitas incertezas, eu n\u00e3o arriscaria reunir idosos e crian\u00e7as com pessoas que saem na rua se n\u00e3o houvesse uma terceira dose de vacina em todos.<\/p>\n<hr \/>\n<p><strong>Uma Ceia de Natal em uma fam\u00edlia sem crian\u00e7as \u00e9 segura?<\/strong><\/p>\n<p>Depende. Est\u00e1 todo mundo com a terceira dose (a chamada \u201cdose de refor\u00e7o) no bra\u00e7o? Se sim, eu considero a Ceia segura. Envolve algum tipo de risco, mas, at\u00e9 onde sabemos \u00e9 baixo. Tr\u00eas doses barram com relativa seguran\u00e7a a transmiss\u00e3o, impedindo de forma relativamente segura que a pessoa pegue, adoe\u00e7a, morra ou espalhe.<\/p>\n<p>Mas, como nem 15% dos brasileiros receberam dose de refor\u00e7o at\u00e9 aqui, acho muito improv\u00e1vel que em uma fam\u00edlia, pessoas de diferentes idades estejam todas com 3 doses de vacina aplicadas. Se n\u00e3o est\u00e1 todo mundo com a terceira dose tomada, eu n\u00e3o considero seguro. <\/p>\n<p>Mas, como \u201cseguro\u201d e um conceito subjetivo, vou te passar os dados que temos at\u00e9 aqui e voc\u00ea faz o seu pr\u00f3prio julgamento, ok?<\/p>\n<p>Antes da \u00d4micron, uma pessoa vacinada com duas doses de Pfizer, que \u00e9 uma das vacinas que apresentava maior efic\u00e1cia, tinha 80% de prote\u00e7\u00e3o contra infec\u00e7\u00e3o, isto \u00e9, a cada 100 vacinados, apenas 20 eram infectados pelo coronav\u00edrus. Legal, n\u00e9? As probabilidades a favor. Pois \u00e9, agora, com a \u00d4micron, mudou. Atualmente, a prote\u00e7\u00e3o \u00e9 de apenas 30%, ou seja, de cada 100 vacinados, 70 poder\u00e3o pegar a doen\u00e7a. As probabilidade n\u00e3o est\u00e3o mais a favor. Agora, um vacinado com duas doses tem mais chances de pegar a doen\u00e7a do que de n\u00e3o pegar.<\/p>\n<p>Isso n\u00e3o quer dizer que quem pegue a doen\u00e7a v\u00e1 ter um caso grave ou precisar de interna\u00e7\u00e3o. Quando falamos de prote\u00e7\u00e3o contra interna\u00e7\u00e3o hospitalar os n\u00fameros s\u00e3o outros. <\/p>\n<p>Antes da \u00d4micron, duas doses de Pfizer geravam 90% de prote\u00e7\u00e3o contra casos graves e interna\u00e7\u00f5es hospitalares, ou seja, a cada 100 vacinados, apenas 10 desenvolviam uma vers\u00e3o grave da doen\u00e7a. Hoje, com duas doses da Pfizer as chances de casos graves e hospitaliza\u00e7\u00e3o s\u00e3o de 70%, ou seja, a cada 100 vacinados, 30 poder\u00e3o desenvolver um caso graves. <\/p>\n<p>Ent\u00e3o, resumindo o que se sabe at\u00e9 aqui: com duas doses voc\u00ea tem muito mais chances de pegar a doen\u00e7a e s\u00f3 um pouquinho mais de chances de ter uma vers\u00e3o grave dela.<\/p>\n<p>\u201cMas Sally, se ainda tem boa prote\u00e7\u00e3o contra hospitaliza\u00e7\u00e3o e morte, por qual motivo voc\u00ea n\u00e3o acha seguro reunir em Ceia de Natal?\u201d. Por existem grupos que ainda n\u00e3o tomaram nenhuma dose da vacina (como as crian\u00e7as) e um grande grupo que s\u00f3 tem duas doses. A sua Ceia pode ser s\u00f3 de adultos, mas dificilmente todos eles tomaram a terceira dose. Al\u00e9m disso, acho muito improv\u00e1vel que voc\u00ea n\u00e3o conviva, fora da Ceia, com nenhuma crian\u00e7a (ou com algu\u00e9m que conviva com uma crian\u00e7a) ou com pessoas s\u00f3 com duas doses.<\/p>\n<p>Mesmo que voc\u00ea n\u00e3o morra, voc\u00ea vai fazer o v\u00edrus circular e facilitar sua chegada em quem ainda n\u00e3o est\u00e1 protegido (sem contar que quanto mais o v\u00edrus circula, mais chances de mutar). Ent\u00e3o, por uma quest\u00e3o de consci\u00eancia, de querer parar essa porcaria de pandemia, de me colocar no lugar dos outros, eu n\u00e3o acho seguro.<\/p>\n<p>Com o plus que temos esses dados da Pfizer, uma vacina que se mostrou muito segura e eficaz, mas n\u00e3o temos dados sobre outras vacinas. Pode ser que no caso de outras vacinas o resultado seja muito pior. N\u00e3o sabemos. Quer pagar para ver?<\/p>\n<hr \/>\n<p><strong>Qual \u00e9 o risco de uma Ceia de Natal com idosos com duas doses de vacina e com idosos com tr\u00eas doses de vacina?<\/strong><\/p>\n<p>N\u00e3o sei. E n\u00e3o acho que ningu\u00e9m possa te dar essa resposta, pois al\u00e9m de depender da vacina que a pessoa tomou, de quanto tempo se passou dessa vacina e da sa\u00fade do idoso, tamb\u00e9m depende de um fator que n\u00f3s n\u00e3o temos como aferir com facilidade: o quanto o sistema imune daquele idoso ainda funciona.<\/p>\n<p>Idosos s\u00e3o sempre um risco, pois por mais que tenham 500 doses de vacina, seu sistema imune pode n\u00e3o funcionar t\u00e3o bem quanto se espera e eles podem formar uma prote\u00e7\u00e3o mais \u201cfraca\u201d. N\u00e3o adianta dar a melhor vacina, da melhor forma, a um organismo que, apesar de reconhec\u00ea-la, j\u00e1 n\u00e3o consegue formar uma boa defesa contra o v\u00edrus.<\/p>\n<p>Pense da seguinte forma: voc\u00ea quer adquirir c\u00e3es de guarda para proteger a sua casa. Vai no melhor canil, compra os melhores filhotes, da melhor ra\u00e7a, contrata o melhor adestrador, d\u00e1 a melhor ra\u00e7\u00e3o para alimentar os c\u00e3es. Durante anos eles ser\u00e3o uma bel\u00edssima prote\u00e7\u00e3o para sua casa. Mas, quando estes c\u00e3es tiverem 15 anos, estiverem meio surdos, tiverem dores nas pernas para correr, alguns dentes ca\u00edrem, ser\u00e1 que eles ser\u00e3o eficientes para te proteger? Adianta dar a melhor ra\u00e7\u00e3o para um c\u00e3o nesse estado?<\/p>\n<p>Nosso sistema imune envelhece com a gente, e pode perder algo de sua capacidade de nos proteger por conta disso. O corpo todo funciona de forma menos eficiente com o passar dos anos, \u00e9 um processo normal e esperado. Voc\u00ea n\u00e3o sabe o quanto a idade o afetou.<\/p>\n<p>E, at\u00e9 aqui, n\u00e3o temos como \u201cmedir\u201d o quanto decaiu a efici\u00eancia do nosso sistema imune. Portanto, idosos v\u00e3o descobrir o quanto seu corpo consegue proteg\u00ea-los s\u00f3 na hora em que adoecem. E pode vir uma surpresa desagrad\u00e1vel, como aconteceu com idosos famosos vacinados que faleceram.<\/p>\n<p>Ent\u00e3o, eu repito a pergunta: vale o risco? Essa resposta voc\u00ea s\u00f3 vai ter quando o idoso adoecer. Vale o risco? \u00c9 realmente t\u00e3o importante essa reuni\u00e3o a ponto de colocar em risco a vida de uma pessoa que voc\u00ea ama?<\/p>\n<hr \/>\n<p><strong>Se fizer uma Ceia de Natal em um local aberto, com distanciamento entre as pessoas, ainda tem risco?<\/strong><\/p>\n<p>Criou-se esse mito de que lugar aberto \u00e9 inofensivo. Talvez com contra a covid raiz at\u00e9 fosse, mas agora a hist\u00f3ria \u00e9 outra. <\/p>\n<p>O fato de estar em um lugar aberto, por si s\u00f3, n\u00e3o te protege, e \u00e9 muito importante deixar isso claro. Se voc\u00ea estiver em um local aberto com uma pessoa conversando pr\u00f3xima a voc\u00ea, as chances de cont\u00e1gio s\u00e3o grandes. Se voc\u00ea estiver em um local aberto sem m\u00e1scara, com v\u00e1rias pessoas conversando, falando alto e cantando, e, por um azar, uma delas tiver a \u00d4micron, as chances de cont\u00e1gio s\u00e3o muito grandes.<\/p>\n<p>Como j\u00e1 explicamos em outro FAQ, considerando o potencial de cont\u00e1gio da \u00d4micron, a dist\u00e2ncia realmente segura teria que ser, em m\u00e9dia de dez metros. E um distanciamento de dez metros impede qualquer intera\u00e7\u00e3o, qualquer conversa. Seria muito mais f\u00e1cil todo mundo ligar a c\u00e2mera do celular e cada um comer na sua casa, se reunindo online.<\/p>\n<p>Vou repetir a dica que demos em um FAQ passado: para entender qual \u00e9 a dist\u00e2ncia segura, imagine que a pessoa com a qual voc\u00ea est\u00e1 falando est\u00e1 fumando um cigarro. Da dist\u00e2ncia em que ela est\u00e1, voc\u00ea conseguiria sentir o cheiro do cigarro? Se sim, n\u00e3o \u00e9 uma dist\u00e2ncia segura.<\/p>\n<p>Se voc\u00ea fizer ESSE distanciamento, sim, \u00e9 seguro. Mas para fazer esse distanciamento voc\u00ea precisa morar em uma casa com um quintal enorme e todas as pessoas precisam falar em um microfone para serem escutadas. Se voc\u00ea tem essa possibilidade, manda ver. Se voc\u00ea n\u00e3o tem, faz online.<\/p>\n<hr \/>\n<p><strong>Mas a infec\u00e7\u00e3o da \u00d4micron n\u00e3o \u00e9 mais leve? <\/strong><\/p>\n<p>N\u00e3o. O que acontece \u00e9 que agora temos vacinas, ent\u00e3o, o v\u00edrus n\u00e3o faz todo o dano que poderia, pois vacinas protegem ao menos parcialmente.<\/p>\n<p>Esse mito de que a \u00d4micron \u00e9 \u201cmais leve\u201d ou at\u00e9 \u201cum presente de Natal\u201d \u00e9 um tremendo desfavor que infelizmente est\u00e1 se espalhando. Em 2020 ningu\u00e9m tinha vacina, portanto, as pessoas estavam 100% vulner\u00e1veis ao v\u00edrus. Havia zero prote\u00e7\u00e3o, pois nosso corpo nunca tinha visto aquilo e n\u00e3o sabia que era para atacar quando entrava no organismo. Por isso vimos o massacre que vimos.<\/p>\n<p>Hoje, na maior parte dos casos, as pessoas do nosso conv\u00edvio (lembrando que o mundo n\u00e3o \u00e9 a sua bolha) tem ao menos uma dose de vacina, o que faz com que as interna\u00e7\u00f5es hospitalares sejam menores. Ent\u00e3o, n\u00e3o \u00e9 que o v\u00edrus ficou mais leve, vemos uma redu\u00e7\u00e3o dos n\u00fameros pelo fato de n\u00f3s estarmos mais fortes, imunizados com vacina.<\/p>\n<p>Al\u00e9m disso, a \u00d4micron j\u00e1 est\u00e1 no Brasil, mas ainda n\u00e3o se espalhou. Em dois ou tr\u00eas meses \u00e9 que vamos ver os efeitos reais dela na popula\u00e7\u00e3o. Os n\u00fameros que vemos hoje n\u00e3o s\u00e3o de autoria da \u00d4micron, s\u00e3o de autoria da Delta. Ent\u00e3o, o Brasil ainda n\u00e3o pode falar sobre a \u00d4micron e seus efeitos.<\/p>\n<p>Vale lembrar que ainda n\u00e3o sabemos os efeitos que a \u00d4micron provoca a longo prazo. O cont\u00e1gio dela \u00e9 muito r\u00e1pido, por isso vemos muitos casos, mas ainda n\u00e3o conseguimos ver o resultado final disso. Pode ser que muitos evoluam mal e acabem como interna\u00e7\u00e3o ou pode ser que ningu\u00e9m v\u00e1 para hospital. S\u00f3 vamos come\u00e7ar a ver isso no ano que vem.<\/p>\n<p>E, por \u00faltimo, n\u00e3o podemos esquecer das sequelas. Sabemos que covid pode deixar sequelas, algumas muito ruins e por muito tempo. Sabemos que at\u00e9 quem teve covid assintom\u00e1tica pode ficar com sequelas. Ent\u00e3o, estamos longe de entender quais sequelas s\u00e3o deixadas pela \u00d4microna. Longe mesmo. Isso s\u00f3 deve ser visto no segundo semestre do ano que vem.<\/p>\n<p>Tamb\u00e9m vale lembrar que o Brasil n\u00e3o t\u00e1 tranquil\u00e3o como muitos pensam. Tem estados como Rond\u00f4nia e Par\u00e1 que est\u00e3o com 90% de lota\u00e7\u00e3o nos leitos de UTI, ainda da Delta. Imagina cair uma \u00d4micron por cima disso. <\/p>\n<p>Aquelas gambiarras para aumentar leito que fizeram em 2021 podem n\u00e3o ser poss\u00edveis agora, quando se tem profissionais de sa\u00fade exaustos e pouca verba para lidar com a pandemia. Sem contar que o Governo n\u00e3o parece muito inclinado a investir nisso, periga voltar a distribu\u00edrem Cloroquina.<\/p>\n<p>S\u00f3 vai ser seguro responder quais s\u00e3o os efeitos da \u00d4micron em mat\u00e9ria de hospitaliza\u00e7\u00e3o em casos graves dentro de meses. A\u00ed veremos o impacto que causa em cada vacina, veremos quantas pessoas morrem e, em m\u00e9dia, em quanto tempo morrem. E as sequelas, s\u00f3 veremos pelo menos seis meses mais para frente.<\/p>\n<p>Ent\u00e3o, eu repito a pergunta mais uma vez: por uma porra de um evento que \u00e9 uma mera conven\u00e7\u00e3o social, vale a pena correr esse risco?<\/p>\n<hr \/>\n<p><strong>Essa epidemia de gripe, \u00e9 s\u00f3 gripe mesmo ou tem covid no meio?<\/strong><\/p>\n<p>N\u00e3o sei. Ningu\u00e9m deve saber, pois se voc\u00ea n\u00e3o testa na quantidade suficiente, n\u00e3o se pode determinar nada. Pode ser que tenha covid a\u00ed no meio sim, mas \u00e9 imposs\u00edvel dizer o quanto \u00e9 covid, o quanto \u00e9 gripe.<\/p>\n<p>Mas n\u00e3o importa o que \u00e9, importa que a prote\u00e7\u00e3o para ambos \u00e9 a mesma. S\u00e3o v\u00edrus respirat\u00f3rios, portanto, os cuidados s\u00e3o os mesmos: uso de m\u00e1scaras (PFF2 e corretamente utilizadas), higienizar as m\u00e3os frequentemente, evitar aglomera\u00e7\u00f5es, manter distanciamento social etc. Se estivessem fazendo a coisa certa, n\u00e3o teriam se contaminado.<\/p>\n<p>Vale lembrar que, mesmo que seja gripe, a vacina contra gripe que o Brasil est\u00e1 aplicando n\u00e3o te protege contra essa cepa de gripe que est\u00e1 circulando, a H3N2 Darwin (n\u00e3o pelo Charles, mas por ter sido detectada na cidade de Darwin, na Austr\u00e1lia), portanto, sua \u00fanica prote\u00e7\u00e3o no momento \u00e9 evitar o cont\u00e1gio. J\u00e1 teria que fazer por causa do coronav\u00edrus, ent\u00e3o, nada de novo.<\/p>\n<p>Espera-se que em janeiro do ano que vem j\u00e1 seja produzida uma vacina que inclua essa cepa. Suponho que ela seja produzida no Butantan, como \u00e9 de costume. A produ\u00e7\u00e3o deve ser r\u00e1pida, pois \u00e9 algo que eles est\u00e3o acostumados a produzir esse tipo de vacina. Quando tivermos vacina para essa cepa pode ser que percebamos o quanto era realmente gripe. Na d\u00favida, continuem se cuidando contra gripe e covid.<\/p>\n<p class=\"uk-background-muted uk-padding\">Para dizer que estraguei sua Ceia de Natal, para dizer que zero pessoas v\u00e3o seguir as orienta\u00e7\u00f5es deste texto ou ainda para dizer que t\u00e1 indo embora o v\u00edrus: <a href=\"mailto:sally@desfavor.com\">sally@desfavor.com<\/a> <\/p>\n","protected":false},"excerpt":{"rendered":"<p>Existe forma de fazer uma Ceia de Natal 100% segura? N\u00e3o. 100% seguro ningu\u00e9m est\u00e1. Mas, se voc\u00ea quer saber qual \u00e9 a m\u00e1xima seguran\u00e7a que se pode ter, seria fazer a Ceia de Natal restrita \u00e0s pessoas com as quais voc\u00ea vive, sem trazer pessoas de fora.<\/p>\n","protected":false},"author":2,"featured_media":16908,"comment_status":"open","ping_status":"open","sticky":false,"template":"","format":"standard","meta":{"footnotes":""},"categories":[26],"tags":[],"class_list":["post-19320","post","type-post","status-publish","format-standard","has-post-thumbnail","hentry","category-desfavor-bonus"],"_links":{"self":[{"href":"https:\/\/www.desfavor.com\/blog\/wp-json\/wp\/v2\/posts\/19320","targetHints":{"allow":["GET"]}}],"collection":[{"href":"https:\/\/www.desfavor.com\/blog\/wp-json\/wp\/v2\/posts"}],"about":[{"href":"https:\/\/www.desfavor.com\/blog\/wp-json\/wp\/v2\/types\/post"}],"author":[{"embeddable":true,"href":"https:\/\/www.desfavor.com\/blog\/wp-json\/wp\/v2\/users\/2"}],"replies":[{"embeddable":true,"href":"https:\/\/www.desfavor.com\/blog\/wp-json\/wp\/v2\/comments?post=19320"}],"version-history":[{"count":0,"href":"https:\/\/www.desfavor.com\/blog\/wp-json\/wp\/v2\/posts\/19320\/revisions"}],"wp:featuredmedia":[{"embeddable":true,"href":"https:\/\/www.desfavor.com\/blog\/wp-json\/wp\/v2\/media\/16908"}],"wp:attachment":[{"href":"https:\/\/www.desfavor.com\/blog\/wp-json\/wp\/v2\/media?parent=19320"}],"wp:term":[{"taxonomy":"category","embeddable":true,"href":"https:\/\/www.desfavor.com\/blog\/wp-json\/wp\/v2\/categories?post=19320"},{"taxonomy":"post_tag","embeddable":true,"href":"https:\/\/www.desfavor.com\/blog\/wp-json\/wp\/v2\/tags?post=19320"}],"curies":[{"name":"wp","href":"https:\/\/api.w.org\/{rel}","templated":true}]}}