{"id":19442,"date":"2022-01-15T13:33:45","date_gmt":"2022-01-15T16:33:45","guid":{"rendered":"https:\/\/www.desfavor.com\/blog\/?p=19442"},"modified":"2022-01-15T13:33:45","modified_gmt":"2022-01-15T16:33:45","slug":"afundando","status":"publish","type":"post","link":"https:\/\/www.desfavor.com\/blog\/2022\/01\/afundando\/","title":{"rendered":"Afundando."},"content":{"rendered":"<div class=\"uk-card uk-card-body uk-card-default\">\n<p>Os Estados Unidos registraram 1,35 milh\u00e3o de novas infec\u00e7\u00f5es pelo coronav\u00edrus na segunda-feira, de acordo com uma contagem da Reuters, a maior marca total para qualquer pa\u00eds do mundo, com a propaga\u00e7\u00e3o da altamente contagiosa variante \u00d4micron sem qualquer sinal de arrefecimento. <a class=\"uk-button uk-button-text\" href=\"https:\/\/www.terra.com.br\/noticias\/mundo\/eua-registram-135-milhao-de-casos-de-covid-19-em-um-dia-estilhacando-recorde-mundial,a5bffff6d2fb99244185077064594eeeob6dxj2l.html\" target=\"_blank\" rel=\"noopener noreferrer\">LINK<\/a><\/p>\n<hr \/>\n<p>Quer\u00edamos ter errado com o aviso da semana passada. N\u00e3o erramos. <strong>Desfavor da Semana<\/strong>.<\/p>\n<\/div>\n<p><!--more--><\/p>\n<h4 class=\"uk-heading-line\"><span>SALLY<\/span><\/h4>\n<p>O Desfavor da Semana \u00e9 que nosso Desfavor da Semana passado estava certo. A \u00d4micron entrou rasgando no Brasil, e isso que estamos vendo \u00e9 s\u00f3 o come\u00e7o.<\/p>\n<p>Sei que alguns devem pensar que a gente abre uma garrafa de champagne e grita de felicidade quando alguma coisa escrita no Desfavor se concretiza. N\u00e3o \u00e9 verdade. Nossas conversas sobre o Desfavor da Semana nos \u00faltimos dois anos s\u00e3o o tempo todo torcendo para estarmos errados e querendo muito que nada aconte\u00e7a. <\/p>\n<p>Mais: desde novembro do ano passado que estamos com esse tema na m\u00e3o, perguntando se j\u00e1 \u00e9 hora. Temas como esses s\u00e3o adiados, adiados e adiados, na esperan\u00e7a de que a coisa se reverta e n\u00e3o chegue a um resultado horr\u00edvel. S\u00f3 soltamos quando sabemos que a merda ser\u00e1 inevit\u00e1vel. N\u00f3s realmente n\u00e3o quer\u00edamos escrever aquele texto.<\/p>\n<p>\u00c9 que quando a gente escreve, n\u00e3o pode expressar o tom do que est\u00e1 sendo dito (a menos que usemos emojis, e eu prefiro a morte). Ent\u00e3o, cada um l\u00ea interpretando da sua forma. Quem tem agressividade dentro de si, l\u00ea o que a gente escreve de forma agressiva. Quem tem medo dentro de si, l\u00ea o que a gente de forma alarmista e assustadora. Ent\u00e3o, o tom do que dizemos est\u00e1 dentro de cada um de voc\u00eas. E muitas vezes \u00e9 o tom errado.<\/p>\n<p>O tom deste texto n\u00e3o \u00e9 de dancinha da vit\u00f3ria, gritando \u201ceu disse!\u201d em comemora\u00e7\u00e3o e apontando para todos e rindo como o Nelson dos Simpsons. N\u00e3o estamos aqui para tripudiar, nem para \u201ccomemorar acerto\u201d (previs\u00e3o que qualquer pessoa com c\u00e9rebro faria), muito menos para colocar o nosso ego acima do bem-estar coletivo. A pandemia descacetar dessa forma \u00e9 ruim para todo mundo, inclusive para a gente. <\/p>\n<p>Mas, infelizmente precisa ser dito: era previs\u00edvel e deixaram acontecer novamente. N\u00e3o tem conversa, era previs\u00edvel sim. Dois leigos conseguiram ver o que estava por vir, logo, qualquer pessoa poderia ver o que estava por vir. E deixaram acontecer novamente. Ningu\u00e9m aprendeu nada, apesar dos horrores de 2021.<\/p>\n<p>O que nos leva a outra pergunta: o que est\u00e1 cegando as pessoas? Se dois leigos conseguem avisar, antes de cada onda, que ela est\u00e1 chegando (s\u00e1bado passado n\u00e3o foi o primeiro alerta de tsunami que demos), por qual motivo tantas pessoas insistem em achar que nada vai acontecer? O que est\u00e1 falhando? <\/p>\n<p>Uma vez, ok. Erro de c\u00e1lculo. Mas s\u00e3o dois anos de idas e vindas, quanto mais de dana\u00e7\u00e3o vai ter que acontecer para que as pessoas entendam como funciona um v\u00edrus com ondas de cont\u00e1gio? Quanto tempo mais vai demorar para entender que vacina n\u00e3o \u00e9 para evitar cont\u00e1gio e que vacina sozinha n\u00e3o acaba com pandemia? Quanto tempo mais para entender que o v\u00edrus circula mesmo com vacinas e pode mutar at\u00e9 aprender a escapar das vacinas? Quanto tempo mais para entender que qualquer doen\u00e7a muito contagiosa, at\u00e9 frieira, colapsa hospitais e causa mortes desnecess\u00e1rias?<\/p>\n<p>E, a quest\u00e3o mais importante: quanto tempo at\u00e9 perceberem que quem minimiza covid n\u00e3o \u00e9 confi\u00e1vel antevendo o que est\u00e1 por vir? Ningu\u00e9m \u00e9 obrigado a entender e antever o funcionamento de uma pandemia, mas, se voc\u00ea j\u00e1 fez algumas previs\u00f5es furadas, \u00e9 hora de refletir e perceber que voc\u00ea n\u00e3o sabe juntar os pontos e passar a escutar quem est\u00e1 acertando. <\/p>\n<p>T\u00e1 tudo bem, ningu\u00e9m \u00e9 obrigado a saber tudo. Eu n\u00e3o entendo sobre um monte de assuntos, mas em vez de tirar opini\u00e3o do cu, me calo e escuto quem acerta, principalmente se envolver uma doen\u00e7a que pode colapsar hospital. Hora de fazer uma autorreflex\u00e3o e se perguntar se voc\u00ea entende como funciona esta pandemia. E de calar a boca se n\u00e3o for o caso.<\/p>\n<p>Infelizmente as pessoas n\u00e3o t\u00eam bom-senso nem senso do rid\u00edculo. Assim que essa onda de \u00d4micron passar e vier um per\u00edodo de calmaria, os mesmos imbecis que ficaram meses me chamando de maluca, exagerada, alarmista e hipocondr\u00edaca (hipocondr\u00edaco \u00e9 quem acha que est\u00e1 doente, em momento algum eu achei que estava com covid ou qualquer outra doen\u00e7a) v\u00e3o voltar a lotar os coment\u00e1rios. <\/p>\n<p>N\u00e3o \u00e9 pelo Desfavor, pois esses coment\u00e1rios nem passam por mim, v\u00e3o direto para a lixeira. N\u00e3o \u00e9 pelos coment\u00e1rios, que n\u00e3o chegam ao p\u00fablico e, portanto, n\u00e3o causam danos. \u00c9 pelo Brasil. Essas pessoas t\u00eam voz fora do Desfavor e tamb\u00e9m s\u00e3o respons\u00e1veis por ondas e mais ondas de cont\u00e1gio. A desinforma\u00e7\u00e3o mata. A desinforma\u00e7\u00e3o contribu\u00ed para a continuidade da pandemia. Gente desinformada joga contra, com suas palavras e seus atos.<\/p>\n<p>A situa\u00e7\u00e3o \u00e9 ainda mais dram\u00e1tica agora, pois envolve crian\u00e7as. Logo o brasileiro, sempre o primeiro em puxar a carta de amor pelas crian\u00e7as, em postar em redes sociais o quanto ama os filhos, e at\u00e9 em recriminar quem fala sobre crian\u00e7a sem ter filho. Quem diria que Somir e eu passar\u00edamos meses brigando pelo bem-estar das crian\u00e7as. Qu\u00e3o cagado est\u00e1 o pa\u00eds para que Somir e eu precisemos fazer postagem tentando salvar vida de crian\u00e7as?<\/p>\n<p>Tem que soterrar esse discurso de que n\u00e3o tem que vacinar crian\u00e7a pois a vacina \u00e9 \u201cexperimental\u201d. Experimental o caralho. N\u00e3o foi desenvolvida ontem, s\u00e3o d\u00e9cadas de estudos e testes. O Brasil libera agrot\u00f3xico que \u00e9 comprovadamente cancer\u00edgeno e ningu\u00e9m diz nada. Seu filho come comida cancer\u00edgena. Mas quando \u00e9 vacina, ah, a\u00ed o brasileiro levanta muitas suspeitas! Gente, n\u00e3o deu para perceber que \u00e9 pol\u00edtico n\u00e3o? N\u00e3o percebem o discurso repetido? Diziam que muita gente ia morrer com a vacina de adultos e a vacina\u00e7\u00e3o foi um sucesso, jura que ainda tem gente que vai cair na mesma not\u00edcia falsa duas vezes?<\/p>\n<p>Eu n\u00e3o sei que tipo de informa\u00e7\u00e3o est\u00e1 sendo passada para voc\u00eas a\u00ed, pois felizmente n\u00e3o vivo mais no Brasil, mas, seja ela qual for, tenha em mente que a \u00d4micron vai causar problemas sim. Vai colapsar hospital sim. Vai gerar morte indireta de pessoa que precisa de atendimento m\u00e9dico sim. E n\u00e3o foi falha das vacinas, pois elas n\u00e3o foram desenhadas para deter cont\u00e1gio. Foi falha humana em deixar muita gente sem vacina pelo mundo e de achar que por tomar vacina pode se comportar como no \u201cantigo normal\u201d. <\/p>\n<p>E, neste exato momento, tem muito pol\u00edtico e boa parte do povo achando que d\u00e1 para fazer carnaval \u201ccom todos os protocolos de seguran\u00e7a\u201d. Anota a\u00ed: N\u00c3O TEM PROTOCOLO DE SEGURAN\u00c7A QUE TE PROTEJA DA \u00d4MICRON a n\u00e3o ser n\u00e3o aglomerar. Nunca. Em hip\u00f3tese alguma. Em condi\u00e7\u00e3o alguma. Parem de se enganar! Estamos lidando com o v\u00edrus mais contagioso da hist\u00f3ria da humanidade. Nem vacina, nem PCR, nem nada evita cont\u00e1gio.<\/p>\n<p>\u201cAin, pra que tem vacina ent\u00e3o?\u201d. PARA VOC\u00ca N\u00c3O MORRER, FILHO DA PUTA. Que des\u00e2nimo que me d\u00e1 gente menosprezando vacina, uma coisa que est\u00e1 salvando a vida dessas pessoas! Acha pouco n\u00e3o morrer? Acha pouco sua m\u00e3e e seu pai n\u00e3o morrerem?<\/p>\n<p>Se o comportamento n\u00e3o mudar, mesmo com vacina, e n\u00e3o ficar mais restritivo, situa\u00e7\u00f5es como essa v\u00e3o acontecer repetidas vezes. Se quem prev\u00ea uma coisa e erra continuar se achando apto a fazer previs\u00f5es, todos no seu entorno ser\u00e3o prejudicados e expostos novamente. Se a humanidade n\u00e3o reconfigurar sua forma de viver, de trabalhar e de lazer, n\u00e3o vamos sair desta pandemia nunca.<\/p>\n<p>O antigo normal n\u00e3o volta. Avisamos em mar\u00e7o de 2020, repetimos agora e, pelo visto, vamos repetir por muitos anos. Enquanto a coletividade n\u00e3o esquematizar uma nova forma de funcionamento social, n\u00e3o vamos sair dessa pandemia. E ainda corremos o risco de criar uma variante-fode-vacina e da coisa ficar muito, mas muito pior.<\/p>\n<p>N\u00e3o tem outro jeito de sair dessa pandemia: mais restri\u00e7\u00f5es s\u00e3o necess\u00e1rias. E n\u00e3o falo de restri\u00e7\u00f5es tempor\u00e1rias e sim de um ajuste definitivo no nosso estilo de vida. N\u00e3o \u00e9 o que eu gostaria, n\u00e3o \u00e9 o que voc\u00eas gostariam, mas, as coisas s\u00e3o como elas s\u00e3o, n\u00e3o como gostar\u00edamos que elas fossem. Pela mil\u00e9sima vez: N\u00c3O ACABOU. N\u00e3o est\u00e1 nem perto de acabar. E se n\u00e3o fizermos mudan\u00e7as nos nossos estilos de vida, podemos passar o resto das nossas vidas em pandemia.<\/p>\n<p class=\"uk-background-muted uk-padding\">Para me chamar de exagerada mentalmente pois a realidade me d\u00e1 raz\u00e3o, para dizer que n\u00e3o vai colapsar hospital (semana que vem a gente se v\u00ea aqui novamente) ou ainda para dizer que finalmente o jovem vai acabar: <a href=\"mailto:sally@desfavor.com\">sally@desfavor.com<\/a> <\/p>\n<h4 class=\"uk-heading-line\"><span>SOMIR<\/span><\/h4>\n<p>J\u00e1 mencionei isso antes, mas vale a repeti\u00e7\u00e3o: eu n\u00e3o escrevo sobre pandemia nos meus textos solos para n\u00e3o ser repetitivo e especialmente, para n\u00e3o criar confus\u00e3o com os textos da Sally. Eu sou partid\u00e1rio da hierarquia nerd: ela \u00e9 mais nerd que eu em temas sobre sa\u00fade e medicina em geral, ent\u00e3o, que seus textos sejam a linha base de informa\u00e7\u00e3o. Mas n\u00e3o se enganem achando que eu n\u00e3o estou no mesmo time, ou mesmo que estou tratando o tema com menos aten\u00e7\u00e3o.<\/p>\n<p>Quem apaga mais coment\u00e1rios imbecis aqui sou eu, desde que eu descobri que todos os stalkers do Desfavor s\u00e3o desesperados pela aten\u00e7\u00e3o da Sally e n\u00e3o a minha, eu assumi a primeira linha de aprova\u00e7\u00e3o de coment\u00e1rios. Eu me divirto sabendo que estou estragando o \u00fanico objetivo dessas pessoas descompensadas. S\u00f3 quando eu dou o OK que ela vem aprovar e responder. Mas isso me coloca na linha de frente dos coment\u00e1rios negacionistas tamb\u00e9m. Tenho que ler todos&#8230;<\/p>\n<p>Quando \u00e9 s\u00f3 gente falando asneira sobre a pandemia, eu n\u00e3o deleto, deixo pra ela acumular material para os \u201cEi, voc\u00ea!\u201d. E durante todas as ondas da Covid no Brasil, o padr\u00e3o \u00e9 o mesmo: quando as coisas parecem estar acalmando, recebemos uma enxurrada de coment\u00e1rios dizendo que \u00e9 tudo inventado, que vacina mata, que os chineses est\u00e3o colocando chips, que os judeus est\u00e3o querendo derrubar o Bolsonaro, bl\u00e1, bl\u00e1, bl\u00e1&#8230;<\/p>\n<p>Mas quando as ondas batem, o discurso muda, a\u00ed somos exagerados que assustam as pessoas e \u201ctiramos vantagem\u201d da situa\u00e7\u00e3o para conseguir mais visualiza\u00e7\u00f5es. Esquecem que n\u00e3o ganhamos um centavo aqui e que se tivermos mil ou um milh\u00e3o de leitores por dia d\u00e1 no mesmo. Est\u00e1vamos na fase da nega\u00e7\u00e3o da exist\u00eancia da pandemia, a chave est\u00e1 virando para sermos alarmistas. Faz parte do jogo. Mas \u00e9 t\u00e3o cansativo&#8230;<\/p>\n<p>Quer\u00edamos ser alarmistas. Quer\u00edamos mesmo. Seria t\u00e3o bom escrever um texto dizendo que passamos do ponto e que as coisas n\u00e3o s\u00e3o t\u00e3o problem\u00e1ticas assim&#8230; adoraria escrever esse texto me assumindo um exagerado e sair para tomar uma cerveja com meus amigos depois, viu? E olha que eu nem ligo pra cerveja, ou me achava capaz de sentir saudades. Dois anos \u00e9 muito tempo. Infelizmente, acertamos de novo. A \u00d4micron est\u00e1 batendo recorde atr\u00e1s de recorde.<\/p>\n<p>E n\u00e3o era dif\u00edcil acertar. N\u00e3o era mesmo. Tem o exemplo da virada de 2020 para 2021 para se basear. Ainda bem que tem vacina dessa vez, porque se n\u00e3o fosse por isso, estar\u00edamos horrorizados com milhares de mortes por dia de novo. O que me leva ao ponto principal da argumenta\u00e7\u00e3o de hoje: j\u00e1 passou da hora de parar com esse papo de que a nova variante \u00e9 melhor que as anteriores. Informa\u00e7\u00e3o sem contexto para entender a informa\u00e7\u00e3o n\u00e3o resolve muita coisa.<\/p>\n<p>Tanto que boa parte da pandemia foi piorada por esse padr\u00e3o do pov\u00e3o n\u00e3o entendendo o que estava sendo explicado. Atrapalha muito que em pa\u00edses como o Brasil o governo federal est\u00e1 ativamente apoiando a pandemia. Primeiro foi a explica\u00e7\u00e3o furada sobre a vacina ser completada em poucos meses. Isso \u00e9 informa\u00e7\u00e3o incompleta: est\u00e3o desenvolvendo vacina contra coronav\u00edrus h\u00e1 mais de uma d\u00e9cada. Essa n\u00e3o \u00e9 a primeira vez que entramos em contato com esse v\u00edrus. O que aconteceu dessa vez foi uma adapta\u00e7\u00e3o do projeto para lidar com esse v\u00edrus espec\u00edfico. Coisa que fazemos h\u00e1 v\u00e1rios anos com o v\u00edrus da gripe. Todo ano mudam a vacina da gripe para se adaptar \u00e0 varia\u00e7\u00e3o da vez.<\/p>\n<p>Pegaram um projeto muito avan\u00e7ado de vacina contra coronav\u00edrus (em geral) e adaptaram em alguns meses para tratar dessa vers\u00e3o espec\u00edfica. Muito cuidado ao dizer que \u00e9 experimental. O cidad\u00e3o m\u00e9dio n\u00e3o tem essa informa\u00e7\u00e3o sobre o quanto j\u00e1 tinha se estudado essa vacina antes disso, e vai achar que est\u00e3o \u201cchutando\u201d. N\u00e3o est\u00e3o, s\u00f3 tiveram que acelerar o processo de lan\u00e7amento com milhares de testes ao redor do mundo ao mesmo tempo ao inv\u00e9s de uma popula\u00e7\u00e3o limitada. Evidente que a maioria das vacinas antigas era estudada em p\u00fablicos limitados: quase nenhuma doen\u00e7a vira pandemia nesse n\u00edvel. N\u00e3o demorava mais porque era obrigat\u00f3rio demorar mais para ser seguro, demorava mais porque n\u00e3o tinha o interesse do mundo todo para fazer testes nessa escala imensa que fizemos.<\/p>\n<p>Depois, a p\u00e9ssima explica\u00e7\u00e3o para o pov\u00e3o sobre os efeitos colaterais da vacina. Aspirina tem efeito colateral. P\u00e3o tem efeito colateral. Efeito colateral \u00e9 uma inevitabilidade para qualquer coisa que entra no nosso corpo. Tecnicamente, por exemplo, todas as plantas s\u00e3o venenosas, \u00e9 que o ser humano tem imunidade ou resist\u00eancia \u00e0 maioria das que consumimos. Vacinas tem efeitos colaterais, mas s\u00e3o estudadas para definir que a imensa maioria das pessoas n\u00e3o vai ter nada de muito s\u00e9rio depois de tomar uma dose. E no final das contas, \u00e9 s\u00f3 comparar os efeitos da doen\u00e7a com os da vacina. Se a vacina te deixa mais seguro que uma doen\u00e7a absurdamente contagiosa, se vacinar \u00e9 muito melhor que n\u00e3o se vacinar. Perdi a conta de quanta gente est\u00e1 desesperada com a hist\u00f3ria da miocardite (inflama\u00e7\u00e3o no cora\u00e7\u00e3o), sem saber que contrair a Covid te d\u00e1 vinte vezes mais chance de ter miocardite que a vacina.<\/p>\n<p>N\u00e3o d\u00e1 para se informar s\u00f3 pegando uma manchete ou outra na internet. N\u00e3o \u00e9 razo\u00e1vel definir suas escolhas m\u00e9dicas por um caso que voc\u00ea ouviu falar. O que mais me enlouquece nessa pandemia \u00e9 a quantidade de gente que acha que \u201cfez sua pesquisa\u201d lendo coisas aleat\u00f3rias na internet. Se voc\u00ea pesquisar qual \u00e9 o melhor time de futebol do mundo apenas no grupo dos f\u00e3s do Piracicabense do Norte no Facebook, vai chegar \u00e0 conclus\u00e3o que um time de quarta divis\u00e3o cujo goleiro tamb\u00e9m trabalha como pedreiro \u00e9 melhor que todos os times gigantes europeus, oras! Pra fazer sua pr\u00f3pria pesquisa, voc\u00ea precisa saber pesquisar. E saber pesquisar normalmente significa ter algum estudo pr\u00e9vio sobre o tema para separar opini\u00f5es est\u00fapidas e palpites em geral de conhecimento cient\u00edfico consolidado.<\/p>\n<p>A pessoa n\u00e3o sabe nem diferenciar um site obviamente de Fake News focado em gerar visualiza\u00e7\u00f5es para ganhar com publicidade de um site jornal\u00edstico com reputa\u00e7\u00e3o a zelar e medo de tomar processo&#8230; e quer afirmar que sabe diferenciar papo de maluco de estudos cient\u00edficos verdadeiros? Fa\u00e7a-me o favor. A pessoa n\u00e3o sabe nem pesquisar na internet, mas entende sobre infectologia sem nunca ter treinamento oficial para isso. Claro, claro.<\/p>\n<p>A informa\u00e7\u00e3o bizarra da vez \u00e9 que a \u00d4micron \u00e9 uma doen\u00e7a mais tranquila de lidar. Sim, os dados sugerem que o n\u00famero de interna\u00e7\u00f5es e mortes \u00e9 menor, mas n\u00e3o podemos afirmar que isso n\u00e3o seja resultado de uma popula\u00e7\u00e3o mais bem vacinada ou mesmo se \u00e9 uma muta\u00e7\u00e3o est\u00e1vel do coronav\u00edrus. Amanh\u00e3 pode surgir outra muito mais mortal e contagiosa, voc\u00ea vai tranquilo achando que pegou \u00d4micron, mas pegou a nova, e s\u00f3 vai descobrir tarde demais. Tem que tratar o coronav\u00edrus como se fosse uma doen\u00e7a muito perigosa, o coronav\u00edrus n\u00e3o pensa, n\u00e3o faz escolhas, ele s\u00f3 se multiplica na medida que deixamos ele se multiplicar. N\u00e3o faz diferen\u00e7a nenhuma pra ele ser mais ou menos mortal, o v\u00edrus pode ir para qualquer sentido evolutivo, desde que seja mais f\u00e1cil de se multiplicar.<\/p>\n<p>Voc\u00ea n\u00e3o sabe que variante est\u00e1 pegando, ent\u00e3o n\u00e3o pegue nenhuma! E mesmo que ela seja mais tranquila mesmo, voc\u00ea n\u00e3o sabe se vai precisar de atendimento m\u00e9dico ao mesmo tempo que milhares de outras pessoas. Talvez seja s\u00f3 quest\u00e3o de uma consulta de 5 minutos para te dar uma chance gigantesca de recupera\u00e7\u00e3o total, mas voc\u00ea ainda tem que chegar nessa consulta. E se a fila de atendimento estiver em 8 horas? E se esse tempo for suficiente para algo dar muito errado?<\/p>\n<p>\u00d4micron ser menos perigosa \u00e9 informa\u00e7\u00e3o envenenada. N\u00e3o porque \u00e9 mentira, mas porque n\u00e3o faz tanta diferen\u00e7a assim na sua vida agora. As coisas podem dar muito errado mesmo isso sendo verdade. Eu sei que a maioria de voc\u00eas j\u00e1 entende isso, mas se for poss\u00edvel, explica isso para quem vier te falar sobre a desinforma\u00e7\u00e3o da vez: n\u00e3o faz diferen\u00e7a se \u00e9 mais ou menos mortal, porque ningu\u00e9m sabe que variante est\u00e1 pegando, ou mesmo se vai poder ter acesso a atendimento m\u00e9dico se precisar.<\/p>\n<p>A pandemia n\u00e3o acabou, e o tsunami j\u00e1 est\u00e1 batendo no nosso litoral. V\u00e1 para um lugar alto, e j\u00e1 considere a possibilidade de ficar por l\u00e1 por muito tempo ainda. Novamente, torcendo muito para recebermos um monte de coment\u00e1rios dizendo que n\u00e3o deu nada e a gente se preocupou \u00e0 toa.<\/p>\n<p>Mas eu disse basicamente a mesma coisa semana passada. N\u00e3o vou contar com isso n\u00e3o&#8230; n\u00e3o conte tamb\u00e9m.<\/p>\n<p class=\"uk-background-muted uk-padding\">Para dizer que s\u00e1bado \u00e9 dia de pandemia, para dizer que os reptilianos nos venceram, ou mesmo para dizer que essa menor letalidade \u00e9 a armadilha perfeita: <a href=\"mailto:somir@desfavor.com\">somir@desfavor.com<\/a><\/p>\n","protected":false},"excerpt":{"rendered":"<p>Os Estados Unidos registraram 1,35 milh\u00e3o de novas infec\u00e7\u00f5es pelo coronav\u00edrus na segunda-feira, de acordo com uma contagem da Reuters, a maior marca total para qualquer pa\u00eds do mundo, com a propaga\u00e7\u00e3o da altamente contagiosa variante \u00d4micron sem qualquer sinal de arrefecimento. LINK Quer\u00edamos ter errado com o aviso da semana passada. N\u00e3o erramos. Desfavor [&hellip;]<\/p>\n","protected":false},"author":4,"featured_media":19443,"comment_status":"open","ping_status":"open","sticky":false,"template":"","format":"standard","meta":{"footnotes":""},"categories":[27],"tags":[],"class_list":["post-19442","post","type-post","status-publish","format-standard","has-post-thumbnail","hentry","category-desfavor-semana"],"_links":{"self":[{"href":"https:\/\/www.desfavor.com\/blog\/wp-json\/wp\/v2\/posts\/19442","targetHints":{"allow":["GET"]}}],"collection":[{"href":"https:\/\/www.desfavor.com\/blog\/wp-json\/wp\/v2\/posts"}],"about":[{"href":"https:\/\/www.desfavor.com\/blog\/wp-json\/wp\/v2\/types\/post"}],"author":[{"embeddable":true,"href":"https:\/\/www.desfavor.com\/blog\/wp-json\/wp\/v2\/users\/4"}],"replies":[{"embeddable":true,"href":"https:\/\/www.desfavor.com\/blog\/wp-json\/wp\/v2\/comments?post=19442"}],"version-history":[{"count":0,"href":"https:\/\/www.desfavor.com\/blog\/wp-json\/wp\/v2\/posts\/19442\/revisions"}],"wp:featuredmedia":[{"embeddable":true,"href":"https:\/\/www.desfavor.com\/blog\/wp-json\/wp\/v2\/media\/19443"}],"wp:attachment":[{"href":"https:\/\/www.desfavor.com\/blog\/wp-json\/wp\/v2\/media?parent=19442"}],"wp:term":[{"taxonomy":"category","embeddable":true,"href":"https:\/\/www.desfavor.com\/blog\/wp-json\/wp\/v2\/categories?post=19442"},{"taxonomy":"post_tag","embeddable":true,"href":"https:\/\/www.desfavor.com\/blog\/wp-json\/wp\/v2\/tags?post=19442"}],"curies":[{"name":"wp","href":"https:\/\/api.w.org\/{rel}","templated":true}]}}