{"id":19469,"date":"2022-01-22T15:20:20","date_gmt":"2022-01-22T18:20:20","guid":{"rendered":"https:\/\/www.desfavor.com\/blog\/?p=19469"},"modified":"2022-01-22T15:20:20","modified_gmt":"2022-01-22T18:20:20","slug":"no-limite","status":"publish","type":"post","link":"https:\/\/www.desfavor.com\/blog\/2022\/01\/no-limite\/","title":{"rendered":"No limite."},"content":{"rendered":"<div class=\"uk-card uk-card-body uk-card-default\">\n<p>Os trabalhadores da sa\u00fade de 11 pa\u00edses latino-americanos apresentam &#8220;altos \u00edndices&#8221; de sintomas depressivos e pensamentos suicidas, segundo um estudo publicado nesta quinta-feira (13) pela ag\u00eancia regional da OMS. <a class=\"uk-button uk-button-text\" href=\"https:\/\/www1.folha.uol.com.br\/equilibrioesaude\/2022\/01\/profissionais-de-saude-tem-altas-taxas-de-ideias-suicidas-na-pandemia-aponta-estudo.shtml\" target=\"_blank\" rel=\"noopener noreferrer\">LINK<\/a><\/p>\n<hr \/>\n<p>A pandemia tem consequ\u00eancias que v\u00e3o al\u00e9m do n\u00famero de hospitalizados e mortos, estamos queimando a nossa linha de defesa. <strong>Desfavor da Semana<\/strong>.<\/p>\n<\/div>\n<p><!--more--><\/p>\n<h4 class=\"uk-heading-line\"><span>SALLY<\/span><\/h4>\n<p>Enquanto estava todo mundo em clima de \u201ct\u00e1 indo embora o v\u00edrus\u201d, \u201ca \u00d4micron vai trazer imunidade de rebanho\u201d e \u201ca pandemia acaba este ano\u201d, a nossa prioridade era deixar bem claro que n\u00e3o, pandemia n\u00e3o acabou nem vai acabar t\u00e3o cedo e o v\u00edrus ainda existe, est\u00e1 mutando e \u00e9 capaz de causar um belo estrago. Ficamos repetindo isso nos \u00faltimos meses, sob diferentes enfoques.<\/p>\n<p>Agora, que a realidade se encarregou de esfregar na cara de todo mundo o que est\u00e1 acontecendo, n\u00e3o precisamos mais falar sobre isso, inclusive, est\u00e1 todo mundo falando sobre isso, seria chover no molhado. Por isso hoje resolvemos trazer um novo assunto, que acreditamos n\u00e3o estar sendo corretamente explorado: as v\u00edtimas indiretas do coronav\u00edrus. Sim, voc\u00ea est\u00e1 vacinado, em tese est\u00e1 protegido contra covid, mas n\u00e3o est\u00e1 protegido dos efeitos colaterais que uma p\u00e9ssima gest\u00e3o de pandemia pode causar. E eles tamb\u00e9m podem ser letais.<\/p>\n<p>O que a irresponsabilidade das pessoas est\u00e1 fazendo com os profissionais de sa\u00fade \u00e9 desumano. Em nenhuma cultura, em nenhuma esp\u00e9cie animal, a coletividade esculhamba com aqueles que tem fun\u00e7\u00e3o de cuidadores. \u00c9 burrice fazer isso. Qualquer membro da coletividade, manada, bando ou matilha pode depender de um cuidador para sobreviver \u2013 e se eles estiverem doentes, exaustos ou desmotivados, colocam em risco a sobreviv\u00eancia daquela coletividade.<\/p>\n<p>Imagina como deve se sentir um m\u00e9dico que trabalha incessantemente sob todo o estresse que voc\u00ea possa imaginar desde 2020, colocando em risco sua vida e a de sua fam\u00edlia, quando v\u00ea essa infinidade de filho da puta se comportando como se n\u00e3o houvesse pandemia, reclamando de cancelamento de carnaval, aglomerando sempre que tem oportunidade. <\/p>\n<p>S\u00f3 imagina, por um segundo, bando de gente sabotando, estragando, cagando o trabalho que voc\u00ea faz, diariamente, por dois anos, te colocando em risco, te causando burnout, te obrigando a trabalhar mais horas. S\u00f3 me diz como voc\u00ea se sentiria. As pessoas t\u00eam a informa\u00e7\u00e3o de que o que elas fazem gera mais trabalho, mais estresse e mais risco para voc\u00ea, e continuam fazendo. Se coloca nessa situa\u00e7\u00e3o e me diz o que voc\u00ea faria.<\/p>\n<p>Os profissionais de sa\u00fade est\u00e3o completamente exauridos. Est\u00e3o de saco cheio. Est\u00e3o se sentindo desrespeitados. Est\u00e3o no seu limite faz muito tempo.<br \/>\nE isso, meus queridos, afeta a todos n\u00f3s, at\u00e9 mesmo a quem n\u00e3o percebe que isso est\u00e1 acontecendo. Estamos todos nas m\u00e3os de m\u00e9dicos exaustos, putos, com priva\u00e7\u00e3o de sono, revoltados, deprimidos, desmotivados. Pessoas propensas a erros, a impaci\u00eancia, a um trabalho muito inferior ao que poderiam prover em condi\u00e7\u00f5es ideais.<\/p>\n<p>Talvez isso n\u00e3o te afete hoje, mas todos n\u00f3s estamos sujeitos a adoecer e precisar de um m\u00e9dico, de uma interna\u00e7\u00e3o, de uma interven\u00e7\u00e3o cir\u00fargica ou de um tratamento em hospital. Neste exato momento, existem milh\u00f5es de pessoas que est\u00e3o nessa situa\u00e7\u00e3o e est\u00e3o recebendo um atendimento de baixa qualidade por causa de idiotas que n\u00e3o param de bundear na rua. <\/p>\n<p>N\u00e3o julgo os profissionais de sa\u00fade, qualquer ser humano exposto a esse estresse e sobrecarga apresentaria um rendimento falho. Mas julgo os imbecis que sobrecarregaram os profissionais de sa\u00fade. Imagina quem est\u00e1 passando por uma quimioterapia agora. Quem est\u00e1 se recuperando de queimaduras em um hospital. Quem est\u00e1 com politraumatismo depois de um acidente. Essas pessoas est\u00e3o pagando pela irresponsabilidade alheia.<\/p>\n<p>Poderia ser eu. Poderia ser voc\u00ea. Poderia ser a sua m\u00e3e. Poderia ser o seu filho. Voc\u00eas acham inteligente sobrecarregar at\u00e9 detonar aqueles que tem o poder de cuidar e salvar vidas? Voc\u00eas acham que temos futuro, como esp\u00e9cie, fazendo esse tipo de escolha? Voc\u00eas acham que, cedo ou tarde, nesse ritmo, o setor de sa\u00fade n\u00e3o vai colapsar de vez? Quem sufoca, transtorna e mata os cuidadores acaba extinto.<\/p>\n<p>Somir quase morreu por um problema de sa\u00fade bobo, ao receber aten\u00e7\u00e3o de um m\u00e9dico completamente sobrecarregado, em priva\u00e7\u00e3o de sono e desmotivado. Uma das minhas melhores amigas, leitora aqui do Desfavor, tamb\u00e9m quase morreu na semana passada, pelo mesmo motivo: um diagn\u00f3stico\/tratamento errado que, em condi\u00e7\u00f5es normais, seria corretamente identificado at\u00e9 por um residente.<\/p>\n<p>Estamos detonando o direito \u00e0 sa\u00fade da coletividade. Estamos regredindo s\u00e9culos. Vejo gente doente que tenta se autodiagnosticar e tratar pois sabe que se tiver que ir para um hospital, mesmo particular, vai esperar por horas, correr o risco de pegar covid e ainda ser atendida em poucos minutos sem sequer um exame cl\u00ednico para dar um diagn\u00f3stico. <\/p>\n<p>N\u00e3o \u00e9 sobre o direito do Fulano ou da Cicrana a sair, n\u00e3o \u00e9 sobre a \u201cminha liberdade\u201d. Quando a liberdade de algu\u00e9m gera danos \u00e0 coletividade, a lei imp\u00f5es limites, n\u00e3o \u00e9 nada novo, sempre foi assim. Aos olhos da lei, liberdade n\u00e3o \u00e9 um direito absoluto, \u00e9 um direito relativo. N\u00e3o pode ser que para Fulano ir a barzinho ou Cicrana ir \u00e0 praia tenhamos todos que perder o direito a um atendimento m\u00e9dico decente.<\/p>\n<p>Qual \u00e9 o grau de involu\u00e7\u00e3o de uma pessoa que s\u00f3 consegue pensar na sua vida social, no seu direito de ir e vir, no seu umbigo e n\u00e3o pensa no tanto de gente que precisa e depende de um bom atendimento m\u00e9dico para sobreviver? Qual \u00e9 o grau de perda de humanidade de quem se acha no direito de sobrecarregar at\u00e9 a completa exaust\u00e3o profissionais de sa\u00fade para n\u00e3o abrir m\u00e3o de evento social?<\/p>\n<p>Vai al\u00e9m da covid em si, do percentual de mortes, das sequelas. Estamos colapsando o sistema de sa\u00fade de forma definitiva. Quantos anos disso voc\u00eas acham que os profissionais de sa\u00fade conseguem aguentar? O atendimento ruim, prec\u00e1rio, ultrarr\u00e1pido e descuidado vai virar a regra. A qualidade vai se perder. Vamos perder s\u00e9culos de conquistas e evolu\u00e7\u00e3o m\u00e9dica. Tem certeza que algu\u00e9m tem o direito de promover esse retrocesso por n\u00e3o querer sossegar o cu em casa enquanto tem pico de pandemia?<\/p>\n<p>N\u00e3o estou falando em fazer lockdown, estou falando em sair sim, mas apenas quando for necess\u00e1rio. Baile funk n\u00e3o \u00e9 necess\u00e1rio. Rave n\u00e3o \u00e9 necess\u00e1ria. Ir \u00e0 praia n\u00e3o \u00e9 necess\u00e1rio. Barzinho n\u00e3o \u00e9 necess\u00e1rio. Nenhum evento social \u00e9 necess\u00e1rio, \u00e9 mais importante um sistema de sa\u00fade funcional do que o seu social. A prioridade \u00e9 o sistema de sa\u00fade, n\u00e3o evento social. <\/p>\n<p>\u201cAin mas eu estou vacinado, n\u00e3o vou morrer\u201d. Pode n\u00e3o morrer, mas se pegar covid, contamina outras pessoas e elas podem precisar de atendimento m\u00e9dico. Ou ent\u00e3o, mesmo n\u00e3o morrendo, voc\u00ea pode ter sintomas que precisem de atendimento m\u00e9dico. Ou ainda, mesmo tendo covid assintom\u00e1tica, voc\u00ea pode ter sequelas para o resto da vida que demandem atendimento m\u00e9dico. Olha os hospitais lotados e me diz se, mesmo com vacina, tem condi\u00e7\u00e3o de levar a mesma vida de antes.<\/p>\n<p>Mesmo sistemas grandes, bem estabelecidos e bem estruturados colapsam, se voc\u00ea colocar muita press\u00e3o nelas por muito tempo. A hist\u00f3ria prova que, geralmente, esse colapso vem do excesso de confian\u00e7a dos envolvidos. Desde o Imp\u00e9rio Romano a Donkey Kong, todo mundo achou que n\u00e3o ia dar merda, que dava para for\u00e7ar mais um pouquinho, que tudo ia se ajeitar. At\u00e9 que ruiu. Voc\u00eas v\u00e3o explodir o sistema de sa\u00fade brasileiro. Parem enquanto \u00e9 tempo.<\/p>\n<p>Trocar qualidade de atendimento na sa\u00fade por evento social \u00e9 um dos maiores ego\u00edsmos, futilidades e imbecilidades que eu j\u00e1 vi. E n\u00e3o basta n\u00e3o fazer, \u00e9 preciso n\u00e3o tolerar, pois o brasileiro norteia sua conduta pelo grau de reprovabilidade social que ela tem. Se isso come\u00e7ar a ser seriamente mal-visto, muita gente vai parar de fazer.<\/p>\n<p>Aos profissionais de sa\u00fade, minha solidariedade e admira\u00e7\u00e3o. Eu, no lugar de voc\u00eas, j\u00e1 tinha parado de trabalhar na \u00e1rea e procurado outra coisa como ganha-p\u00e3o.<\/p>\n<p class=\"uk-background-muted uk-padding\">Para dizer que n\u00e3o d\u00e1 para reprovar pois eles s\u00e3o maioria, para dizer que n\u00e3o d\u00e1 para reprovar pois o Governo aplaude ou para dizer que n\u00e3o d\u00e1 para reprovar pois o Judici\u00e1rio n\u00e3o pune: <a href=\"mailto:sally@desfavor.com\">sally@desfavor.com<\/a> <\/p>\n<h4 class=\"uk-heading-line\"><span>SOMIR<\/span><\/h4>\n<p>Por que pandemia toda semana? Porque a maioria dos outros temas parecem bobagem em compara\u00e7\u00e3o. E digo mais, com tanta gente falando ou fazendo coisas est\u00fapidas em rela\u00e7\u00e3o ao tema, a gente que tenta se proteger e n\u00e3o entrou em nega\u00e7\u00e3o precisa de uma sess\u00e3o de terapia semanal.<\/p>\n<p>\u00c9 humano come\u00e7ar a duvidar sobre o que est\u00e1 percebendo ao seu redor se muita gente relata algo diferente. Esses textos podem at\u00e9 ser 90% coisas que voc\u00ea j\u00e1 sabe e 10% novidades, ou at\u00e9 mesmo s\u00f3 repeti\u00e7\u00e3o, mas pelo menos pra mim, colocar isso no papel de tempos em tempos me ajuda a estabilizar a realidade, por assim dizer.<\/p>\n<p>Sim, est\u00e1 todo mundo cansado disso. Sim, muitos de n\u00f3s j\u00e1 pensamos \u201ce se eu parar de me importar?\u201d. Tem muita gente que colocou isso em pr\u00e1tica. Eu s\u00f3 consigo me manter atento se o assunto estiver fresco na cabe\u00e7a. Nos \u00faltimos meses, com a pandemia dando um respiro, eu mesmo comecei a arriscar um pouco mais. Mas assim que a \u00d4micron chamou a aten\u00e7\u00e3o para a situa\u00e7\u00e3o novamente, voltei aos cuidados necess\u00e1rios.<\/p>\n<p>E percebi que dessa vez estava mais chato que o normal. \u00c9 como se o senso de preocupa\u00e7\u00e3o instintivo estivesse \u201cfrito\u201d a essa altura do campeonato, eu s\u00f3 tinha a ideia racional de pandemia para me sustentar fazendo as coisas certas. Sem um suporte emocional, tudo fica mais ma\u00e7ante, o c\u00e9rebro parece que faz tudo empurrado.<\/p>\n<p>\u00c9 chato, mas tem que fazer. N\u00e3o estou a fim de lidar com o arrependimento de me contaminar e algo dar errado, ou muito pior: contaminar uma pessoa querida e ela precisar de ajuda m\u00e9dica. Vamos l\u00e1 para mais algum tempo de grau de aten\u00e7\u00e3o m\u00e1ximo&#8230; saco!<\/p>\n<p>E a\u00ed, surgem not\u00edcias como a que ilustra a coluna de hoje: se est\u00e1 chato pra mim, imagina para quem est\u00e1 no ramo da medicina? Chato n\u00e3o \u00e9 mais a palavra, \u00e9 esgotamento e depress\u00e3o mesmo. Ningu\u00e9m foi feito para trabalhar nesse ritmo por mais de dois anos. Muitos m\u00e9dicos, enfermeiros e profissionais relacionados est\u00e3o aguentando essa pancadaria h\u00e1 muito mais tempo que o esperado de um ser humano.<\/p>\n<p>E isso, como podemos ver, tem consequ\u00eancias. \u00c9 gente que est\u00e1 fazendo turnos enormes, sob alta press\u00e3o e pouco tempo para tomar decis\u00f5es complexas. M\u00e9dicos s\u00e3o treinados para n\u00e3o se abalar demais com os problemas dos pacientes, mas s\u00e3o humanos. Existe um limite de quanto sofrimento voc\u00ea pode ver antes de precisar de um respiro.<\/p>\n<p>Sim, tem m\u00e9dico maluco que receita cloroquina e coloca terror em gente pouco educada sobre vacinas, temos um ministro da Sa\u00fade como exemplo; mas n\u00e3o \u00e9 razo\u00e1vel imaginar que eles s\u00e3o a maioria, at\u00e9 porque se fossem, esse pa\u00eds teria colapsado de vez. L\u00e1 na linha de frente, eu imagino que a maioria absoluta n\u00e3o mistura pol\u00edtica com conhecimento t\u00e9cnico, e siga as melhores pr\u00e1ticas quando pode.<\/p>\n<p>Eu poderia estar puto da vida com o m\u00e9dico que me diagnosticou errado, mas n\u00e3o estou. Eu n\u00e3o sei o grau de press\u00e3o pelo qual estava passando naquele momento, nem se tinha condi\u00e7\u00f5es de estar ali. Talvez estivesse for\u00e7ado a ir al\u00e9m da sua capacidade f\u00edsica e mental. Eu s\u00f3 n\u00e3o queria que ele estivesse l\u00e1 na hora que eu precisei de aten\u00e7\u00e3o b\u00e1sica. Importante: era hospital particular, em tese ele nem estava sob o m\u00e1ximo de press\u00e3o poss\u00edvel, como \u00e9 muito mais comum no SUS. N\u00e3o acho que \u00e9 hora de colocar mais press\u00e3o neles. N\u00e3o depois de tanto tempo encarando uma pandemia.<\/p>\n<p>E antes fosse s\u00f3 esgotamento por excesso de trabalho, eu imagino que tenha um elemento mais complicado ainda de lidar: voltando ao primeiro argumento do texto, sobre precisarmos de alguns refor\u00e7os para estabelecer o que \u00e9 real na cabe\u00e7a, deve ser muito pior para um m\u00e9dico ou profissional de sa\u00fade em geral lidar com gente negacionista ou irrespons\u00e1vel mesmo.<\/p>\n<p>Voc\u00ea est\u00e1 l\u00e1 gastando o final das suas reservas de energia para cuidar de gente doente e um bando de safado mentindo descaradamente sobre a doen\u00e7a e os tratamentos. Gente que est\u00e1 tentando ganhar pontos pol\u00edticos, vender tratamentos mentirosos ou mesmo querendo fazer pose para seus conhecidos&#8230; falando os maiores improp\u00e9rios poss\u00edveis sobre a Covid, as vacinas&#8230;<\/p>\n<p>Malucos raivosos amea\u00e7ando de morte quem aprova vacina, gente ego\u00edsta que n\u00e3o consegue deixar de tomar uma cerveja para proteger os outros, o fuckin\u2019 presidente da rep\u00fablica fazendo propaganda de rem\u00e9dio de mal\u00e1ria para coronav\u00edrus&#8230; deve ser ainda mais cansativo quando voc\u00ea \u00e9 um dos que paga o pato pela desinforma\u00e7\u00e3o. Imagina s\u00f3 trabalhar at\u00e9 o ponto de considerar suic\u00eddio e ouvir o ministro da Sa\u00fade mentir descaradamente sobre vacinas para crian\u00e7as minutos depois?<\/p>\n<p>\u00c9 uma gente que est\u00e1 apanhando de tudo quanto \u00e9 lado, e vendo uma popula\u00e7\u00e3o progressivamente mais desinformada sobre o que fazem. N\u00e3o s\u00f3 desinformada, como orgulhosa de defender pontos de vista absolutamente est\u00fapidos, coisas que um m\u00ednimo de interesse resolveria em minutos. Eu n\u00e3o invejo os m\u00e9dicos e profissionais de sa\u00fade brasileiros.<\/p>\n<p>A pesquisa mencionada na not\u00edcia fala de v\u00e1rios pa\u00edses latinos. Se tem m\u00e9dico chileno entrando em depress\u00e3o num pa\u00eds que fez as coisas muito melhor do que a m\u00e9dia da regi\u00e3o, imagina o tamanho do problema no Brasil? Estamos gastando a reserva da reserva do combust\u00edvel da nossa linha de defesa contra a doen\u00e7a, estamos regredindo lentamente no setor que mais aumentou a qualidade de vida e longevidade da humanidade nos \u00faltimos s\u00e9culos.<\/p>\n<p>Mas vai l\u00e1, vai tomar sua cerveja e pular seu carnaval. O que pode dar errado?<\/p>\n<p class=\"uk-background-muted uk-padding\">Para dizer que j\u00e1 cansou de n\u00e3o poder cansar da pandemia, para dizer que m\u00e9dico \u00e9 rico e n\u00e3o tem d\u00f3 (a maioria n\u00e3o \u00e9), ou mesmo para dizer que est\u00e1 com saudade das merdas que o Bolsonaro diz serem o pior da semana: <a href=\"mailto:somir@desfavor.com\">somir@desfavor.com<\/a><\/p>\n","protected":false},"excerpt":{"rendered":"<p>Os trabalhadores da sa\u00fade de 11 pa\u00edses latino-americanos apresentam &#8220;altos \u00edndices&#8221; de sintomas depressivos e pensamentos suicidas, segundo um estudo publicado nesta quinta-feira (13) pela ag\u00eancia regional da OMS. LINK A pandemia tem consequ\u00eancias que v\u00e3o al\u00e9m do n\u00famero de hospitalizados e mortos, estamos queimando a nossa linha de defesa. Desfavor da Semana.<\/p>\n","protected":false},"author":4,"featured_media":19470,"comment_status":"open","ping_status":"open","sticky":false,"template":"","format":"standard","meta":{"footnotes":""},"categories":[27],"tags":[],"class_list":["post-19469","post","type-post","status-publish","format-standard","has-post-thumbnail","hentry","category-desfavor-semana"],"_links":{"self":[{"href":"https:\/\/www.desfavor.com\/blog\/wp-json\/wp\/v2\/posts\/19469","targetHints":{"allow":["GET"]}}],"collection":[{"href":"https:\/\/www.desfavor.com\/blog\/wp-json\/wp\/v2\/posts"}],"about":[{"href":"https:\/\/www.desfavor.com\/blog\/wp-json\/wp\/v2\/types\/post"}],"author":[{"embeddable":true,"href":"https:\/\/www.desfavor.com\/blog\/wp-json\/wp\/v2\/users\/4"}],"replies":[{"embeddable":true,"href":"https:\/\/www.desfavor.com\/blog\/wp-json\/wp\/v2\/comments?post=19469"}],"version-history":[{"count":0,"href":"https:\/\/www.desfavor.com\/blog\/wp-json\/wp\/v2\/posts\/19469\/revisions"}],"wp:featuredmedia":[{"embeddable":true,"href":"https:\/\/www.desfavor.com\/blog\/wp-json\/wp\/v2\/media\/19470"}],"wp:attachment":[{"href":"https:\/\/www.desfavor.com\/blog\/wp-json\/wp\/v2\/media?parent=19469"}],"wp:term":[{"taxonomy":"category","embeddable":true,"href":"https:\/\/www.desfavor.com\/blog\/wp-json\/wp\/v2\/categories?post=19469"},{"taxonomy":"post_tag","embeddable":true,"href":"https:\/\/www.desfavor.com\/blog\/wp-json\/wp\/v2\/tags?post=19469"}],"curies":[{"name":"wp","href":"https:\/\/api.w.org\/{rel}","templated":true}]}}