{"id":24175,"date":"2024-12-11T12:52:18","date_gmt":"2024-12-11T15:52:18","guid":{"rendered":"https:\/\/www.desfavor.com\/blog\/?p=24175"},"modified":"2025-11-05T00:59:11","modified_gmt":"2025-11-05T03:59:11","slug":"racismo-ambiental","status":"publish","type":"post","link":"https:\/\/www.desfavor.com\/blog\/2024\/12\/racismo-ambiental\/","title":{"rendered":"&#8220;Racismo&#8221; &#8220;Ambiental&#8221;"},"content":{"rendered":"<p>Ou, como um movimento cheio de publicit\u00e1rios consegue escolher os piores nomes poss\u00edveis para cada ideia que desenvolve. Racismo ambiental \u00e9 a ideia de que pessoas de ra\u00e7as menos privilegiadas acabam sempre em \u00e1reas mais propensas aos problemas do aquecimento global, polui\u00e7\u00e3o e destrui\u00e7\u00e3o do meio ambiente em geral. Faz sentido, mas precisa usar essa merda de nome?<!--more--><\/p>\n<p>Minha teoria \u00e9 simples: a maior parte das pessoas seria totalmente a favor das pol\u00edticas consideradas progressistas se elas fossem explicadas de forma decente. Qual a dificuldade de convencer uma pessoa pobre que ela \u00e9 sacaneada por ricos e poderosos e que precisa se unir com outros pobres para ter capacidade de melhorar sua vida?<\/p>\n<p>Se tem uma coisa que move a humanidade \u00e9 jogar a culpa nos outros. Percebam que hoje eu nem estou fazendo ju\u00edzo de valor sobre o quanto dos problemas das minorias e dos mais pobres s\u00e3o culpa da sociedade ou s\u00e3o culpa deles mesmos, estou s\u00f3 fazendo uma an\u00e1lise publicit\u00e1ria sobre a autossabotagem incr\u00edvel que a suposta parcela que se diz mais inteligente da popula\u00e7\u00e3o faz dia sim, dia tamb\u00e9m.<\/p>\n<p>O clima est\u00e1 se tornando mais severo no mundo. E como j\u00e1 dito em v\u00e1rios outros textos aqui mesmo no Desfavor, \u00e9 irrelevante se voc\u00ea acredita que isso acontece por a\u00e7\u00e3o humana ou n\u00e3o, porque as consequ\u00eancias s\u00e3o reais. Ali\u00e1s, voc\u00ea pode at\u00e9 ser do contra sobre a mudan\u00e7a clim\u00e1tica e ainda sim ter que se preocupar com o tema: como o ser humano est\u00e1 se concentrando em cidades numa escala absurda, cada chuva impacta mais e mais gente de uma s\u00f3 vez.<\/p>\n<p>S\u00e3o contas bem simples: antigamente, moravam 20 pessoas na \u00e1rea afetada por um evento clim\u00e1tico extremo, hoje moram 20.000. O simples fato de a densidade populacional aumentar torna a gente mais vulner\u00e1vel. Estruturas b\u00e1sicas de \u00e1gua, energia e at\u00e9 mesmo distribui\u00e7\u00e3o de alimentos ficam mais concentradas e eficientes, mas perdemos redund\u00e2ncia.<\/p>\n<p>Percebem que voc\u00ea pode achar que aquecimento global n\u00e3o existe ou que existe e n\u00e3o \u00e9 causado por atividade humana e mesmo assim enxergar que temos um problema para resolver? Eu n\u00e3o consigo entender por que o tema \u00e9 tratado como se fosse uma ades\u00e3o obrigat\u00f3ria \u00e0 teoria cient\u00edfica vigente para ser considerado. E voltando ao t\u00edtulo do texto, porque ao se discutir isso, injetam pontos de discord\u00e2ncia no meio da conversa.<\/p>\n<p>Racismo ambiental \u00e9 a pior forma de dizer que pessoas pobres acabam aglomeradas de forma prec\u00e1rias nas regi\u00f5es mais perigosas do mundo. E que com o passar do tempo, v\u00e3o ser mais e mais atingidas por inunda\u00e7\u00f5es, secas, ressacas, tsunamis, furac\u00f5es&#8230;<\/p>\n<p>Sim, racismo \u00e9 um fator na representa\u00e7\u00e3o desproporcional de n\u00e3o-brancos nessas popula\u00e7\u00f5es pobres, mas quando voc\u00ea chama o efeito de Racismo Ambiental, passa a mensagem que a quest\u00e3o de resolve s\u00f3 com o combate ao racismo. Na pr\u00e1tica nem \u00e9 isso, mas como publicit\u00e1rio eu garanto: as palavras que voc\u00ea escolhe para passar uma ideia mudam a forma como as pessoas lidam com ela.<\/p>\n<p>Negros t\u00eam menos dinheiro para comprar carnes para fazer churrasco, ent\u00e3o vamos come\u00e7ar a chamar a quest\u00e3o de Racismo Churrascal? Voc\u00ea pega uma palavra que pesa uma tonelada e coloca do lado de uma que voa com o vento, qual voc\u00ea acha que vai estar l\u00e1 na mente da pessoa depois de um tempo? E se a conclus\u00e3o que se tira da quest\u00e3o \u00e9 que ela \u00e9 s\u00f3 mais uma qualifica\u00e7\u00e3o para o racismo, voc\u00ea vai ter uma popula\u00e7\u00e3o e seus representantes lidando com ela pela vis\u00e3o do racismo.<\/p>\n<p>Que, infelizmente, n\u00e3o se resolve com canetadas e mensagens bonitas de celebridades. No fundo todo mundo sabe disso, problemas t\u00e3o b\u00e1sicos como esses s\u00e3o tratados inconscientemente como imposs\u00edveis de resolver. Se voc\u00ea est\u00e1 me dizendo que existe Racismo Ambiental, evidente que eu vou pensar no racismo como o foco da solu\u00e7\u00e3o.<\/p>\n<p>E n\u00e3o \u00e9. O suposto fim do racismo resolveria o problema da representa\u00e7\u00e3o exagerada de pessoas de pele mais escura entre as v\u00edtimas da quest\u00e3o clim\u00e1tica, mas n\u00e3o tiraria as pessoas das \u00e1reas de risco. Se as pessoas perdendo o pouco que tem e morrendo em trag\u00e9dias naturais fossem mais brancas em m\u00e9dia, tudo bem?<\/p>\n<p>O problema que a ideia do Racismo Ambiental tenta combater n\u00e3o deixa de existir com igualdade entre as ra\u00e7as. Ent\u00e3o por que diabos usar essa palavra? Por que pegar um tema que com certeza uniria as pessoas e colocar um ponto de divis\u00e3o nele?<\/p>\n<p>Quanto mais o tempo passa, mais eu me conven\u00e7o que a guerra ideol\u00f3gica moderna fez uma sele\u00e7\u00e3o artificial de gente sem no\u00e7\u00e3o em posi\u00e7\u00f5es de poder em ambos os lados. \u00c9 uma s\u00e9rie de decis\u00f5es sobre como expressar suas ideias que complicam tudo, sem nenhum ganho real para as causas. <\/p>\n<p>Por que n\u00e3o chamar a causa de Moradia Segura? Explique que ficou mais importante conhecer a regi\u00e3o na qual se vive para prever os riscos, porque tem muita gente vivendo em lugares que podem ser fatais. Foca na parte positiva, que \u00e9 seguran\u00e7a. A causa \u00e9 fazer as pessoas morarem em lugares mais seguros.<\/p>\n<p>E se essa \u00e9 a causa, o problema fica bem definido: tem gente demais em lugares ruins. Quer ir pelo \u00e2ngulo de gente demais? Incentive pessoas a ir para cidades menores, fa\u00e7a projetos de habita\u00e7\u00e3o em \u00e1reas melhores, crie obst\u00e1culos para o cidad\u00e3o subir sua casa no lado de um morro. N\u00e3o resolve tudo na hora, mas acumula com o passar das d\u00e9cadas.<\/p>\n<p>Quer ir pelo \u00e2ngulo dos lugares ruins? \u00c9 mais caro e complicado, mas sirenes em encostas e planos de evacua\u00e7\u00e3o s\u00e3o mais valiosos para o negro perif\u00e9rico nesse caso do que qualquer projeto cultural de valoriza\u00e7\u00e3o de ra\u00edzes africanas. O \u00e2ngulo do racismo vai matar pessoas, porque cria um advers\u00e1rio abstrato que n\u00e3o muda a pessoa de lugar nem torna o lugar mais seguro. Esse \u00e9 o poder da comunica\u00e7\u00e3o: vida ou morte.<\/p>\n<p>Evidente que eu n\u00e3o estou dizendo que as pessoas trabalhando em seguran\u00e7a de moradia contra as mudan\u00e7as clim\u00e1ticas s\u00e3o umas imbecis que est\u00e3o fazendo projetos lacradores in\u00fateis, estou s\u00f3 dizendo que por causa desse nome desastrado \u00e9 isso que muita gente vai entender. E infelizmente, isso diminui o n\u00famero de pessoas engajadas no projeto, uma bola de neve que termina nos pol\u00edticos dando de ombros para isso. Alguns at\u00e9 v\u00e3o usar o nome Racismo Ambiental para tirar sarro da ideia e enfraquecer ainda mais o suporte.<\/p>\n<p>Voc\u00ea tem que prever o que pessoas mal-intencionadas v\u00e3o fazer com a forma como voc\u00ea se apresenta. Chamar seu filho de Arco-\u00cdris pode ser resultado de um desejo honesto de oferecer o nome mais bonito para quem voc\u00ea mais ama, mas esse moleque est\u00e1 absolutamente ferrado quando chegar na escola. Chamar de Racismo Ambiental \u00e9 um problema, e uma parte do problema \u00e9 mesmo do racismo, mas as palavras est\u00e3o em choque de significado na mente do povo.<\/p>\n<p>Voc\u00ea tem que literalmente pensar que algu\u00e9m vai escutar o nome e achar idiota porque a chuva n\u00e3o escolhe a cor da pessoa na qual vai cair. Uma das partes que eu mais odeio no meu trabalho \u00e9 quando eu tenho que matar uma ideia que acho divertida porque pessoas burras v\u00e3o entender errado. Faz parte do jogo.<\/p>\n<p>Eu sei que parece uma reclama\u00e7\u00e3o min\u00fascula em rela\u00e7\u00e3o ao tamanho das quest\u00f5es abordadas, mas n\u00e3o \u00e9. \u00c9 vida ou morte. Quase todo criativo que eu conhe\u00e7o \u00e9 progressista at\u00e9 dizer chega, do tipo que me chamaria de fascista por este texto, ent\u00e3o eu sei que tem muita m\u00e3o-de-obra dispon\u00edvel na \u00e1rea de comunica\u00e7\u00e3o, mas n\u00e3o usam o conhecimento t\u00e9cnico.<\/p>\n<p>Se \u00e9 uma batalha pela mensagem que vai ficar na cabe\u00e7a do pov\u00e3o, que tal come\u00e7ar a usar a vantagem absurda que os progressistas t\u00eam? N\u00e3o com atriz de Hollywood cantando \u201cImagine\u201d na rede social, mas com mensagens minimamente compreens\u00edveis para o pov\u00e3o.<\/p>\n<p>Morre gente por causa dessa lacra\u00e7\u00e3o, dessa teimosia em n\u00e3o alcan\u00e7ar a maioria da popula\u00e7\u00e3o por causa de minorias radicalizadas. A mente identit\u00e1ria s\u00f3 enxerga divis\u00e3o. E a\u00ed, quando precisamos nos unir&#8230; d\u00e1 nisso.<\/p>\n<p class=\"uk-background-muted uk-padding\">Para descrever outros tipos de racismo, para dizer que o problema \u00e9 e sempre foi gente, ou mesmo para dizer que a M\u00e3e Natureza vai limpar a casa: <a href=\"#respond\">comente<\/a>.<\/p>\n","protected":false},"excerpt":{"rendered":"<p>Ou, como um movimento cheio de publicit\u00e1rios consegue escolher os piores nomes poss\u00edveis para cada ideia que desenvolve. Racismo ambiental \u00e9 a ideia de que pessoas de ra\u00e7as menos privilegiadas acabam sempre em \u00e1reas mais propensas aos problemas do aquecimento global, polui\u00e7\u00e3o e destrui\u00e7\u00e3o do meio ambiente em geral. Faz sentido, mas precisa usar essa [&hellip;]<\/p>\n","protected":false},"author":3,"featured_media":24176,"comment_status":"open","ping_status":"open","sticky":false,"template":"","format":"standard","meta":{"footnotes":""},"categories":[24,53],"tags":[],"class_list":["post-24175","post","type-post","status-publish","format-standard","has-post-thumbnail","hentry","category-flertando-desastre","category-publiciotarios"],"_links":{"self":[{"href":"https:\/\/www.desfavor.com\/blog\/wp-json\/wp\/v2\/posts\/24175","targetHints":{"allow":["GET"]}}],"collection":[{"href":"https:\/\/www.desfavor.com\/blog\/wp-json\/wp\/v2\/posts"}],"about":[{"href":"https:\/\/www.desfavor.com\/blog\/wp-json\/wp\/v2\/types\/post"}],"author":[{"embeddable":true,"href":"https:\/\/www.desfavor.com\/blog\/wp-json\/wp\/v2\/users\/3"}],"replies":[{"embeddable":true,"href":"https:\/\/www.desfavor.com\/blog\/wp-json\/wp\/v2\/comments?post=24175"}],"version-history":[{"count":0,"href":"https:\/\/www.desfavor.com\/blog\/wp-json\/wp\/v2\/posts\/24175\/revisions"}],"wp:featuredmedia":[{"embeddable":true,"href":"https:\/\/www.desfavor.com\/blog\/wp-json\/wp\/v2\/media\/24176"}],"wp:attachment":[{"href":"https:\/\/www.desfavor.com\/blog\/wp-json\/wp\/v2\/media?parent=24175"}],"wp:term":[{"taxonomy":"category","embeddable":true,"href":"https:\/\/www.desfavor.com\/blog\/wp-json\/wp\/v2\/categories?post=24175"},{"taxonomy":"post_tag","embeddable":true,"href":"https:\/\/www.desfavor.com\/blog\/wp-json\/wp\/v2\/tags?post=24175"}],"curies":[{"name":"wp","href":"https:\/\/api.w.org\/{rel}","templated":true}]}}