{"id":24694,"date":"2025-01-09T12:25:14","date_gmt":"2025-01-09T15:25:14","guid":{"rendered":"https:\/\/www.desfavor.com\/blog\/?p=24694"},"modified":"2026-01-08T17:18:22","modified_gmt":"2026-01-08T20:18:22","slug":"notas-da-comunidade","status":"publish","type":"post","link":"https:\/\/www.desfavor.com\/blog\/2025\/01\/notas-da-comunidade\/","title":{"rendered":"Notas da Comunidade."},"content":{"rendered":"<p>Mark Zuckerberg, chef\u00e3o da Meta, grupo que, entre outros, inclui Instagram, Whatsapp e Facebook, nos deu conte\u00fado de qualidade esta semana. Depois de uma declara\u00e7\u00e3o bomb\u00e1stica que, entre outras coisas, denunciou atos de censura (palavras dele) que estariam ocorrendo na Am\u00e9rica Latina, inclusive com \u201ctribunais secretos\u2019 que podem ordenar que empresas silenciosamente retirem conte\u00fados das plataformas\u201d, resolveu mudar a forma como lida com modera\u00e7\u00e3o.<!--more--><\/p>\n<p>Para combater essa suposta censura, bem como essas supostas ordens secretas de tribunais, Mark anunciou algumas mudan\u00e7as na condu\u00e7\u00e3o de suas redes sociais, declaradamente inspiradas em medidas implementadas por Elon Musk no X. Ele disse, com todas as letras, que os filtros atuais utilizados pelos checadores s\u00e3o \u201cmuito sens\u00edveis\u201d e por isso pass\u00edveis de erros e manipula\u00e7\u00e3o e que \u00e9 hora de dar um passo atr\u00e1s.<\/p>\n<p>Enquanto n\u00e3o usu\u00e1ria de Instagram, portanto, dando uma opini\u00e3o sem nenhum conhecimento de causa, que pode muito bem estar errada, me soa aberrante precisar escrever palavras substituindo letras por n\u00fameros para n\u00e3o ter minha postagem censurada. N\u00e3o sei em que momento isso foi normalizado. Al\u00e9m de ser um excesso, tamb\u00e9m \u00e9 uma incoer\u00eancia: se voc\u00ea usa uma rede, tem que obedecer a pol\u00edtica deles. Se voc\u00ea burla a pol\u00edtica deles usando n\u00fameros em vez de letras para escrever algo proibido, n\u00e3o me venha defender essa mesma pol\u00edtica que, de t\u00e3o excessiva, voc\u00ea mesmo burla.<\/p>\n<p>Uma das mudan\u00e7as que Zuckerberg anunciou foi a implementa\u00e7\u00e3o de uma ferramenta similar \u00e0 do X\/Twitter, as Notas da Comunidade. Sim, ele chegou a se referir expressamente a Elon Musk e \u00e0s Notas da Comunidade como modelo de sucesso a ser reproduzido. N\u00f3s elogiamos antes de virar modinha.<\/p>\n<p>Entendam, isso n\u00e3o quer dizer que \u201cvai acabar a modera\u00e7\u00e3o\u201d e que as redes v\u00e3o virar terra sem lei. \u00c9 que agora n\u00e3o ser\u00e1 mais um pequeno grupo pago dizendo o que verdade e o que \u00e9 mentira, o que \u00e9 adequado e o que \u00e9 inadequado. Ser\u00e3o todos voc\u00eas. Ser\u00e1 que isso \u00e9 realmente ruim?<\/p>\n<p>Muita gente nem imagina o que sejam as Notas da Comunidade. Neste texto voc\u00ea vai entender as diferentes camadas, benef\u00edcios e problemas da ferramenta, que, j\u00e1 adianto, \u00e9 uma das melhores coisas que aconteceu na internet nos \u00faltimos tempos. N\u00e3o deixe uma eventual repulsa por Elon Musk te cegar: o tio tamb\u00e9m acerta. N\u00e3o tem como algu\u00e9m que destronou a NASA n\u00e3o acertar.<\/p>\n<p>Vamos entender melhor como funciona essa ferramenta e como fazer melhor uso dela, assim todos est\u00e3o preparados quando ela estrear em outras redes sociais?<\/p>\n<p>Uma frase que Elon Musk vem repetindo muito \u00e9 \u201cVoc\u00eas s\u00e3o a m\u00eddia agora, eles s\u00e3o passado\u201d, ao se referir \u00e0 imprensa, a jornalistas e grandes portais de comunica\u00e7\u00e3o. A inten\u00e7\u00e3o declarada dele \u00e9 que a coletividade diga o que \u00e9 falso e o que n\u00e3o \u00e9, o que \u00e9 nocivo e o que n\u00e3o \u00e9, o que \u00e9 manipula\u00e7\u00e3o e o que n\u00e3o \u00e9. A inten\u00e7\u00e3o \u00e9 que todos os usu\u00e1rios do X zelem pelas informa\u00e7\u00f5es, sua veracidade e contexto. Somos inocentes de achar que Elon Musk \u00e9 o paladino da liberdade de express\u00e3o e que est\u00e1 fazendo isso por ser uma pessoa nobre? \u00d3bvio que n\u00e3o. O que n\u00e3o nos impede de reconhecer o acerto, pois a ferramenta, at\u00e9 aqui, est\u00e1 funcionando bem.<\/p>\n<p>Notas da Comunidade s\u00e3o basicamente a possibilidade de acrescentar uma nota de rodap\u00e9 em qualquer postagem feita na rede social que precise de um alerta. N\u00e3o necessariamente precisa ser uma postagem falsa (vamos chegar nesses detalhes mais para frente), apenas alguma informa\u00e7\u00e3o relevante que precise ser adicionada para que aquele post n\u00e3o induza ningu\u00e9m a erro.<\/p>\n<p>Qualquer usu\u00e1rio da rede social pode se cadastrar para ter acesso a essa ferramenta de modera\u00e7\u00e3o e se tornar um colaborador das Notas da Comunidade. A autoriza\u00e7\u00e3o \u00e9 r\u00e1pida, acredito que fa\u00e7am uma checagem bem b\u00e1sico do perfil s\u00f3 para ter certeza de que n\u00e3o \u00e9 um criminoso ostensivo ou um bot.<\/p>\n<p>N\u00e3o \u00e9 exigido que a pessoa tenha algum status espec\u00edfico como um n\u00famero alto de seguidores. N\u00e3o \u00e9 exigido que a pessoa seja assinante do X. Inclusive \u00e9 permitido que perfis com nomes e imagens falsas possam fazer Notas da Comunidade, j\u00e1 que se entende que o anonimato \u00e9 um sagrado direito do usu\u00e1rio. A pr\u00f3pria rede social, quando fala sobre o assunto, diz que quanto mais gente contribuindo, melhor:<\/p>\n<p><img loading=\"lazy\" decoding=\"async\" class=\"alignnone size-full wp-image-24701 uk-margin\" src=\"https:\/\/www.desfavor.com\/blog\/wp-content\/uploads\/2025\/01\/NC-Intro.jpg\" alt=\"\" width=\"750\" height=\"513\" srcset=\"https:\/\/www.desfavor.com\/blog\/wp-content\/uploads\/2025\/01\/NC-Intro.jpg 750w, https:\/\/www.desfavor.com\/blog\/wp-content\/uploads\/2025\/01\/NC-Intro-300x205.jpg 300w\" sizes=\"(max-width: 750px) 100vw, 750px\" \/><\/p>\n<p>O filtro n\u00e3o \u00e9 na hora de permitir, o grande filtro vem depois, quando as pessoas j\u00e1 est\u00e3o efetivamente utilizando a ferramenta, para obrig\u00e1-las a usar direito. Vamos chegar l\u00e1.<\/p>\n<p>Uma vez autorizada a se tornar um colaborador, a pessoa pode acrescentar uma Nota da Comunidade na postagem que quiser, respeitando as regras da rede social. No X, El\u00e3o mant\u00e9m a coisa o mais objetiva poss\u00edvel, dando m\u00ednimo espa\u00e7o para subjetivismo. L\u00e1, ao criar uma Nota da Comunidade, o primeiro passo que a pessoa tem que cumprir \u00e9 marcar uma das op\u00e7\u00f5es abaixo, em caixinhas de m\u00faltipla-escolha:<\/p>\n<p><img loading=\"lazy\" decoding=\"async\" class=\"alignnone size-full wp-image-24696 uk-margin\" src=\"https:\/\/www.desfavor.com\/blog\/wp-content\/uploads\/2025\/01\/NC-1.jpg\" alt=\"\" width=\"750\" height=\"750\" srcset=\"https:\/\/www.desfavor.com\/blog\/wp-content\/uploads\/2025\/01\/NC-1.jpg 750w, https:\/\/www.desfavor.com\/blog\/wp-content\/uploads\/2025\/01\/NC-1-300x300.jpg 300w, https:\/\/www.desfavor.com\/blog\/wp-content\/uploads\/2025\/01\/NC-1-150x150.jpg 150w, https:\/\/www.desfavor.com\/blog\/wp-content\/uploads\/2025\/01\/NC-1-120x120.jpg 120w\" sizes=\"(max-width: 750px) 100vw, 750px\" \/><\/p>\n<p>Percebam que n\u00e3o \u00e9 apenas uma not\u00edcia falsa que justifica uma Nota da Comunidade. At\u00e9 mesmo piadas muito sutis que podem enganar uma grande quantidade de pessoas podem receber uma Nota, n\u00e3o por serem falsas ou mal-intencionadas, mas por ser necess\u00e1rio esclarecer de forma mais expl\u00edcita que \u00e9 uma piada.<\/p>\n<p>Uma imagem de IA que chegue muito perto da perfei\u00e7\u00e3o \u00e9 outro exemplo que pode receber uma Nota sem que seu autor tenha a inten\u00e7\u00e3o de enganar, \u00e9 apenas uma forma de educar as pessoas e ensin\u00e1-las a diferenciar imagens reais de imagens criadas. N\u00e3o raro, na pr\u00f3pria Nota os pontos que devem ser observados para reconhecer se tratar de uma imagem artificialmente gerada s\u00e3o sinalizados.<\/p>\n<p>E sempre tem a op\u00e7\u00e3o \u201cOutros\u201d, para manter o mais amplo poss\u00edvel o leque de situa\u00e7\u00f5es que precisam de algum coment\u00e1rio ou esclarecimento. Repito, a ideia das Notas da Comunidade n\u00e3o \u00e9 atacar nem desacreditar ningu\u00e9m e sim zelar para que a informa\u00e7\u00e3o mais correta poss\u00edvel chegue aos usu\u00e1rios da rede.<\/p>\n<p>Depois de marcar o crit\u00e9rio que torna necess\u00e1ria uma Nota da Comunidade naquela postagem, o criador da Nota tem que preencher um campo explicando por qual motivo a op\u00e7\u00e3o marcada se aplica \u00e0 postagem. Tamb\u00e9m deve inserir pelo menos um link de uma fonte que julgue confi\u00e1vel que endosse a necessidade de esclarecimentos.<\/p>\n<p>Justificativas subjetivas n\u00e3o costumam ser bem aceitas. Achismos, ideologia, ou qualquer forma de opini\u00e3o tendem a n\u00e3o prosperar e podem at\u00e9 ser denunciados pelos outros usu\u00e1rios como abuso. As Notas da Comunidade come\u00e7aram em 2023, ent\u00e3o, j\u00e1 est\u00e3o consolidadas, todo mundo j\u00e1 sabe o que d\u00e1 certo colocar e o que n\u00e3o d\u00e1. Milit\u00e2ncia, de nenhum dos lados, d\u00e1 certo. Opini\u00e3o, achismo ou informa\u00e7\u00e3o subjetiva tamb\u00e9m n\u00e3o.<\/p>\n<p>Como foi algo que realmente funcionou muito bem, os usu\u00e1rios do X adquiriram um senso de coletividade e um respeito muito grande pelas Notas da Comunidade, todo mundo cuida muito bem delas, o que, at\u00e9 aqui, as tornou uma ferramenta muito \u00fatil. N\u00e3o \u00e9 sobre atacar Fulano ou Beltrano, \u00e9 sobre eu n\u00e3o fazer papel de ot\u00e1rio acreditando em mentira. As pessoas s\u00e3o gratas pelas Notas. Tirando algumas exce\u00e7\u00f5es de situa\u00e7\u00f5es nas quais os brasileiros perdem o controle e fazem piadocas ostensivas (que eu morro de rir, pois s\u00e3o muito engra\u00e7adas), elas s\u00e3o altamente confi\u00e1veis.<\/p>\n<p>Depois de marcar a op\u00e7\u00e3o na m\u00faltipla-escolha, escrever sua justificativa e acrescentar um link que endosse sua nota, ela fica pendente e aparece para todas as pessoas cadastradas no sistema de Notas da Comunidade em off, para que seja avaliada. Voc\u00ea v\u00ea a postagem e v\u00ea um aviso sobre uma Nota pendente, te pedindo para avaliar:<\/p>\n<p><img loading=\"lazy\" decoding=\"async\" class=\"alignnone size-full wp-image-24697 uk-margin\" src=\"https:\/\/www.desfavor.com\/blog\/wp-content\/uploads\/2025\/01\/NC-2.jpg\" alt=\"\" width=\"750\" height=\"310\" srcset=\"https:\/\/www.desfavor.com\/blog\/wp-content\/uploads\/2025\/01\/NC-2.jpg 750w, https:\/\/www.desfavor.com\/blog\/wp-content\/uploads\/2025\/01\/NC-2-300x124.jpg 300w\" sizes=\"(max-width: 750px) 100vw, 750px\" \/><\/p>\n<p>Ao entrar na Nota pendente, cada usu\u00e1rio \u00e9 convidado a avali\u00e1-la. Come\u00e7a com a pergunta: \u201cEsta Nota foi \u00fatil?\u201d e as op\u00e7\u00f5es \u201cSim\u201d, \u201cUm Pouco\u201d ou \u201cN\u00e3o\u201d.<\/p>\n<p>Depois, dependendo da op\u00e7\u00e3o escolhida, aparecem perguntas de m\u00faltipla escolha para que o X tente entender que valor tem aquela nota:<\/p>\n<p><img loading=\"lazy\" decoding=\"async\" class=\"alignnone size-full wp-image-24698 uk-margin\" src=\"https:\/\/www.desfavor.com\/blog\/wp-content\/uploads\/2025\/01\/NC-3.jpg\" alt=\"\" width=\"750\" height=\"750\" srcset=\"https:\/\/www.desfavor.com\/blog\/wp-content\/uploads\/2025\/01\/NC-3.jpg 750w, https:\/\/www.desfavor.com\/blog\/wp-content\/uploads\/2025\/01\/NC-3-300x300.jpg 300w, https:\/\/www.desfavor.com\/blog\/wp-content\/uploads\/2025\/01\/NC-3-150x150.jpg 150w, https:\/\/www.desfavor.com\/blog\/wp-content\/uploads\/2025\/01\/NC-3-120x120.jpg 120w\" sizes=\"(max-width: 750px) 100vw, 750px\" \/><\/p>\n<p>Com base nessas respostas, na quantidade e na qualidade dos avaliadores, se decide se a Nota ser\u00e1 mostrada a todos os usu\u00e1rios ou n\u00e3o. \u00c9 necess\u00e1rio um n\u00famero bem expressivo de pessoas a favor e um n\u00famero bem pequeno de pessoas contra para que uma Nota passe a ser exibida ao p\u00fablico.<\/p>\n<p>Cada avaliador tem uma reputa\u00e7\u00e3o. Quanto mais avalia\u00e7\u00f5es assertivas a pessoa tiver, isto \u00e9, quanto mais seu julgamento se mostrar compat\u00edvel com o que a Comunidade entendeu ser correto, mais peso ter\u00e3o suas avalia\u00e7\u00f5es no futuro. Isso move as pessoas a n\u00e3o inventar mentiras, n\u00e3o fazer mau uso das Notas e n\u00e3o us\u00e1-las para sacanear os outros, pois se voc\u00ea ficar desacreditado dentro do sistema, seus votos n\u00e3o valer\u00e3o quase nada.<\/p>\n<p>Al\u00e9m de desmentir informa\u00e7\u00f5es falsas, mentiras ou algo que possa ser nocivo ou enganoso, as Notas da Comunidade tamb\u00e9m t\u00eam um car\u00e1ter pedag\u00f3gico: post que toma Nota \u00e9 automaticamente desmonetizado, ou seja, o autor deixa de ganhar dinheiro. Ent\u00e3o, inventar uma fake news para ter muitas visualiza\u00e7\u00f5es e monetizar com isso n\u00e3o funciona mais no X.<\/p>\n<p>\u201cMas Sally, mesmo quando \u00e9 sem inten\u00e7\u00e3o de mentir, como por exemplo, uma imagem de IA?\u201d. Sim, pois a rede te d\u00e1 ferramentas para sinalizar isso. Se voc\u00ea n\u00e3o as utilizou corretamente e induziu algu\u00e9m a erro, mesmo sem querer pode tomar uma Nota. A ideia tamb\u00e9m \u00e9 conscientizar as pessoas sobre uma comunica\u00e7\u00e3o clara e eficiente.<\/p>\n<p>Al\u00e9m disso, perfis que recebem Notas da Comunidade t\u00eam seu alcance gradativamente reduzido, ou seja, o X entrega cada vez menos esse conte\u00fado para os outros. E depois de uma certa quantidade de Notas voc\u00ea pode at\u00e9 n\u00e3o ter mais seu conte\u00fado entregue, fica falando sozinho. \u00c9 uma forma de desencorajar as pessoas a sistematicamente postarem informa\u00e7\u00f5es falsas.<\/p>\n<p>A\u00ed voc\u00eas podem pensar que existe algum tipo de favorecimento ou dois pesos e duas medidas. N\u00e3o existe nada ostensivo nesse sentido, inclusive o pr\u00f3prio Elon Musk toma Nota da Comunidade com muita frequ\u00eancia, alguma com justificativas bastante humilhantes. No ranking divulgado no ano passado, Elon ocupava o 27\u00b0 lugar de pessoa que mais levou Nota da Comunidade. N\u00e3o consigo detectar nenhuma prote\u00e7\u00e3o especial a pessoas ou ideologias nesse contexto, onde o dono \u00e9 um dos mais punidos.<\/p>\n<p>Nunca vi ningu\u00e9m sair ileso de uma postagem realmente mal-intencionada. A Nota vem. Tanto que os usu\u00e1rio at\u00e9 brincam quando algu\u00e9m escreve uma mentira e deixam coment\u00e1rios como \u201cihhh, l\u00e1 vem a Nota da Comunidade\u201d. \u00c9 Nota para todo mundo: grandes portais de not\u00edcias, m\u00eddia, Presidente, Minist\u00e9rio, Ministro do STF, Ministro de Governo&#8230; n\u00e3o perdoam ningu\u00e9m.<\/p>\n<p>E a Nota da Comunidade \u00e9 bem expl\u00edcita. N\u00e3o tem como o usu\u00e1rio do X n\u00e3o ver que ela est\u00e1 l\u00e1. Um exemplo cl\u00e1ssico:<\/p>\n<p><img loading=\"lazy\" decoding=\"async\" class=\"alignnone size-full wp-image-24699 uk-margin\" src=\"https:\/\/www.desfavor.com\/blog\/wp-content\/uploads\/2025\/01\/NC-4.jpg\" alt=\"\" width=\"750\" height=\"750\" srcset=\"https:\/\/www.desfavor.com\/blog\/wp-content\/uploads\/2025\/01\/NC-4.jpg 750w, https:\/\/www.desfavor.com\/blog\/wp-content\/uploads\/2025\/01\/NC-4-300x300.jpg 300w, https:\/\/www.desfavor.com\/blog\/wp-content\/uploads\/2025\/01\/NC-4-150x150.jpg 150w, https:\/\/www.desfavor.com\/blog\/wp-content\/uploads\/2025\/01\/NC-4-120x120.jpg 120w\" sizes=\"(max-width: 750px) 100vw, 750px\" \/><\/p>\n<p>No caso espec\u00edfico dessa nota, como havia dezenas de not\u00edcias desmentindo, eu cortei para n\u00e3o ficar muito grande a imagem. Mas quem tem acesso a ela pode ver todos os links. Quando ela passa na Time Line, ela passa com esse aviso enorme. Dificilmente algu\u00e9m n\u00e3o veja.<\/p>\n<p>Mais do que uma ferramenta de picuinha, \u00e9 uma mem\u00f3ria online para qualquer povo desmemoriado. N\u00e3o tem um pol\u00edtico que voc\u00ea abra postagens e n\u00e3o tenha notas relembrando promessas n\u00e3o cumpridas em campanha, com os respectivos links para v\u00eddeos deles prometendo aquilo. De verdade, gente, \u00e9 uma ferramenta muito boa. N\u00e3o fa\u00e7a dela um elogio ou cr\u00edtica a Elon Musk, foque na ferramenta. A ferramenta \u00e9 boa.<\/p>\n<p>D\u00e1 t\u00e3o certo que transcende o b\u00e1sico de \u201cverdadeiro x falso\u201d. As pessoas aprenderam a usar t\u00e3o bem, que conseguem montar camadas de sutileza. Fiquei emocionada na primeira vez em que percebi isso. Vejamos este exemplo:<\/p>\n<p><img loading=\"lazy\" decoding=\"async\" class=\"alignnone size-full wp-image-24700 uk-margin\" src=\"https:\/\/www.desfavor.com\/blog\/wp-content\/uploads\/2025\/01\/NC-5.jpg\" alt=\"\" width=\"750\" height=\"750\" srcset=\"https:\/\/www.desfavor.com\/blog\/wp-content\/uploads\/2025\/01\/NC-5.jpg 750w, https:\/\/www.desfavor.com\/blog\/wp-content\/uploads\/2025\/01\/NC-5-300x300.jpg 300w, https:\/\/www.desfavor.com\/blog\/wp-content\/uploads\/2025\/01\/NC-5-150x150.jpg 150w, https:\/\/www.desfavor.com\/blog\/wp-content\/uploads\/2025\/01\/NC-5-120x120.jpg 120w\" sizes=\"(max-width: 750px) 100vw, 750px\" \/><\/p>\n<p>Um jornal publicou uma cr\u00edtica \u00e0 pol\u00edtica de subs\u00eddios do Governo e tomou uma Nota da Comunidade dizendo que ele mesmo se beneficia dessa pol\u00edtica. Ent\u00e3o, n\u00e3o \u00e9 sobre mentira aqui, o que o jornal falou \u00e9 verdade. \u00c9 sobre coer\u00eancia. \u00c9 enganoso um jornal criticar algo do qual ele mesmo faz uso. As pessoas foram capaz de, unidas, perceber uma incoer\u00eancia e apont\u00e1-la, permitindo que outras pessoas que eventualmente n\u00e3o saibam ou n\u00e3o percebam tenham a possibilidade de refletir sobre isso.<\/p>\n<p>Eu nunca vi nenhuma ferramenta com potencial de educar e proteger o povo contra mentira e incoer\u00eancia t\u00e3o eficiente. \u00c9 perfeita? Claro que n\u00e3o. Mas sem d\u00favidas, \u00e9 melhor do que nada ou melhor do que modera\u00e7\u00e3o nas m\u00e3os de uma meia d\u00fazia. Como bem disse o Somir ontem: s\u00f3 oito bilh\u00f5es de pessoas conseguem controlar o que oito bilh\u00f5es que pessoas postam.<\/p>\n<p>\u201cAin mas n\u00e3o tem nenhuma Nota desmentindo o Bolsonaro\u201d. Tem sim. Um monte. O Bolsonaro, a direita, o centro e o tudo que voc\u00ea possa imaginar. \u201cN\u00e3o tem no seu texto\u201d. O governo atual \u00e9 o do Lula, \u00e9 apenas natural que os exemplos do texto sejam envolvendo fatos atuais, afinal, s\u00e3o os assuntos que est\u00e3o frescos na cabe\u00e7a das pessoas. E as Notas forma lan\u00e7adas em 2022. Ent\u00e3o, n\u00e3o politizem meu texto, por caridade.<\/p>\n<p>Estamos diante de unic\u00f3rnio aqui: uma ferramenta que deu certo + que as pessoas aprenderam a usar + que d\u00e1 voz \u00e0s pessoas + que \u00e9 respeitada pelos usu\u00e1rios + \u00e9 validada pelo atual momento social. Acho prudente abra\u00e7ar, mesmo que voc\u00ea n\u00e3o goste do Elon Musk. \u00c9 a \u00fanica coisa que vi nos \u00faltimos tempos unindo pessoas em vez de desunir em redes sociais.<\/p>\n<p>Eventualmente se usa as Notas da Comunidade para fazer piada. Acontece. E \u00e9 engra\u00e7ado pra caralho. N\u00e3o acho nocivo pois fica muito claro que \u00e9 piada, n\u00e3o induz ningu\u00e9m a erro, mas, em tese, n\u00e3o pode.<\/p>\n<p>N\u00e3o digo que ningu\u00e9m deva acreditar cegamente, e n\u00e3o deve acreditar cegamente em nada, nem mesmo na gente, senso cr\u00edtico, sempre. Mas isso n\u00e3o tira o m\u00e9rito da ferramenta: no m\u00ednimo, voc\u00ea fica sabendo que paira alguma desconfian\u00e7a sobre aquela postagem e tem a oportunidade de ir pesquisar um pouco mais antes de formar sua opini\u00e3o.<\/p>\n<p>Isso \u00e9 muito valioso. N\u00e3o \u00e9 \u00e0 toa que Lula j\u00e1 disse que utilizar o mesmo esquema de Notas da Comunidade que o X utiliza \u00e9 Mark \u201cflertando com a extrema-direita&#8221;. \u00c9 tudo que pol\u00edtico n\u00e3o quer, ver suas mentiras listadas em suas postagens. N\u00e3o poder emplacar sua narrativa. Demonizar a voz do povo falando livremente. N\u00e3o conv\u00e9m ao Lula, como tamb\u00e9m n\u00e3o ser\u00e1 conveniente ao pr\u00f3ximo que vier. Se pol\u00edtico est\u00e1 incomodado, deve ser bom.<\/p>\n<p>Pode ser mal utilizada? Claro que pode, assim como qualquer coisa nessa vida, desde um garfo at\u00e9 um rolo de papel higi\u00eanico. Essa \u00e9 a regra? N\u00e3o. A regra \u00e9 a correta utiliza\u00e7\u00e3o, mais em fun\u00e7\u00e3o das penalidades em usar da forma errada do que da \u00e9tica e do car\u00e1ter de todos os usu\u00e1rios. Ent\u00e3o, se na maior parte das vezes funciona, eu acho o saldo positivo.<\/p>\n<p>Funciona, n\u00e3o como algo para se acreditar cegamente e sim como algo que te informa que seria bom pesquisar um pouco mais a respeito antes de aceitar aquela informa\u00e7\u00e3o. Tanto funciona que est\u00e1 sendo implementada em outras redes sociais. Quando chegar na rede de voc\u00eas, vai funcionar tamb\u00e9m. E voc\u00eas me contem, pois n\u00e3o pretendo pisar no Instagram nunca nessa vida.<\/p>\n<p>Como escrever uma boa Nota da Comunidade: Vamos usar como refer\u00eancia a not\u00edcia falsa \u201cS\u00f3 tem uma pessoa escrevendo o Desfavor, Sally e Somir s\u00e3o apenas personagens inventados\u201d<\/p>\n<p><strong>1) <\/strong>Seja direto, as pessoas n\u00e3o gostam dee ler muito. Ex: &#8220;H\u00e1 v\u00e1rios ind\u00edcios fortes de que Sally e Somir s\u00e3o pessoas diferentes, entre elas, \u00e1udios gravados por ambos (colocar link), leitores que j\u00e1 encontraram com ambos pessoalmente (colocar link) e o fato de seus textos terem varia\u00e7\u00f5es de estilos muito grandes (link).&#8221;<\/p>\n<p><strong>2) <\/strong>N\u00e3o argumente com nada que seja uma opini\u00e3o pessoal: Nunca escreva algo como \u201ceu acho\u201d, \u201ctenho a impress\u00e3o\u201d, \u201cno meu entendimento\u201d. N\u00e3o baseie sua argumenta\u00e7\u00e3o em opini\u00e3o. N\u00e3o \u00e9 lugar para opini\u00e3o. Notas com opini\u00e3o fatalmente ser\u00e3o recusadas.<\/p>\n<p><strong>3) <\/strong>Pesquise antes de sugerir uma Nota, para ter certeza de que voc\u00ea est\u00e1 realmente contribuindo. Se sua Nota for recusada, o seu status e o seu alcance v\u00e3o cair.<\/p>\n<p><strong>4) <\/strong>Use linguagem simples, f\u00e1cil e acess\u00edvel, se as pessoas n\u00e3o entenderem o que voc\u00ea est\u00e1 querendo dizer, v\u00e3o rejeitar a sua Nota.<\/p>\n<p><strong>5) <\/strong>Pode escrever sem medo, todos os avaliadores t\u00eam seu sigilo preservado pelo X, as notas sempre saem com uma autoria fict\u00edcia, seu nome n\u00e3o vai aparecer nela.<\/p>\n<p>N\u00e3o tem nada de novo aqui, gente. Desde sempre, o que determina o certo e o errado, o verdadeiro e o falso, o aceit\u00e1vel e o inaceit\u00e1vel, foi a maioria. O problema \u00e9 que est\u00e1 caindo a ficha que a milit\u00e2ncia (de qualquer lado) deixou de ditar o que a maioria tem que achar, a maioria agora pode falar por si e de forma an\u00f4nima, sem ser patrulhada, da\u00ed vem o esperneio dos que est\u00e3o perdendo o poder de ditar o certo e o errado.<\/p>\n<p>Curiosamente um sistema democr\u00e1tico no qual cada usu\u00e1rio pode dar sua contribui\u00e7\u00e3o votando est\u00e1 sendo chamado de amea\u00e7a \u00e0 democracia. E mais curiosamente ainda, est\u00e1 sendo chamado de amea\u00e7a \u00e0 democracia por gente que referenda pessoas muito pouco democr\u00e1ticas, como Maduro e Putin.<\/p>\n<p>N\u00e3o \u00e9 de hoje que eu elogio as Notas da Comunidade. Quem \u00e9 leitor do Desfavor ficou sabendo antes que o tro\u00e7o era bacana e daria certo. Se voc\u00ea comprou o discurso que o X ia acabar por conta do Elon Musk, hora de recalcular a rota. Ou surtar, pois provavelmente o modelo do X ser\u00e1 adotado por quase todas as redes sociais daqui para frente.<\/p>\n","protected":false},"excerpt":{"rendered":"<p>Mark Zuckerberg, chef\u00e3o da Meta, grupo que, entre outros, inclui Instagram, Whatsapp e Facebook, nos deu conte\u00fado de qualidade esta semana. Depois de uma declara\u00e7\u00e3o bomb\u00e1stica que, entre outras coisas, denunciou atos de censura (palavras dele) que estariam ocorrendo na Am\u00e9rica Latina, inclusive com \u201ctribunais secretos\u2019 que podem ordenar que empresas silenciosamente retirem conte\u00fados das [&hellip;]<\/p>\n","protected":false},"author":2,"featured_media":24695,"comment_status":"open","ping_status":"open","sticky":false,"template":"","format":"standard","meta":{"footnotes":""},"categories":[32],"tags":[],"class_list":["post-24694","post","type-post","status-publish","format-standard","has-post-thumbnail","hentry","category-desfavor-explica"],"_links":{"self":[{"href":"https:\/\/www.desfavor.com\/blog\/wp-json\/wp\/v2\/posts\/24694","targetHints":{"allow":["GET"]}}],"collection":[{"href":"https:\/\/www.desfavor.com\/blog\/wp-json\/wp\/v2\/posts"}],"about":[{"href":"https:\/\/www.desfavor.com\/blog\/wp-json\/wp\/v2\/types\/post"}],"author":[{"embeddable":true,"href":"https:\/\/www.desfavor.com\/blog\/wp-json\/wp\/v2\/users\/2"}],"replies":[{"embeddable":true,"href":"https:\/\/www.desfavor.com\/blog\/wp-json\/wp\/v2\/comments?post=24694"}],"version-history":[{"count":1,"href":"https:\/\/www.desfavor.com\/blog\/wp-json\/wp\/v2\/posts\/24694\/revisions"}],"predecessor-version":[{"id":40277,"href":"https:\/\/www.desfavor.com\/blog\/wp-json\/wp\/v2\/posts\/24694\/revisions\/40277"}],"wp:featuredmedia":[{"embeddable":true,"href":"https:\/\/www.desfavor.com\/blog\/wp-json\/wp\/v2\/media\/24695"}],"wp:attachment":[{"href":"https:\/\/www.desfavor.com\/blog\/wp-json\/wp\/v2\/media?parent=24694"}],"wp:term":[{"taxonomy":"category","embeddable":true,"href":"https:\/\/www.desfavor.com\/blog\/wp-json\/wp\/v2\/categories?post=24694"},{"taxonomy":"post_tag","embeddable":true,"href":"https:\/\/www.desfavor.com\/blog\/wp-json\/wp\/v2\/tags?post=24694"}],"curies":[{"name":"wp","href":"https:\/\/api.w.org\/{rel}","templated":true}]}}