{"id":24708,"date":"2025-01-11T14:57:26","date_gmt":"2025-01-11T17:57:26","guid":{"rendered":"https:\/\/www.desfavor.com\/blog\/?p=24708"},"modified":"2025-11-03T23:00:16","modified_gmt":"2025-11-04T02:00:16","slug":"vai-e-volta","status":"publish","type":"post","link":"https:\/\/www.desfavor.com\/blog\/2025\/01\/vai-e-volta\/","title":{"rendered":"Vai e volta."},"content":{"rendered":"<div class=\"uk-card uk-card-body uk-card-default\">\n<p>A not\u00edcia da \u201cmudan\u00e7a de lado\u201d da Meta foi mais uma das indica\u00e7\u00f5es que estamos passando do ponto de virada do p\u00eandulo ideol\u00f3gico na sociedade ocidental. Ao inv\u00e9s de comemorar ou lamentar essa mudan\u00e7a, que tal aprender com ela?<\/p>\n<hr \/>\n<p>Ou, se estressar por mais um <strong>Desfavor da Semana<\/strong>.<\/p>\n<\/div>\n<p><!--more--><\/p>\n<h4 class=\"uk-heading-line\"><span>SALLY<\/span><\/h4>\n<p>O tema de hoje \u00e9 um pouco abstrato, pedimos a colabora\u00e7\u00e3o de voc\u00eas. Pega um caf\u00e9, vai para um lugar tranquilo e leia com calma.<\/p>\n<p>Desde 2008 que a gente fala que o mundo vive em movimentos pendulares. Quando voc\u00ea coloca um p\u00eandulo em movimento, por maior que seja a for\u00e7a exercida, em algum ponto ele vai mudar de dire\u00e7\u00e3o e ir para a dire\u00e7\u00e3o oposta. Ele balan\u00e7a de um lado para o outro, nunca para em lado algum. Isso \u00e9 da sua natureza (e das leis da f\u00edsica). N\u00e3o pode ser mudado pela sua vontade.<\/p>\n<p>Com a din\u00e2mica social humana acontece o mesmo. At\u00e9 aqui, fomos regidos pela dualidade e pela disputa de poder, em menor ou maior escala. Enquanto essa din\u00e2mica prevalecer, estamos sujeitos \u00e0 lei da dualidade, ou seja, ao p\u00eandulo indo cada hora para um lado.<\/p>\n<p>E n\u00f3s humanos acabamos acirrando essa oscila\u00e7\u00e3o do p\u00eandulo, dando um empurr\u00e3o nele quando vai para o lado que queremos. Esse empurr\u00e3o, em um primeiro momento, parece \u00f3timo, pois traz o p\u00eandulo para o \u201cnosso\u201d lado, mas depois, essa mesma for\u00e7a se volta \u201ccontra\u201d a gente, fazendo o p\u00eandulo ir para sentido oposto ainda mais r\u00e1pido.<\/p>\n<p>E, no momento, estamos vendo uma mudada de dire\u00e7\u00e3o do p\u00eandulo. 2025 \u00e9 um ano de virada, no qual a milit\u00e2ncia, a lacra\u00e7\u00e3o, o woke (no mau sentido da palavra) perde poder para o outro lado. N\u00e3o \u00e9 um desejo nem uma celebra\u00e7\u00e3o, \u00e9 uma constata\u00e7\u00e3o.<\/p>\n<p>E essa virada j\u00e1 era previs\u00edvel no ano passado, n\u00f3s mesmos falamos dela v\u00e1rias vezes. Por\u00e9m, ainda que o processo j\u00e1 tenha se iniciado, a maior parte das pessoas ainda n\u00e3o entende o que est\u00e1 acontecendo. Nem a virada do p\u00eandulo, nem sequer a exist\u00eancia do p\u00eandulo.<\/p>\n<p>Quando o p\u00eandulo vira, as partes supostamente \u201cbeneficiadas\u201d comemoram e escrotizam o outro lado, como se fosse algo definitivo. N\u00e3o \u00e9. E as partes supostamente prejudicadas fazem um drama como se fosse o fim do mundo. N\u00e3o \u00e9. Bora entender que o p\u00eandulo sempre vai oscilar, para que a vida fique mais coerente?<\/p>\n<p>N\u00e3o tem \u201cvencedor\u201d, o p\u00eandulo sempre vai oscilar. O que voc\u00ea pode fazer \u00e9 tentar entender e antever esse movimento, para se preparar e se adaptar. Pense nas suas decis\u00f5es e estrat\u00e9gias de vida partindo dessa premissa e voc\u00ea est\u00e1 em vantagem, pois a maioria das pessoas ainda n\u00e3o percebeu ou aceitou essa mudan\u00e7a. N\u00e3o falo de abrir m\u00e3o das suas cren\u00e7as e sim entender a realidade e se adequar de forma racional a ela.<\/p>\n<p>E n\u00e3o caia nessa babaquice de \u201clado vencedor\u201d. N\u00e3o existe lado vencedor nessa din\u00e2mica. Existe lado que temporariamente est\u00e1 em vantagem. Tenha em mente que em algum momento o p\u00eandulo vai virar novamente, ent\u00e3o, n\u00e3o se comporte como se isso fosse algo definitivo. <\/p>\n<p>E entenda que quanto mais voc\u00ea empurrar o p\u00eandulo para um lado, mais r\u00e1pido e mais forte ele volta para o outro, como efeito rebote. Ent\u00e3o, mesmo que em um primeiro olhar apressado pare\u00e7a que empurrar est\u00e1 levando o mundo para o lado que voc\u00ea quer, n\u00e3o est\u00e1. No longo prazo, est\u00e1 levando o mundo justamente para o outro lado.<\/p>\n<p>Eu entendo quem fica puto e, quando o p\u00eandulo vem para o seu lado, sente vontade de ir esfregar a cara do opositor no chapisco. \u00d4 se entendo. N\u00e3o \u00e9 gostoso ficar anos sendo escrotizado por um \u201coutro lado\u201d. Mas, se quisermos que o mundo seja um pouco menos merda, temos que ser melhores do que isso.<\/p>\n<p>N\u00e3o escrotizar o outro quando se tem poder n\u00e3o \u00e9 \u201cser ot\u00e1rio\u201d, \u00e9 ser uma pessoa decente. Voc\u00ea conhece a verdadeira \u00edndole de uma pessoa pela forma como ela trata quem a tratou mal. Mas no Brasil est\u00e1 institu\u00eddo que quem n\u00e3o revida \u00e9 trouxa. Infelizmente, ainda n\u00e3o h\u00e1 compreens\u00e3o de que o revide faz mal para todo mundo, inclusive para quem revida. N\u00e3o por karma ou moralismo, mas pela l\u00f3gica do p\u00eandulo.<\/p>\n<p>Vamos trabalhar com o poss\u00edvel: voc\u00ea, leitor, consegue compreender tudo que foi dito at\u00e9 aqui, mesmo que ainda n\u00e3o concorde ou n\u00e3o consiga se portar de acordo. Mas maior parte das pessoas n\u00e3o. Elas sequer v\u00e3o entender a met\u00e1fora com o p\u00eandulo, identificar momentos de virada ou sonhar em quebrar essa din\u00e2mica. Ent\u00e3o, o que fazer diante dessa realidade t\u00e3o tosca?<\/p>\n<p>Trabalhar a sua mente. Refletir sobre o assunto. Aprender a identificar a dualidade e suas consequ\u00eancias negativas. Tentar n\u00e3o se deixar contaminar pelo entorno e n\u00e3o aderir a um lado. E respeitar o tempo de cada um, n\u00e3o impondo esta discuss\u00e3o a quem ainda n\u00e3o tem as ferramentas para digeri-la.<\/p>\n<p>O pr\u00f3ximo passo \u00e9 querer sair dessa oscila\u00e7\u00e3o de p\u00eandulo. Nem sempre pensamos assim (ao menos eu), mas hoje nosso posicionamento \u00e9: que merda que ainda estejamos nessa din\u00e2mica de p\u00eandulo. Dever\u00edamos ter evolu\u00eddo para outra. Dever\u00edamos ter parado de jogar no versus e come\u00e7ado a jogar no modo cooperativo. Dever\u00edamos focar no nosso senso de coletividade, em vez de insistir em alternar dana\u00e7\u00e3o e agress\u00e3o.<\/p>\n<p>\u00c9 \u00f3bvio que quem \u00e9 leitor sabe que um dos lados me incomoda mais do que o outro, e isso \u00e9 normal e n\u00e3o significa aderir a um lado. Voc\u00ea pode achar um dos dois menos grotesco, mais aceit\u00e1vel ou mais ben\u00e9fico para sua vida. O que n\u00e3o pode \u00e9 ajudar a empurrar esse p\u00eandulo para esse lado, pois isso faz com que ele volte para o outro lado ainda mais r\u00e1pido e mais forte.<\/p>\n<p>E, n\u00e3o se enganem, essa mudan\u00e7a de p\u00eandulo ser\u00e1 cada vez mais r\u00e1pida e mais forte, pois quase todo mundo est\u00e1 aplicando for\u00e7a nele. Esquece os par\u00e2metros de cinco, dez anos atr\u00e1s. Antes do que a gente imagina o p\u00eandulo vai come\u00e7ar a virar v\u00e1rias vezes em um mesmo ano.<\/p>\n<p>Nosso conselho \u00e9: tente se manter afastado disso. O que voc\u00ea \u00e9, seus valores, seu car\u00e1ter, sua \u00e9tica, n\u00e3o podem ser influenciados por mudan\u00e7a de p\u00eandulo. Fique firme e forte no que voc\u00ea \u00e9. Se quiser mudar para evoluir, \u00f3timo, muito bem-vindo, mas que n\u00e3o seja por fatores externos.<\/p>\n<p>Al\u00e9m de tentar n\u00e3o permitir que isso te contamine, tenha a consci\u00eancia de que \u00e9 transit\u00f3rio. Uma hora o p\u00eandulo vai virar. N\u00e3o paute decis\u00f5es de vida importantes contando com que essa nova realidade seja permanente.<\/p>\n<p>E, por fim, se voc\u00ea quer deixar um mundo melhor do que o encontrou, n\u00e3o alimente isso. N\u00e3o alimente a dualidade. Tente n\u00e3o ver seres humanos como opositores, como o outro lado, como inimigos. \u00c9 dif\u00edcil. \u00c9 um processo. Eu mesma ainda n\u00e3o consigo colocar isso em pr\u00e1tica. Mas s\u00f3 de saber que esse caminho existe e voc\u00ea pode segui-lo, muitas portas de percep\u00e7\u00e3o se abrem.<\/p>\n<p>No mais, em termos pr\u00e1ticos, fa\u00e7am as altera\u00e7\u00f5es necess\u00e1rias em suas vidas, em suas redes sociais e em seus trabalhos pensando nessa virada. N\u00e3o seja o publicit\u00e1rio da Jaguar, n\u00e3o se deixe cegar pelas suas convic\u00e7\u00f5es, trabalhe com uma boa leitura da realidade, para n\u00e3o passar vergonha.<\/p>\n<h4 class=\"uk-heading-line\"><span>SOMIR<\/span><\/h4>\n<p>O curioso da longevidade do Desfavor \u00e9 que provavelmente vamos trocar de lado mais uma vez sem mudar nossa ess\u00eancia. Em 2008 a tal da onda \u201cwoke\u201d ainda n\u00e3o estava bem estabelecida, ent\u00e3o ao argumentarmos por coisas como direitos humanos, \u00e9ramos taxados de esquerdistas. Mantivemos o nosso foco e vimos as pol\u00edticas identit\u00e1rias explodirem em popularidade, ao falar sobre os problemas \u00f3bvios delas, fomos expulsos do ninho da esquerda e taxados de conservadores.<\/p>\n<p>O dinheiro acaba de falar mais alto e estamos vendo a queda dessa vers\u00e3o caricata da esquerda. N\u00e3o foi lucrativo e honestamente, muito debat\u00edvel se realmente aumentou o acesso do cidad\u00e3o m\u00e9dio aos seus direitos fundamentais. E quer apostar quanto que em pouco tempo vai ter gente aqui nos chamando de esquerdistas piolhentos por mantermos a nossa linha de pensamento?<\/p>\n<p>A gente erra, a gente aposta em cavalos errados, a gente tem algumas opini\u00f5es mais radicais, mas o Desfavor s\u00f3 funciona porque na ess\u00eancia Sally e eu somos humanistas: seja qual for o plano da vez, concordamos no objetivo de que o ser humano precisa de liberdade e qualidade de vida para ser&#8230; humano. Gente neur\u00f3tica e\/ou brutalizada n\u00e3o funciona na escala pessoal e muito menos na coletiva.<\/p>\n<p>Perceber problemas nos excessos de pol\u00edticas identit\u00e1rias n\u00e3o significa abandonar valores fundamentais como n\u00e3o discriminar pessoas por cor de pele, g\u00eanero ou orienta\u00e7\u00e3o sexual. E com certeza n\u00e3o significa apoiar gente que mistura religi\u00e3o com pol\u00edtica. Eu prevejo que se a sociedade der uma guinada mais conservadora e passar do ponto de mero combate ao excesso que os progressistas imprimiram na \u00faltima d\u00e9cada, vamos acabar de novo fora da linha de popularidade.<\/p>\n<p>Talvez at\u00e9 alguns de voc\u00eas nos lendo comecem a achar que estamos \u201cesquerdistas demais\u201d. Uma parte do p\u00fablico original do Desfavor foi embora incomodado porque nossa linha de conte\u00fado nos fez parecer mais alinhados com a direita moderna. Passamos anos e anos tentando explicar que na verdade foi o p\u00eandulo que passou da nossa linha central, mas sem muito sucesso. Pode acontecer de novo.<\/p>\n<p>E se acontecer de novo, fica o aviso: n\u00e3o fomos n\u00f3s mudando agressivamente nossa linha de pensamento, \u00e9 uma \u201cilus\u00e3o de semi\u00f3tica\u201d baseada no que a cultura do momento est\u00e1 empurrando. E se voc\u00ea n\u00e3o conseguir ver nenhum valor nos pontos supostamente de esquerda que vamos acabar defendendo se a sociedade estiver regredindo em quest\u00f5es de direitos humanos, seja mais digno que o povo que ainda vem aqui nos chamar de nazistas por sermos menos liberais que o DCE da USP.<\/p>\n<p>Dito isso, a previs\u00e3o que me fez concordar com o tema: v\u00e3o estragar esse momento. S\u00e3o os anticorpos sociais finalmente atingindo os lun\u00e1ticos que queriam fazer o mundo todo s\u00f3 enxergar preconceito, mas junto com esses anticorpos sempre chegam novas infec\u00e7\u00f5es. Eu acho que j\u00e1 falei disso antes, mas boa parte da evolu\u00e7\u00e3o social em rela\u00e7\u00e3o a racismo, misoginia e homofobia s\u00e3o resultado direto de movimentos do s\u00e9culo passado.<\/p>\n<p>N\u00e3o foi nenhuma hashtag que tornou a humanidade (ocidental) menos horr\u00edvel para grupos marginalizados, foram movimentos de rua feitos por pessoas que enfrentaram o pior da repress\u00e3o para mudar a forma como as pessoas pensam. A guinada para os Direitos Humanos como conhecemos come\u00e7ou depois da Segunda Guerra Mundial e teve seu auge de efici\u00eancia no come\u00e7o deste s\u00e9culo. Eu cresci num mundo onde era normal e esperado tratar homens brancos como superiores em todos os quesitos.<\/p>\n<p>Voc\u00ea que viu o mundo p\u00f3s virada do mil\u00eanio pode n\u00e3o ter percebido a vit\u00f3ria retumbante da esquerda humanista porque j\u00e1 nasceu num mundo onde isso era o padr\u00e3o. Os anos 80 eram a idade da pedra em quest\u00e3o comportamental. N\u00e3o sei se alguma gera\u00e7\u00e3o viu uma mudan\u00e7a t\u00e3o imensa t\u00e3o r\u00e1pido. Eu digo isso para incentivar a \u201cturma dos direitos humanos\u201d, n\u00e3o para desmotivar. \u00c9 para explicar que funciona. Que a briga deu frutos. O mundo est\u00e1 cheio de problemas, mas o avan\u00e7o foi imenso.<\/p>\n<p>Mas a\u00ed entrou a infec\u00e7\u00e3o oportunista: o tal do movimento woke\/identit\u00e1rio. N\u00e3o era para ter parado de lutar por mais direitos e mais igualdade, mas n\u00e3o era tamb\u00e9m para ter feito essa cagada monstruosa de imagem e emputecer a maioria das pessoas com reclama\u00e7\u00f5es infantil\u00f3ides. Assoviar para uma mulher na rua n\u00e3o \u00e9 compar\u00e1vel com mutila\u00e7\u00e3o genital de crian\u00e7as. Usar pronomes errados n\u00e3o \u00e9 fascismo. O movimento leg\u00edtimo dos direitos humanos se encheu de palha\u00e7os e crian\u00e7as mimadas.<\/p>\n<p>Num mundo mais saud\u00e1vel, agora \u00e9 a hora de tirar o holofote desses doentes mentais e continuar o trabalho b\u00e1sico, que est\u00e1 longe de terminar. Mas, n\u00e3o h\u00e1 nenhuma indica\u00e7\u00e3o que quem vem por a\u00ed para tentar controlar a opini\u00e3o p\u00fablica esteja preparado para evitar que seu grupo de palha\u00e7os e crian\u00e7as mimadas crie uma s\u00e9rie de problemas sociais.<\/p>\n<p>O p\u00eandulo est\u00e1 chegando na \u201cdireita de costumes\u201d, e eu tenho certeza de que vai vir uma onda de infec\u00e7\u00f5es oportunistas de direita tamb\u00e9m. Muito provavelmente focados em religi\u00e3o e valores tradicionais de um tempo que n\u00e3o existe mais. Do mesmo jeito que gastaram muito tempo, energia e dinheiro da sociedade para fins in\u00fateis como ter mais filmes de super-her\u00f3is com mulheres negras, eu n\u00e3o vejo como o outro lado n\u00e3o vai fazer o mesmo desperd\u00edcio com mais men\u00e7\u00f5es a Jesus que n\u00e3o mudam nada na pr\u00e1tica.<\/p>\n<p>N\u00e3o sei se nenhum dos lados sabe o que fazer quando o p\u00eandulo est\u00e1 do seu lado. Quer dizer, se sabe fazer algo produtivo. Porque usar o poder moment\u00e2neo para ganhar dinheiro e pegar no p\u00e9 do \u201cinimigo\u201d eles fazem com maestria. Gafanhotos ideol\u00f3gicos. O p\u00eandulo continua em movimento, e pelo visto, com energia renovada n\u00e3o pelas boas ideias de qualquer um dos lados, mas pelos erros crassos que cometem. A esquerda d\u00e1 energia para a direita e vice-versa.<\/p>\n<p>Um s\u00f3 existe por causa do outro. Um s\u00f3 se move por causa do outro. O p\u00eandulo realmente parece um fen\u00f4meno natural da psicologia humana, mas&#8230; ser\u00e1 que n\u00e3o podemos acabar com esse ciclo? Direita e esquerda s\u00e3o duas formas de n\u00e3o seguir em frente&#8230;<\/p>\n","protected":false},"excerpt":{"rendered":"<p>A not\u00edcia da \u201cmudan\u00e7a de lado\u201d da Meta foi mais uma das indica\u00e7\u00f5es que estamos passando do ponto de virada do p\u00eandulo ideol\u00f3gico na sociedade ocidental. Ao inv\u00e9s de comemorar ou lamentar essa mudan\u00e7a, que tal aprender com ela? Ou, se estressar por mais um Desfavor da Semana.<\/p>\n","protected":false},"author":4,"featured_media":24709,"comment_status":"open","ping_status":"open","sticky":false,"template":"","format":"standard","meta":{"footnotes":""},"categories":[27],"tags":[],"class_list":["post-24708","post","type-post","status-publish","format-standard","has-post-thumbnail","hentry","category-desfavor-semana"],"_links":{"self":[{"href":"https:\/\/www.desfavor.com\/blog\/wp-json\/wp\/v2\/posts\/24708","targetHints":{"allow":["GET"]}}],"collection":[{"href":"https:\/\/www.desfavor.com\/blog\/wp-json\/wp\/v2\/posts"}],"about":[{"href":"https:\/\/www.desfavor.com\/blog\/wp-json\/wp\/v2\/types\/post"}],"author":[{"embeddable":true,"href":"https:\/\/www.desfavor.com\/blog\/wp-json\/wp\/v2\/users\/4"}],"replies":[{"embeddable":true,"href":"https:\/\/www.desfavor.com\/blog\/wp-json\/wp\/v2\/comments?post=24708"}],"version-history":[{"count":0,"href":"https:\/\/www.desfavor.com\/blog\/wp-json\/wp\/v2\/posts\/24708\/revisions"}],"wp:featuredmedia":[{"embeddable":true,"href":"https:\/\/www.desfavor.com\/blog\/wp-json\/wp\/v2\/media\/24709"}],"wp:attachment":[{"href":"https:\/\/www.desfavor.com\/blog\/wp-json\/wp\/v2\/media?parent=24708"}],"wp:term":[{"taxonomy":"category","embeddable":true,"href":"https:\/\/www.desfavor.com\/blog\/wp-json\/wp\/v2\/categories?post=24708"},{"taxonomy":"post_tag","embeddable":true,"href":"https:\/\/www.desfavor.com\/blog\/wp-json\/wp\/v2\/tags?post=24708"}],"curies":[{"name":"wp","href":"https:\/\/api.w.org\/{rel}","templated":true}]}}