{"id":27491,"date":"2025-03-18T13:02:44","date_gmt":"2025-03-18T16:02:44","guid":{"rendered":"https:\/\/www.desfavor.com\/blog\/?p=27491"},"modified":"2025-11-03T22:29:54","modified_gmt":"2025-11-04T01:29:54","slug":"fas-de-pais","status":"publish","type":"post","link":"https:\/\/www.desfavor.com\/blog\/2025\/03\/fas-de-pais\/","title":{"rendered":"F\u00e3s de pa\u00eds."},"content":{"rendered":"<p>Depois de ver o pa\u00eds dividido por ano entre f\u00e3s de pol\u00edticos, agora come\u00e7a a surgir um novo fen\u00f4meno no Brasil: os f\u00e3s de pa\u00eds.<!--more--><\/p>\n<p>O esquema \u00e9 o mesmo: a pessoa se posiciona contra ou favor de determinados pa\u00edses movida por um sentimento clubista, de torcedor de futebol, de demente passional. N\u00e3o leva em conta o que o pa\u00eds fez, o contexto, a possibilidade de que todos os pa\u00edses errem e acertem. N\u00e3o. Ela \u00e9 f\u00e3 e f\u00e3 nunca critica nada.<\/p>\n<p>Assim como os f\u00e3s de pol\u00edtico, os f\u00e3s de pa\u00eds tamb\u00e9m s\u00e3o irracionais, carentes, burros, contradit\u00f3rios e loucos por uma migalha de pertin\u00eancia. Botam bandeirinha do pa\u00eds ao lado do seu nome em perfil de rede social e alguns, mais descontrolados, se acham pertencedores ao povo do pa\u00eds em quest\u00e3o. <\/p>\n<p>Muita gente achou que depois das elei\u00e7\u00f5es presidenciais a coisa ia melhorar, o povo iria se acalmar e retomar alguma sa\u00fade mental. \u00c9, n\u00e3o deu. Parece que a compuls\u00e3o pela dualidade, por escolher lados, por viver em um mundo dividido entre o bem e o mal est\u00e1 s\u00f3 come\u00e7ando. O f\u00e3 de pol\u00edtico era s\u00f3 um primeiro degrau que os desempoderados come\u00e7aram a galgar.<\/p>\n<p>Falo em \u201cdegrau\u201d pois um parece ser um desdobramento do outro. O fato de ser f\u00e3 de pol\u00edtico acaba levando a pessoa a virar f\u00e3 de pa\u00eds: se seu pol\u00edtico de estima\u00e7\u00e3o sinalizar que tem que gostar de um pa\u00eds X, a pessoa come\u00e7a a tietar o pa\u00eds em redes sociais, mesmo que isso contradiga todos os seus princ\u00edpios e tudo que ela j\u00e1 afirmou at\u00e9 aqui.<\/p>\n<p>Cheguei a essa conclus\u00e3o depois de ver o que est\u00e1 acontecendo agora com a R\u00fassia e a opini\u00e3o p\u00fablica do brasileiro m\u00e9dio. A R\u00fassia est\u00e1 unindo o gado de esquerda e de direita, ambos defendendo a unhas e dentes, pelo simples fato de seus pol\u00edticos de estima\u00e7\u00e3o defenderem o pa\u00eds. <\/p>\n<p>E a cr\u00edtica n\u00e3o vai s\u00f3 para os bolsonaristas, que at\u00e9 ontem botavam bandeirinha da Ucr\u00e2nia no nome em redes sociais. A cr\u00edtica vai para todos. Pessoas que j\u00e1 se posicionaram contra invas\u00e3o de pa\u00edses, contra regimes autorit\u00e1rios, contra regimes que oprimem o povo, que criminalizam ou vilanizam homossexuais, que cerceiam liberdades individuais, que fraudam elei\u00e7\u00f5es e que fazem tantas outras coisas que a R\u00fassia faz, agora est\u00e3o tietando o pa\u00eds e o Putin.<\/p>\n<p>Est\u00e3o percebendo como rapidamente as pessoas est\u00e3o recalculando a rota? Especialmente os patriotas, que antes defendiam a Ucr\u00e2nia abertamente, compravam briga em redes sociais, chamavam a R\u00fassia de \u201ccomunista\u201d. Como Trump se uniu aos russos e o Bolsonaro e a direita em geral lambem as bolas do Trump, todo mundo esqueceu suas convic\u00e7\u00f5es e agora temos o curioso fen\u00f4meno de patriota de extrema-direita defendendo um pa\u00eds \u201ccomunista\u201d. O Brasil, meus amigos, n\u00e3o \u00e9 para amadores.<\/p>\n<p>Parece que \u00e9 cada vez mais dif\u00edcil formar uma opini\u00e3o. As pessoas gostaram dessa brincadeira de aderir a o que o mestre mandar, sem precisar pensar. O problema \u00e9: quando voc\u00ea n\u00e3o pensa, voc\u00ea passa vergonha. <\/p>\n<p>Ningu\u00e9m tem a baixa autoestima de justificar um afago \u00e0 R\u00fassia porque o pol\u00edtico de estima\u00e7\u00e3o mandou, ent\u00e3o, quando voc\u00ea apresenta argumentos racionais, postagens antigas da pessoa se posicionando contra o que a R\u00fassia faz e pergunta por qual motivo essa mudan\u00e7a, vem um show de desconex\u00e3o, contradi\u00e7\u00e3o e incoer\u00eancias.<\/p>\n<p>Sabemos que nosso leitor n\u00e3o \u00e9 assim, mas, apesar disso, queremos reafirmar algumas coisas, pois quando uma maioria repete em un\u00edssono uma mentira, isso acaba contaminando a todos, at\u00e9 mesmo aos inteligentes. Vamos botar alguns pingos nos \u201cis\u201d, para que o gado cossaco n\u00e3o te influencie de forma negativa.<\/p>\n<p>Primeiro a R\u00fassia n\u00e3o \u00e9 um pa\u00eds democr\u00e1tico. As elei\u00e7\u00f5es s\u00e3o fraudadas, o governo \u00e9 autorit\u00e1rio e mata jogando pela janela ou dando ch\u00e1 envenenado seus opositores. O povo \u00e9 ref\u00e9m, vive com medo e \u00e9 severamente punido se ousa falar mal. O pa\u00eds viola sistematicamente os direitos humanos. Pessoas LGBT foram classificadas como um movimento extremista similar a terroristas e a coisa est\u00e1 em um ponto no qual a pol\u00edcia fiscaliza festas \u00e0 procura de atividades homossexuais para aplicar puni\u00e7\u00e3o.<\/p>\n<p>Ent\u00e3o, se voc\u00ea defende democracia, liberdade de express\u00e3o, direitos individuais, o direito de ter uma orienta\u00e7\u00e3o sexual que n\u00e3o seja hetero e direitos humanos, \u00e9 extremamente contradit\u00f3rio defender a R\u00fassia. E aos nervosinhos com a quest\u00e3o de soberania nacional, um lembrete: ningu\u00e9m pisoteia mais a soberania de outros pa\u00edses do que o Putin.<\/p>\n<p>N\u00e3o tem como maquiar nem como relativizar. Nessa guerra, a R\u00fassia \u00e9 um pa\u00eds agressor, que atacou e invadiu o pa\u00eds vizinho. A Ucr\u00e2nia \u00e9 um pa\u00eds soberano, democr\u00e1tico, que foi invadido por outro pa\u00eds que tem um claro e declarado projeto expansionista, se sentindo no direito de tomar todos os que est\u00e3o \u00e0 sua volta para tentar reconstruir um imp\u00e9rio que ruiu faz d\u00e9cadas. <\/p>\n<p>N\u00e3o d\u00e1 para relativizar isso. Voc\u00ea pode dizer que a Ucr\u00e2nia fez isso, fez aquilo, mas um pa\u00eds democr\u00e1tico n\u00e3o resolve seus conflitos assim. A R\u00fassia n\u00e3o \u00e9 um pa\u00eds democr\u00e1tico. A R\u00fassia \u00e9 um pa\u00eds agressor. E se voc\u00ea acha que ficar defendendo a R\u00fassia para ganhar biscoito \u00e9 v\u00e1lido, pense duas vezes.<\/p>\n<p>N\u00e3o \u00e9 bom, legal ou seguro para o mundo viver em um contexto no qual um ditador pode acordar, decidir tomar na m\u00e3o grande o pa\u00eds vizinho e ficar impune com isso. N\u00e3o \u00e9 s\u00f3 sobre os ucranianos, \u00e9 sobre o que isso representa para o mundo. Um mundo no qual isso \u00e9 tolerado, permitido ou incentivado \u00e9 um mundo ruim para todos n\u00f3s. E um dia isso pode chegar at\u00e9 voc\u00ea.<\/p>\n<p>Vale lembrar que por muito menos do que isso, os pol\u00edticos que coordenam o gado brasileiro fazem um esc\u00e2ndalo, considerando inaceit\u00e1vel. Seja a \u201camea\u00e7a comunista\u201d seja a \u201camea\u00e7a golpista da extrema-direita&#8221;, geram um faniquito sem precedentes. Imagina se fizessem com o Brasil o que a R\u00fassia fez com a Ucr\u00e2nia.<\/p>\n<p>Tamb\u00e9m vale lembrar que quando um pa\u00eds quer invadir o outro, sempre pode arrumar um motivo nobre para justificar. \u201cLevar democracia\u201d \u00e9 o favorito dos EUA. No Brasil, existiriam infinitas desculpas. Poderiam dizer que o pa\u00eds n\u00e3o cuida da causa ambiental e por isso est\u00e3o invadindo \u201cpara preservar a maior floresta do mundo\u201d. Entendem? Desculpa para invadir sempre tem. \u00c9 por isso que n\u00e3o se considera uma invas\u00e3o b\u00e9lica como algo aceit\u00e1vel.<\/p>\n<p>S\u00f3 imagina se um pa\u00eds vizinho decide invadir o Brasil para retomar um territ\u00f3rio que d\u00e9cadas atras era seu. O m\u00ednimo que diriam \u00e9 que isso \u00e9 um absurdo, uma amea\u00e7a \u00e0 soberania nacional, um golpe. Mas, quando a R\u00fassia o faz, como \u00e9 amigo do amigo, todos calam a boca e relativizam. \u201cMas veja bem, a Ucr\u00e2nia fez tal coisa\u201d. N\u00e3o sejam essa pessoa. N\u00e3o percam o par\u00e2metro m\u00ednimo de civilidade.<\/p>\n<p>\u00c9 o mesmo racioc\u00ednio do nosso Desfavor da Semana sobre devolu\u00e7\u00e3o dos ref\u00e9ns de Israel: n\u00e3o importa o que a Ucr\u00e2nia tenha feito, n\u00e3o s\u00e3o coisas da mesma grandeza. N\u00e3o adianta querer empurrar uma falsa simetria. <\/p>\n<p>O que a R\u00fassia vem fazendo com a Ucr\u00e2nia \u00e9 de uma barb\u00e1rie e um retrocesso que eu s\u00f3 entenderia se a Ucr\u00e2nia tivesse jogado uma bomba nuclear no vizinho. Ent\u00e3o, a menos que a pessoa seja muito burra ou mal-intencionada, n\u00e3o tem como equiparar ou justificar o que est\u00e1 acontecendo. Mas o f\u00e3 \u00e9 sempre burro, e \u00e0s vezes mal-intencionado tamb\u00e9m, ent\u00e3o, ele justifica, sem ter a menor consci\u00eancia de como isso pode se voltar contra ele no longo prazo.<\/p>\n<p>Um dos grandes males do brasileiro quando falamos em pol\u00edtica internacional, \u00e9 que ele est\u00e1 protegido pela insignific\u00e2ncia. Ele acha que, por estar no cu do mundo e ter zero relev\u00e2ncia b\u00e9lica nunca nada vai chegar nele. Mas isso n\u00e3o \u00e9 verdade. Atacar o Brasil ningu\u00e9m vai, mas existem alguns respingos bem desagrad\u00e1veis que podem cair em voc\u00eas, na verdade, em todos n\u00f3s.<\/p>\n<p>Observem a figura de mundo que est\u00e1 se desenhando. O mundo parece estar se dividindo entre tr\u00eas grandes pa\u00edses com figuras de poder com vi\u00e9s autorit\u00e1rio (China, EUA e R\u00fassia) e as tr\u00eas figuras de poder alinhadas com esse expansionismo violento, b\u00e9lico, agressivo. Trump dizendo que vai anexar o Canad\u00e1 e a Groenl\u00e2ndia, China com uma m\u00e3o em Taiwan e a R\u00fassia querendo reunir a antiga Uni\u00e3o Sovi\u00e9tica ou at\u00e9 mais territ\u00f3rios. Parece a voc\u00eas que isso vai terminar bem?<\/p>\n<p>Percebam que a Ucr\u00e2nia entregou suas armas nucleares com a promessa de receber prote\u00e7\u00e3o dos EUA. O que aconteceu? Levou um calote. Quantos pa\u00edses do mundo voc\u00eas acham que, agora, entregar\u00e3o suas armas nucleares? Zero, nenhum. E por mais que a gente n\u00e3o tenha essa informa\u00e7\u00e3o fresca na cabe\u00e7a, gra\u00e7as a muitas d\u00e9cadas de paz, muita gente tem arma nuclear. <\/p>\n<p>\u201cMas Sally, ningu\u00e9m tem mais do que EUA e R\u00fassia\u201d. N\u00e3o precisa ter mais, precisa ter suficiente. A Fran\u00e7a, por exemplo, tem 300 ogivas, suficientes para dizimarem com a vida por completo em Moscou e S\u00e3o Petesburgo, o que equivale praticamente a aniquilar a R\u00fassia.<\/p>\n<p>\u201cMas Sally, t\u00e1 longe, eles que se desentendam\u201d. N\u00e3o, meu anjo, quando falamos de armas nucleares, nuca est\u00e1 longe. Dependendo da quantidade e do impacto, pode acabar com a vida em todo o planeta. N\u00e3o estamos dizendo que o mundo vai acabar e que vai acontecer, s\u00f3 estamos dizendo que n\u00e3o \u00e9 t\u00e3o tranquilo quanto alguns pensam. Tem muito pa\u00eds se armando at\u00e9 os dentes de forma silenciosa.<\/p>\n<p>A Pol\u00f4nia, por exemplo, est\u00e1 t\u00e3o na defensiva que e \u00e9 capaz de peitar a R\u00fassia e fazer um estrago para se defender. A Pol\u00f4nia tem PHD em ser invadida e ela sabe que depois da Ucr\u00e2nia, pode ser sua vez. Ningu\u00e9m d\u00e1 nada pela Pol\u00f4nia, pois ela \u00e9 pequena e discreta, mas, se a coisa escalar, ela vai surpreender. Ent\u00e3o, tomara que n\u00e3o, mas a coisa pode se complicar.<\/p>\n<p>E como isso se relaciona com o f\u00e3 de pa\u00eds? Em uma situa\u00e7\u00e3o como essa \u00e9 hora das pessoas se posicionarem de forma consciente. Ter f\u00e3s pelo mundo \u00e9 um soft power poderoso para um pa\u00eds, mais do que a gente imagina. Quando um povo abra\u00e7a outro pa\u00eds e come\u00e7a a se comportar como tiete, isso d\u00e1 ao seu governante mais poderes e uma autoriza\u00e7\u00e3o impl\u00edcita para fazer mais coisas. Fica mais f\u00e1cil cometer abusos. A opini\u00e3o popular conta, acreditem.<\/p>\n<p>At\u00e9 mesmo em uma proje\u00e7\u00e3o de futuro a opini\u00e3o popular influencia. Ter f\u00e3s espalhados pelo mundo fortalece l\u00edderes autorit\u00e1rios e normaliza o autoritarismo. Se figuras autorit\u00e1rias passam a ser admiradas, veneradas e protegidas de cr\u00edticas, novas gera\u00e7\u00f5es crescem assistindo a esses aplausos e acreditando que essas s\u00e3o as caracter\u00edsticas desej\u00e1veis em um l\u00edder. O resultado, voc\u00eas podem imaginar.<\/p>\n<p>Al\u00e9m disso, pol\u00edtico aprende que n\u00e3o precisa nem fingir que tem coer\u00eancia, que \u00e9 s\u00f3 recalcular a roda que o gado todo vai com ele, como fizeram os bolsonaristas que hoje defendem a R\u00fassia. Se sente invenc\u00edvel, invulner\u00e1vel, capaz de qualquer coisa pois, n\u00e3o importa o que fa\u00e7a, o gado vai apoi\u00e1-lo e segui-lo. <\/p>\n<p>Ao longo da hist\u00f3ria muitos Chefes de Estado deixaram de se aliar com a esc\u00f3ria da humanidade para n\u00e3o se queimar com seu pa\u00eds e seu eleitor, apesar dos benef\u00edcios pessoais que receberiam. A opini\u00e3o p\u00fablica foi uma trava. Se removermos essa trava e o gado apoiar outros pa\u00edses incondicionalmente, n\u00e3o importa as barbaridades que fa\u00e7am, o resultado n\u00e3o vai ser bom.<\/p>\n<p>Eu n\u00e3o acho que esse cen\u00e1rio v\u00e1 mudar, o ganho secund\u00e1rio de ser f\u00e3 de pol\u00edtico e de pa\u00eds \u00e9 enorme, principalmente para um povo carente. Mas acho que na cabe\u00e7a do nosso leitor este texto pode ressoar e ajudar a manter a sanidade: sem fanatismo, observe, seja imparcial e saiba que est\u00e1 tudo bem elogiar um pa\u00eds em algumas coisa e criticar em outras.<\/p>\n<p>Em resumo, nunca sejam f\u00e3 de nada ou de ningu\u00e9m, pois o f\u00e3 \u00e9 antes de mais nada um carente infantil\u00f3ide que projeta em terceiros as realiza\u00e7\u00f5es que n\u00e3o conseguiu alcan\u00e7ar. Mas, em especial, nunca seja f\u00e3 nem de pa\u00eds, nem de pol\u00edtico, pois eles est\u00e3o cagando para voc\u00ea. Seu papel \u00e9 fiscaliz\u00e1-los, n\u00e3o ador\u00e1-los.<\/p>\n","protected":false},"excerpt":{"rendered":"<p>Depois de ver o pa\u00eds dividido por ano entre f\u00e3s de pol\u00edticos, agora come\u00e7a a surgir um novo fen\u00f4meno no Brasil: os f\u00e3s de pa\u00eds.<\/p>\n","protected":false},"author":2,"featured_media":27492,"comment_status":"open","ping_status":"open","sticky":false,"template":"","format":"standard","meta":{"footnotes":""},"categories":[24],"tags":[],"class_list":["post-27491","post","type-post","status-publish","format-standard","has-post-thumbnail","hentry","category-flertando-desastre"],"_links":{"self":[{"href":"https:\/\/www.desfavor.com\/blog\/wp-json\/wp\/v2\/posts\/27491","targetHints":{"allow":["GET"]}}],"collection":[{"href":"https:\/\/www.desfavor.com\/blog\/wp-json\/wp\/v2\/posts"}],"about":[{"href":"https:\/\/www.desfavor.com\/blog\/wp-json\/wp\/v2\/types\/post"}],"author":[{"embeddable":true,"href":"https:\/\/www.desfavor.com\/blog\/wp-json\/wp\/v2\/users\/2"}],"replies":[{"embeddable":true,"href":"https:\/\/www.desfavor.com\/blog\/wp-json\/wp\/v2\/comments?post=27491"}],"version-history":[{"count":0,"href":"https:\/\/www.desfavor.com\/blog\/wp-json\/wp\/v2\/posts\/27491\/revisions"}],"wp:featuredmedia":[{"embeddable":true,"href":"https:\/\/www.desfavor.com\/blog\/wp-json\/wp\/v2\/media\/27492"}],"wp:attachment":[{"href":"https:\/\/www.desfavor.com\/blog\/wp-json\/wp\/v2\/media?parent=27491"}],"wp:term":[{"taxonomy":"category","embeddable":true,"href":"https:\/\/www.desfavor.com\/blog\/wp-json\/wp\/v2\/categories?post=27491"},{"taxonomy":"post_tag","embeddable":true,"href":"https:\/\/www.desfavor.com\/blog\/wp-json\/wp\/v2\/tags?post=27491"}],"curies":[{"name":"wp","href":"https:\/\/api.w.org\/{rel}","templated":true}]}}