{"id":29507,"date":"2025-05-31T15:40:47","date_gmt":"2025-05-31T18:40:47","guid":{"rendered":"https:\/\/www.desfavor.com\/blog\/?p=29507"},"modified":"2025-11-03T20:02:53","modified_gmt":"2025-11-03T23:02:53","slug":"pagando-caro","status":"publish","type":"post","link":"https:\/\/www.desfavor.com\/blog\/2025\/05\/pagando-caro\/","title":{"rendered":"Pagando caro&#8230;"},"content":{"rendered":"<div class=\"uk-card uk-card-body uk-card-default\">\n<p>Depois de forte rea\u00e7\u00e3o do mercado, o governo federal voltou atr\u00e1s na tentativa de tributar aplica\u00e7\u00f5es de fundos nacionais no exterior e manteve a al\u00edquota de Imposto sobre Opera\u00e7\u00f5es Financeiras (IOF) em 0% para essas opera\u00e7\u00f5es, horas depois do an\u00fancio oficial, nesta quinta-feira, 22. No entanto, o Decreto n\u00ba 12.466\/2025 ainda segue em vigor com uma s\u00e9rie de outras mudan\u00e7as \u2014 estas, mantidas \u2014 e que elevam de forma expressiva a carga tribut\u00e1ria sobre opera\u00e7\u00f5es de cr\u00e9dito, c\u00e2mbio e previd\u00eancia privada. <a class=\"uk-button uk-button-text\" href=\"https:\/\/revistaoeste.com\/economia\/governo-recua-sobre-iof-mas-mantem-alta-para-credito-cambio-e-previdencia\/\" target=\"_blank\" rel=\"noopener noreferrer\">LINK<\/a><\/p>\n<hr \/>\n<p>Sa\u00edmos de um governo desastrado para outro. E a grande d\u00favida do brasileiro parece ser qual incompetente vai eleger para continuar fazendo a mesma coisa. <strong>Desfavor da Semana<\/strong>.<\/p>\n<\/div>\n<p><!--more--><\/p>\n<h4 class=\"uk-heading-line\"><span>SALLY<\/span><\/h4>\n<p>Todo mundo viu o que aconteceu, certo? N\u00e3o precisa de explica\u00e7\u00e3o nem de introdu\u00e7\u00e3o. Todo mundo est\u00e1 vendo isso acontecer desde que o atual governo assumiu, certo? As cagadas, a m\u00e1 gest\u00e3o, as chamadas \u201cfalhas de comunica\u00e7\u00e3o\u201d, sobre as quais j\u00e1 falamos e n\u00e3o s\u00e3o em nada falhas na comunica\u00e7\u00e3o. <\/p>\n<p>Pois bem, n\u00e3o vamos ficar aqui nos repetindo do quanto esse governo \u00e9 bosta e do quanto \u00e9 absurdo que exista alguma chance, ainda que n\u00e3o seja uma certeza, de que ven\u00e7am as elei\u00e7\u00f5es novamente no ano que vem. Voc\u00eas j\u00e1 sabem. Queremos ir um pouco al\u00e9m e sair da reclama\u00e7\u00e3o c\u00edclica.<\/p>\n<p>Enquanto argentina, tenho lugar de fala para conversar um pouquinho com voc\u00eas sobre tudo que aconteceu para que o pa\u00eds desemboque no Milei. Gostemos dele ou n\u00e3o, somos todos for\u00e7ados a concordar que ele foi uma terceira via que despontou de um partido sem express\u00e3o e venceu os dois grandes partidos e nomes que alternavam poder h\u00e1 d\u00e9cadas.<\/p>\n<p>Milei n\u00e3o foi uma \u201csorte\u201d ou um \u201cazar\u201d. N\u00e3o foi um fen\u00f4meno da natureza. N\u00e3o foi algo aleat\u00f3rio. Para que Milei ven\u00e7a os dois grandes nomes, os dois grandes partidos, os dois grandes lados, certas condi\u00e7\u00f5es foram imprescind\u00edveis. Entre elas, uma raivosa rejei\u00e7\u00e3o aos dos principais \u201clados\u201d da polariza\u00e7\u00e3o pol\u00edtica argentina.<\/p>\n<p>Uma terceira via n\u00e3o surge magicamente, ou por um milagre, ou por uma conflu\u00eancia de astros. \u00c9 preciso espa\u00e7o para que surja. E se o povo n\u00e3o rejeitar cavalarmente os dois lados que normalmente alternar o poder, essa terceira via nunca tem espa\u00e7o para se criar. Enquanto o brasileiro for f\u00e3 de pol\u00edtico e defender um lado em detrimento do outro, n\u00e3o vai surgir terceira via.<\/p>\n<p>Enquanto brasileiro defender qualquer um dos dois lados, ficar\u00e1 preso apenas a esses dois lados. N\u00e3o adianta pedir por terceira via, ter esperan\u00e7a de terceira via ou dizer que n\u00e3o surge pois \u201cn\u00e3o tem ningu\u00e9m\u201d. Tem sim. Voc\u00eas \u00e9 que n\u00e3o permitem. \u00c9 como plantar v\u00e1rias sementes em areia e esperar que brote algo. \u00c9 como plantar v\u00e1rias sementes na terra e nunca regar. Voc\u00eas t\u00eam que fazer por onde.<\/p>\n<p>Acho que essa ideia n\u00e3o est\u00e1 muito clara na cabe\u00e7a da maioria das pessoas por esse mecanismo de esperar sempre coisas ca\u00eddas do c\u00e9u, dadas de cima para baixo, sem qualquer m\u00e9rito ou participa\u00e7\u00e3o popular. Os pol\u00edticos brasileiros realmente conseguiram convencer o povo de que ele n\u00e3o tem nenhum poder e o melhor a fazer \u00e9 torcer por um salvador. Passou da hora de corrigir esse pensamento.<\/p>\n<p>Participar do cen\u00e1rio pol\u00edtico do pa\u00eds n\u00e3o \u00e9 apenas ir \u00e0 urna votar. \u00c9 muito mais. \u00c9 um processo di\u00e1rio. E cada pequeno ato conta. Uma postagem em rede social conta. Mas o povo insiste em negar ou n\u00e3o reconhecer o poder que tem, pois \u00e9 aquele esquema Homem Aranha: com grandes poderes, grandes responsabilidades.<\/p>\n<p>A esperan\u00e7a do brasileiro, por um misto de desesperan\u00e7a e exaust\u00e3o, \u00e9 que as coisas se acomodem sozinhas, se resolvam de forma m\u00e1gica ou que algu\u00e9m se encarregue disso. E, para isso, est\u00e3o dispostos a transigir demais. Se acomodam com o pol\u00edtico de estima\u00e7\u00e3o merda que tem, pois \u00e9 o \u201cmenos pior\u201d, n\u00e3o se envolvem em pol\u00edtica ou se convencem que tanto faz, sempre v\u00e3o se foder, n\u00e3o importa o que aconte\u00e7a.<\/p>\n<p>O primeiro grande passo para que se abra espa\u00e7o para um novo nome \u00e9 uma violenta rejei\u00e7\u00e3o por parte do povo a tudo isso que est\u00e1 a\u00ed. Atual esquerda e atual direita. Lula e anexos. Bolsonaro e anexos. Hora de mudar o slogan para \u201cEles N\u00e3o\u201d e se fazer ouvir. N\u00e3o precisa ir para a rua. \u00c9 uma \u00e9poca privilegiada, voc\u00ea pode fazer muito do sof\u00e1 da sua casa.<\/p>\n<p>\u201cMas Sally, quem disse que, s\u00f3 porque aconteceu na Argentina, daria certo no Brasil?\u201d. Isso aconteceu com a Dilma, que, por sinal, caiu por muito menos. A rejei\u00e7\u00e3o cavalar abriu espa\u00e7o para um candidato inexpressivo de partido pequeno. E Bolsonaro se elegeu. <\/p>\n<p>Se o brasileiro massivamente come\u00e7ar a rejeitar os dois lados, isso tem consequ\u00eancias. Aprendam uma coisa: todo mundo tem inimigos. Quanto mais importante a pessoa, mais importantes costumam ser os inimigos.<\/p>\n<p>Lula, por exemplo est\u00e1 cheio de inimigos. Talvez o povo sozinho n\u00e3o consiga mudan\u00e7as, mas&#8230; o povo n\u00e3o est\u00e1 sozinho. E o Bolsonaro, sempre bom lembrar, al\u00e9m de ineleg\u00edvel, est\u00e1 com s\u00e9rios problemas de sa\u00fade, ent\u00e3o, esse a\u00ed a pr\u00f3pria vida se encarregou de neutralizar.<\/p>\n<p>Eu n\u00e3o estou pedindo que tracem um plano para resolver a situa\u00e7\u00e3o. Estou pedindo que rejeitem. Que fa\u00e7am uma campanha de rejei\u00e7\u00e3o sem precedentes. Isso o povo sabe fazer, e muito bem. O brasileiro \u00e9 uma m\u00e1quina de moer reputa\u00e7\u00e3o, de atormentar em rede social, de falar mal sempre que tem oportunidade. Apenas isso. Detonem esse governo. Abram espa\u00e7o para algo novo.<\/p>\n<p>Abrir espa\u00e7o para algo novo \u00e9 um exerc\u00edcio, seja na pol\u00edtica, seja na sua vida. Se voc\u00ea n\u00e3o abrir espa\u00e7o, o novo n\u00e3o consegue chegar nem entrar. N\u00e3o \u00e9 esperar o novo aparecer e acenar para a\u00ed abrir espa\u00e7o. N\u00e3o \u00e9 assim que a vida funciona. Primeiro se abre espa\u00e7o sem nada em vista, e depois o novo chega.<\/p>\n<p>Provavelmente n\u00e3o v\u00e3o acertar de primeira, provavelmente a terceira via n\u00e3o ser\u00e1 a ideal, mas ao menos se exercita a quebra desse monop\u00f3lio, dessa altern\u00e2ncia de poder. Pol\u00edtica do caf\u00e9 com leite \u00e9 coisa do passado, chega de dois lados se alternando no poder. Acho muito necess\u00e1rio que o brasileiro seja treinando e apenas a sair desses ciclos destrutivos.<\/p>\n<p>Eu s\u00f3 pe\u00e7o isso, como primeiro passo: aprendam a rejeitar ambos os lados e a fazer com que essa rejei\u00e7\u00e3o seja ouvida. Esse \u00e9 o primeiro passo para abrir espa\u00e7o para uma terceira via e tamb\u00e9m para botar algum freio nesses pol\u00edticos bostas que abusam do povo sem qualquer constrangimento.<\/p>\n<p>Pol\u00edtico brasileiro perdeu o medo at\u00e9 de falar merda. Um imitou paciente com falta de ar morrendo em plena pandemia, o outro disse que Deus mandou a seca no Nordeste para que ele possa dar \u00e1gua. Voc\u00eas est\u00e3o em uma rela\u00e7\u00e3o abusiva. Se separem, mesmo que ainda n\u00e3o tenham outro pretendente \u00e0 vista.<\/p>\n<h4 class=\"uk-heading-line\"><span>SOMIR<\/span><\/h4>\n<p>O governo Lula passa por uma fase terr\u00edvel de desconfian\u00e7a com o brasileiro m\u00e9dio. Quase metade j\u00e1 tinha votado no Bolsonaro elei\u00e7\u00e3o passada, e a outra metade demonstra paci\u00eancia m\u00ednima com as ideias lan\u00e7adas pelo presidente e sua equipe. O povo desconfia, com raz\u00e3o, que o governo quer enfiar a m\u00e3o no seu bolso sem entregar nada em troca.<\/p>\n<p>E ao mesmo tempo, pesquisas sobre cen\u00e1rios eleitorais para ano que vem d\u00e3o Lula como favorito, embora de forma apertada. O que diabos est\u00e1 acontecendo? Como o mesmo povo que desconfia de um governante ainda sim pensa em votar nele de novo?<\/p>\n<p>A hist\u00f3ria do IOF \u00e9 s\u00f3 mais uma numa lista de tentativas frustradas do governo de mexer na forma de arrecada\u00e7\u00e3o e tendo uma rea\u00e7\u00e3o furiosa da popula\u00e7\u00e3o. \u00c9 justo porque na campanha para sua elei\u00e7\u00e3o, Lula disse que n\u00e3o ia aumentar impostos. Mas se formos realistas, nunca fez sentido considerar a turma do PT como algu\u00e9m que faz cortes na m\u00e1quina p\u00fablica para arrumar as contas do pa\u00eds.<\/p>\n<p>Se voc\u00ea tem algum conhecimento hist\u00f3rico sobre Lula e Dilma no poder, sabe que eles acreditam justamente no oposto: aumentar os gastos estatais para aquecer a economia, nunca foi sobre cortes, sempre foi sobre apostar em arrecadar mais para botar as contas em dia. E quando n\u00e3o tem algo como o boom da commodities dos primeiros governos de Lula injetando dinheiro no pa\u00eds, a coisa n\u00e3o funciona: com a mentalidade de n\u00e3o controlar os gastos p\u00fablicos, s\u00f3 resta aumentar impostos ou cobrar os que o cidad\u00e3o costuma sonegar.<\/p>\n<p>O brasileiro talvez n\u00e3o seja muito atento a essas quest\u00f5es de filosofia econ\u00f4mica da esquerda nacional, mas \u00e9 meio dif\u00edcil acreditar que agora, durante o governo Lula agindo exatamente dessa forma, n\u00e3o consiga perceber. O povo est\u00e1 sobrecarregado de impostos, n\u00e3o aguenta mais, e por isso n\u00e3o est\u00e1 no clima de pol\u00edticas desenvolvimentistas baseadas em maiores gastos p\u00fablicos. Mas se perguntado sobre quem pretende votar em 2026, muitos dizem Lula de novo.<\/p>\n<p>Talvez em 2022 o povo tenha se enganado, mas com um mandato inteiro do PT tentando arrancar mais dinheiro do cidad\u00e3o por impostos? N\u00e3o faz sentido achar que Lula vai agir diferente. Mais pessoas pensam em votar no Lula do que pessoas consideram seu governo bom. Como um pa\u00eds pode funcionar se isso acontece?<\/p>\n<p>Estou dizendo que a solu\u00e7\u00e3o \u00e9 o candidato de Bolsonaro? Eu realmente espero que n\u00e3o. N\u00e3o s\u00f3 tenho horror da ideia de dar mais poder para os estelionat\u00e1rios evang\u00e9licos que se uniram ao movimento da direita brasileira, como na pr\u00e1tica o bolsonarismo n\u00e3o foi consistente nem nessa parte de responsabilidade fiscal; lembrem-se que ele criou uma d\u00edvida horr\u00edvel no final do seu mandato na tentativa de subornar pessoas a votar nele para a reelei\u00e7\u00e3o.<\/p>\n<p>O brasileiro parece querer algo de Lula e de Bolsonaro na presid\u00eancia, provavelmente o populismo que promete prosperidade sem nenhum esfor\u00e7o, mas na pr\u00e1tica nenhum dos dois consegue entregar suas supostas vantagens. No governo de Lula n\u00e3o ganhamos mais justi\u00e7a social e cuidado ambiental, no governo de Bolsonaro n\u00e3o ficamos mais seguros e honestos. As grandes vantagens que ambos dizem ter simplesmente n\u00e3o se materializam. E isso tem motivo: o que Lula e Bolsonaro vendem s\u00e3o caracter\u00edsticas imaginadas pelos seus eleitores.<\/p>\n<p>S\u00e3o candidatos virtuais cujos predicados existem s\u00f3 na cabe\u00e7a de quem os defende. E isso est\u00e1 t\u00e3o definido na cabe\u00e7a do brasileiro m\u00e9dio que parece que n\u00e3o existe mais nada a se fazer entre escolher um ou o outro. E se pararmos para pensar, a \u00fanica coisa impedindo que um ou o outro sejam esquecidos como presidenci\u00e1veis \u00e9 a rela\u00e7\u00e3o adversarial.<\/p>\n<p>O meu ponto aqui \u00e9 que j\u00e1 nos provamos como povo que n\u00e3o gostamos nem de um nem de outro. As rea\u00e7\u00f5es negativas ao governo Lula e a incapacidade de Bolsonaro conseguir articular um candidato oposto s\u00e3o provas que nenhum dos dois agrada. Mas \u00e9 tanto medo criado na cabe\u00e7a das pessoas que tem certeza de que o mundo acaba se n\u00e3o votarem contra o que parecem gostar menos.<\/p>\n<p>O povo est\u00e1 sequestrado por duas for\u00e7as pol\u00edticas das quais d\u00e1 sinais claros de n\u00e3o gostar. Mas h\u00e1 uma dificuldade imensa de lidar com a realidade por causa das campanhas de medo criadas por ambos os lados. O brasileiro n\u00e3o est\u00e1 sendo convencido pelos pol\u00edticos, est\u00e1 sendo chantageado. Falta mais gente falando isso com todas as letras: n\u00e3o queremos nem um nem outro. Queremos tentar outras coisas, porque as que est\u00e3o a\u00ed n\u00e3o v\u00e3o para lugar nenhum.<\/p>\n<p>\u00c9 \u00fatil para quem est\u00e1 no poder que o povo s\u00f3 os enxergue como op\u00e7\u00f5es. N\u00e3o importa se n\u00e3o gostam de verdade, importa que mantenham seus cargos e poderes pelo m\u00e1ximo de tempo poss\u00edvel. Se voc\u00ea n\u00e3o quer um nem outro, voc\u00ea \u00e9 a maioria: o povo age como se n\u00e3o confiasse no Lula ao mesmo tempo que realmente considera se \u00e9 melhor manter ele do que trazer algu\u00e9m do lado bolsonarista de volta. Se um dos dois realmente gerasse alguma confian\u00e7a, j\u00e1 estaria basicamente garantido em 2026.<\/p>\n<p>Para ter uma terceira via, a primeira coisa a se fazer \u00e9 rejeitar as outras duas. Tudo bem ser contra os dois, \u00e9 o que a maioria das pessoas pensa de verdade, mas precisamos falar isso em voz alta, sen\u00e3o as outras pessoas v\u00e3o acabar de novo se sentindo obrigadas a escolher entre o menor dos males por medo de que todo mundo seja maluco.<\/p>\n","protected":false},"excerpt":{"rendered":"<p>Depois de forte rea\u00e7\u00e3o do mercado, o governo federal voltou atr\u00e1s na tentativa de tributar aplica\u00e7\u00f5es de fundos nacionais no exterior e manteve a al\u00edquota de Imposto sobre Opera\u00e7\u00f5es Financeiras (IOF) em 0% para essas opera\u00e7\u00f5es, horas depois do an\u00fancio oficial, nesta quinta-feira, 22. No entanto, o Decreto n\u00ba 12.466\/2025 ainda segue em vigor com [&hellip;]<\/p>\n","protected":false},"author":4,"featured_media":29508,"comment_status":"open","ping_status":"open","sticky":false,"template":"","format":"standard","meta":{"footnotes":""},"categories":[27],"tags":[],"class_list":["post-29507","post","type-post","status-publish","format-standard","has-post-thumbnail","hentry","category-desfavor-semana"],"_links":{"self":[{"href":"https:\/\/www.desfavor.com\/blog\/wp-json\/wp\/v2\/posts\/29507","targetHints":{"allow":["GET"]}}],"collection":[{"href":"https:\/\/www.desfavor.com\/blog\/wp-json\/wp\/v2\/posts"}],"about":[{"href":"https:\/\/www.desfavor.com\/blog\/wp-json\/wp\/v2\/types\/post"}],"author":[{"embeddable":true,"href":"https:\/\/www.desfavor.com\/blog\/wp-json\/wp\/v2\/users\/4"}],"replies":[{"embeddable":true,"href":"https:\/\/www.desfavor.com\/blog\/wp-json\/wp\/v2\/comments?post=29507"}],"version-history":[{"count":0,"href":"https:\/\/www.desfavor.com\/blog\/wp-json\/wp\/v2\/posts\/29507\/revisions"}],"wp:featuredmedia":[{"embeddable":true,"href":"https:\/\/www.desfavor.com\/blog\/wp-json\/wp\/v2\/media\/29508"}],"wp:attachment":[{"href":"https:\/\/www.desfavor.com\/blog\/wp-json\/wp\/v2\/media?parent=29507"}],"wp:term":[{"taxonomy":"category","embeddable":true,"href":"https:\/\/www.desfavor.com\/blog\/wp-json\/wp\/v2\/categories?post=29507"},{"taxonomy":"post_tag","embeddable":true,"href":"https:\/\/www.desfavor.com\/blog\/wp-json\/wp\/v2\/tags?post=29507"}],"curies":[{"name":"wp","href":"https:\/\/api.w.org\/{rel}","templated":true}]}}