{"id":33372,"date":"2025-09-27T16:37:13","date_gmt":"2025-09-27T19:37:13","guid":{"rendered":"https:\/\/www.desfavor.com\/blog\/?p=33372"},"modified":"2025-11-12T17:10:11","modified_gmt":"2025-11-12T20:10:11","slug":"cabecas-doentes","status":"publish","type":"post","link":"https:\/\/www.desfavor.com\/blog\/2025\/09\/cabecas-doentes\/","title":{"rendered":"Cabe\u00e7as doentes."},"content":{"rendered":"<div class=\"uk-card uk-card-body uk-card-default\">\n<p>O governo do presidente Donald Trump (republicano) lan\u00e7ou na 2\u00aa feira (22.set.2025) uma campanha de combate \u00e0 alta de diagn\u00f3sticos de autismo nos Estados Unidos. A 1\u00aa diretriz anunciada foi a contraindica\u00e7\u00e3o do Tylenol \u2013que tem como ingrediente ativo o paracetamol\u2013 para gestantes. <a class=\"uk-button uk-button-text\" href=\"https:\/\/www.poder360.com.br\/poder-saude\/anuncio-de-trump-sobre-tylenol-e-autismo-nao-tem-base-avaliam-medicos\/\" target=\"_blank\" rel=\"noopener noreferrer\">LINK<\/a><\/p>\n<hr \/>\n<p>N\u00e3o s\u00f3 foi um show de horrores de desinforma\u00e7\u00e3o, como a rea\u00e7\u00e3o do p\u00fablico ainda conseguiu piorar a situa\u00e7\u00e3o. <strong>Desfavor da Semana<\/strong>.<\/p>\n<\/div>\n<p><!--more--><\/p>\n<h4 class=\"uk-heading-line\"><span>SALLY<\/span><\/h4>\n<p>Queria muito entender por qual motivo quando um lado se porta de forma vergonhosa, rid\u00edcula e pat\u00e9tica, o outro faz quest\u00e3o de se rebaixar e se igualar a ele. Ser\u00e1 que ningu\u00e9m consegue mais manter a sensatez, a maturidade e a dignidade?<\/p>\n<p>Pessoas que s\u00e3o notoriamente conhecidas por serem idiotas em mat\u00e9ria de medicina e ci\u00eancia disseram que fazer uso do medicamento Tylenol (Paracetamol) durante a gesta\u00e7\u00e3o aumenta a probabilidade de a crian\u00e7a nascer com autismo. Isso, meus amigos, \u00e9 de uma imbecilidade sem precedentes. \u00c9 a vers\u00e3o moderna do \u201cvacinas causam autismo\u201d.<\/p>\n<p>Se fosse s\u00f3 burrice, at\u00e9 passava. Mas \u00e9 m\u00e9todo. Trataram de empurrar outro rem\u00e9dio, sem qualquer efici\u00eancia, para tratar autismo e est\u00e3o incentivando usar outros rem\u00e9dios para dor, claramente com interesses pessoais.<\/p>\n<p>\u00c9 curioso como esse p\u00fablico de negacionistas cient\u00edficos, que v\u00ea em vacinas (exaustivamente testadas e aprovadas) um golpe da ind\u00fastria farmac\u00eautica para conseguir dinheiro, n\u00e3o v\u00ea nenhuma sombra de golpe em boicotar um rem\u00e9dio e promover outro sem evid\u00eancias cient\u00edficas v\u00e1lidas.<\/p>\n<p>Se a vergonha fosse unilateral, nem seria tema desta coluna, pois rotineiro. Mas n\u00e3o. O outro lado, vendo o vexame, ficou com inveja e quis fazer pior.<\/p>\n<p>Come\u00e7aram a aparecer v\u00eddeos em redes sociais de pessoas tomando Tylenol, algumas em uma quantidade preocupante, para \u201cprovar\u201d para o Trump que Tylenol n\u00e3o faz mal. N\u00e3o sei nem por onde come\u00e7ar.<\/p>\n<p>E tem v\u00e1rios problemas aqui. O primeiro e mais gritante \u00e9 dar tamanha import\u00e2ncia a algu\u00e9m que voc\u00ea detesta. Imagina se dar ao trabalho de fazer um v\u00eddeo para antagonizar com o Trump e ainda ter orgulho disso. \u00c9 descer ao chiqueiro para brigar com o porco e achar que est\u00e1 mandando muito bem!<\/p>\n<p>Trump falou em gestantes, mas isso n\u00e3o impediu que todo mundo, se entupisse de Tylenol. Inclusive homens. O que caralhos voc\u00ea pretende provar ou contestar tomando um monte de Tylenol, meu anjo? Nada, n\u00e9? S\u00f3 quer aparecer mesmo. Olha l\u00e1 o rebeld\u00e3o, tomando Tylenol!<\/p>\n<p>Outro problema \u00e9 que nenhuma pessoa, gr\u00e1vida ou n\u00e3o, deve ingerir grandes quantidades de Tylenol ou at\u00e9 mesmo UM Tylenol de forma desnecess\u00e1ria, pois \u00e9 um rem\u00e9dio que pode fazer mal ao f\u00edgado. Eu vi infeliz tomando 5, 10 comprimidos de uma vez. Virando pote de Tylenol na boca.<\/p>\n<p>Isso \u00e9 ser t\u00e3o negacionista cient\u00edfico como o Trump, pois mostra que voc\u00ea n\u00e3o tem a menor ideia de como rem\u00e9dio funciona. Rem\u00e9dio n\u00e3o \u00e9 bala, n\u00e3o \u00e9 inofensivo. T\u00e3o burros quanto o outro lado, com o agravante dessa superioridade moral que acham que tem. A elite intelectual tomando 10 comprimidos de Tylenol: Idiocracy j\u00e1 foi um filme de com\u00e9dia, hoje, \u00e9 document\u00e1rio.<\/p>\n<p>E como a imbecilidade sempre escala quanto tem tanta gente empenhada em prestigi\u00e1-la, analfabetos funcionais resgataram uma postagem da conta oficial da Tylenol de oito anos atr\u00e1s na qual o fabricante dizia que n\u00e3o recomenda o uso em gestantes e usaram isso como \u201cprova\u201d de que o Trump tinha raz\u00e3o.<\/p>\n<p>Para come\u00e7o de conversa, n\u00e3o recomendar o uso em gestantes n\u00e3o quer dizer que cause autismo no beb\u00ea. Pode causar um mal \u00e0 gestante mesmo. E depois, a maior parte dos rem\u00e9dios faz esse aviso, para se resguardar: pessoas s\u00e3o idiotas, como bem podemos ver. Pessoas tomam rem\u00e9dio de forma indiscriminada. O fabricante tira o dele da reta. O obstetra, se quiser, por sua conta e risco, que prescreva.<\/p>\n<p>Se voc\u00ea conversar com qualquer m\u00e9dico obstetra ele vai te confirmar que, entre todas as op\u00e7\u00f5es de rem\u00e9dios para a dor, o Tylenol \u00e9 o mais seguro para gestantes. \u00c9 100% seguro? N\u00e3o, pois nenhum rem\u00e9dio \u00e9 100% seguro para gestantes, o ideal \u00e9 que gr\u00e1vida n\u00e3o tome rem\u00e9dio. Mas, precisando tomar, Tylenol costuma ser o mais indicado. Por\u00e9m, sempre prescrito pelo m\u00e9dico, gestante n\u00e3o pode tomar rem\u00e9dio algum por conta pr\u00f3pria.<\/p>\n<p>Alguns imbecil\u00f3ides (inclusive mulheres gr\u00e1vidas) que tomaram grandes quantidades de Tylenol foram parar no hospital, por uma quest\u00e3o hep\u00e1tica mesmo. E isso bastou para o pessoal do Trump berrar que eles tinham raz\u00e3o, ainda que a causa da hospitaliza\u00e7\u00e3o fosse uma superdosagem e sem qualquer rela\u00e7\u00e3o a problemas com o beb\u00ea. Os imbecil\u00f3ides que queriam desmentir o Trump, deram ainda mais muni\u00e7\u00e3o para ele e seus malucos. \u00c9 cansativo, sabe?<\/p>\n<p>Por sua vez, esses pequenos ind\u00edcios desconexos como o post da marca oito anos atr\u00e1s e os idiotas que se intoxicaram com superdosagem, fez com que a coisa se espalhe de uma forma que virou p\u00f3s-verdade, e quando isso acontece, os efeitos nocivos se propagam no tempo.<\/p>\n<p>Nos pr\u00f3ximos anos veremos gestante socando ibuprofeno ou, no Brasil, dipirona, ambos menos indicados, ambos com chances de causar problemas. Vamos ver mam\u00e3es e beb\u00eas com problemas por n\u00e3o querer tomar Tylenol para n\u00e3o ter problemas.<\/p>\n<p>Para culminar, vemos gente usando esse enorme esmerdeio para panfletar, colocando a culpa de tudo isso no fato do Trump ter sido eleito, como se esse povo maluco dele n\u00e3o fosse acreditar em qualquer merda, independente de cargo. Nunca houve (at\u00e9 onde se sabe) um Presidente terraplanista e o mundo est\u00e1 cheio deles. A culpa n\u00e3o \u00e9 do cargo, \u00e9 do ser humano.<\/p>\n<p>Resumo dessa brincadeira:<\/p>\n<p>1) N\u00e3o h\u00e1 evid\u00eancias cient\u00edficas de que Tylenol cause autismo, mas h\u00e1 evid\u00eancias do Trump e sua turma tenham ganhos por boicotar o Tylenol.<br \/>\n2) N\u00e3o h\u00e1 benef\u00edcios de que o rem\u00e9dio indicado pelo Trump (me recuso at\u00e9 a divulgar o nome) trate de alguma forma o autismo.<br \/>\n3) Ningu\u00e9m pode tomar Tylenol indiscriminadamente, pois, entre outras coisas, faz muito mal ao seu f\u00edgado.<br \/>\n4) Gestante n\u00e3o pode tomar NENHUM MEDICAMENTO sem autoriza\u00e7\u00e3o expressa do SEU m\u00e9dico. N\u00e3o de \u201cum\u201d m\u00e9dico, mas do SEU m\u00e9dico que a acompanha e conhece seu hist\u00f3rico.<br \/>\n5) Nada, ningu\u00e9m ou nenhuma evid\u00eancia vai tirar da cabe\u00e7a das pessoas que Tylenol causa autismo, est\u00e1 consolidado como p\u00f3s-verdade.<\/p>\n<p>O ser humano, meus amigos, \u00e9 uma merda.<\/p>\n<p>Meteoro, eu autorizo.<\/p>\n<h4 class=\"uk-heading-line\"><span>SOMIR<\/span><\/h4>\n<p>Minha primeira rea\u00e7\u00e3o ao an\u00fancio nem foi ficar chocado com as bobagens que Trump, RFK Jr. e companhia disseram, foi uma esp\u00e9cie de resigna\u00e7\u00e3o com a era da p\u00f3s-verdade: eu sei que d\u00e9cadas no futuro vai ter gente repetindo que ouviu falar que esse rem\u00e9dio \u201cdeixa a pessoa autista\u201d. N\u00e3o vai saber nem de onde veio, s\u00f3 vai ficar com uma daquelas informa\u00e7\u00f5es que vai se enfiando na mente das pessoas e come\u00e7a a ser repetido sem nenhuma cr\u00edtica.<\/p>\n<p>Porque o ser humano m\u00e9dio, eu e voc\u00ea inclu\u00eddos, n\u00e3o sabe muito mais do que sabe. Desde que come\u00e7amos a falar, trocamos informa\u00e7\u00f5es que ouvimos falar, \u00e9 natural e em m\u00e9dia ajudou mais que atrapalhou na nossa evolu\u00e7\u00e3o. S\u00f3 que uma coisa \u00e9 falar sobre que tipo de planta pode comer e onde tem predadores, outra completamente diferente \u00e9 trocar informa\u00e7\u00f5es cient\u00edficas complexas.<\/p>\n<p>A ideia de \u201cbom senso\u201d funciona com o b\u00e1sico da vida. Se o n\u00famero de ovelhas na sua fazenda come\u00e7ar a diminuir rapidamente, \u00e9 bom senso presumir que tem um predador por perto. Se muita gente come\u00e7a a passar mal depois de comer o p\u00e3o feito por uma padaria, \u00e9 bom senso n\u00e3o ir mais l\u00e1. Mas quando voc\u00ea estica esse bom senso al\u00e9m das coisas que voc\u00ea realmente conhece, ele come\u00e7a a dar problema.<\/p>\n<p>Trump e todos os outros participantes daquele show de horrores repetiam sem parar como o n\u00famero de autistas aumentou absurdamente nas \u00faltimas d\u00e9cadas. Eles mesmos usam bom senso como argumento. Se aumentou tanto, e os dados comprovam isso, tem alguma coisa deixando as pessoas autistas, n\u00e3o?<\/p>\n<p>Mas ser\u00e1 que o bom senso entende os detalhes dessa informa\u00e7\u00e3o. Trump disse que \u201calguns anos atr\u00e1s\u201d t\u00ednhamos um autista a cada 10.000 pessoas; disse tamb\u00e9m que hoje \u00e9 um autista a cada 31! Tem algo deixando as pessoas mais autistas, \u00f3bvio, e s\u00f3 pode ser algo que come\u00e7amos a fazer pouco tempo atr\u00e1s, certo?<\/p>\n<p>Certo! Mas a l\u00f3gica n\u00e3o \u00e9 o que a maioria das pessoas espera. At\u00e9 os anos 80, casos de autismo severo eram tratados como esquizofrenia. Poucos especialistas sequer pensavam nesse transtorno. Ent\u00e3o, de fato, existem informa\u00e7\u00f5es sobre os anos 60 com esse n\u00famero de 1 a cada 10.000; e se voc\u00ea pegar os dados mais recentes, vai mesmo ver 1 a cada 30 e poucos.<\/p>\n<p>Quando o autismo foi reconhecido pelo que realmente era, pessoas come\u00e7aram a ser diagnosticadas, e \u00e9 \u00f3bvio que o n\u00famero aumentou. E com o passar das d\u00e9cadas, a defini\u00e7\u00e3o de autismo come\u00e7ou a aumentar para abarcar muito mais do que aqueles casos graves de pessoas que ficam batendo a cabe\u00e7a na parede. A ideia de espectro autista \u00e9 super recente. Nenhum autista minimamente funcional na sociedade era diagnosticado.<\/p>\n<p>Se voc\u00ea aumenta o tamanho do grupo de pessoas que pode ser chamada de autista, \u00e9 \u00f3bvio que aumenta o n\u00famero de autistas. Vi uma analogia excelente sobre isso: imagine que a defini\u00e7\u00e3o de pessoa alta s\u00f3 contasse quem tivesse mais de 2 metros de altura. Ter\u00edamos poucas pessoas assim. E se mud\u00e1ssemos a ideia de pessoa alta para quem tem mais de 1,80m? De repente ter\u00edamos centenas de milh\u00f5es de pessoas a mais nesse grupo. N\u00e3o quer dizer que as pessoas ficaram mais altas da noite para o dia, quer dizer que o conceito de pessoa alta mudou para encaixar mais gente.<\/p>\n<p>\u00c9 a mesma coisa com o autismo. Primeiro ningu\u00e9m estava diagnosticando, depois come\u00e7aram a chamar de autistas s\u00f3 os casos mais graves, mais recentemente encontraram uma defini\u00e7\u00e3o de autismo que inclui muito mais gente. Sim, o n\u00famero de autistas aumentou, mas n\u00e3o porque as pessoas come\u00e7aram a ficar autistas da noite para o dia.<\/p>\n<p>No fundo, toda a conversa sobre o Tylenol era uma desculpa para empurrar aquele velho discurso antivacina, que tamb\u00e9m foi empurrado com for\u00e7a na mesma coletiva de imprensa. E os argumentos desse povo sempre passam por essa an\u00e1lise retardada sobre o aumento de autistas no mundo. Os casos de autismo s\u00f3 cresceram tanto quando todo mundo come\u00e7ou a ser vacinado, na cabecinha deles isso significa que s\u00f3 pode ser a \u201cmedicina moderna\u201d.<\/p>\n<p>Todos eles dizem que em sociedades onde as pessoas s\u00e3o menos vacinadas existe menos autismo, e falam disso porque eles v\u00e3o veem pessoas autistas nesses lugares. Estudos reais feitos por cientistas com milhares (\u00e0s vezes milh\u00f5es) de pessoas demonstram que as pessoas continuam nascendo com autismo em todo tipo de sociedade. A preval\u00eancia de autistas n\u00e3o muda com uso de vacinas e rem\u00e9dios como o Tylenol. Eles acham que muda, ignoram estudos reais e pronto, v\u00e3o para rede nacional dizer que sim.<\/p>\n<p>N\u00e3o \u00e9 nem uma hip\u00f3tese nova essa do Tylenol. Fizeram v\u00e1rios estudos, inclusive um na Su\u00e9cia com mais de 2 milh\u00f5es de crian\u00e7as separando as m\u00e3es pelos rem\u00e9dios que tomaram na gravidez. N\u00e3o apareceu nenhuma rela\u00e7\u00e3o. Os estudos que existem dizendo que pode ter rela\u00e7\u00e3o &#8211; e que provavelmente foram usados por RFK Jr. para tomar essa decis\u00e3o \u2013 n\u00e3o chegam a ter estudado 10.000 pessoas somados.<\/p>\n<p>Isso foi tirado da bunda de uma forma incr\u00edvel. E a minha putez \u00e9 que como \u00e9 muito mais f\u00e1cil repetir essa baboseira do Tylenol e das vacinas do que entender a burrada incr\u00edvel que \u00e9 achar que o n\u00famero de autistas est\u00e1 aumentando por qualquer motivo que n\u00e3o o n\u00famero de diagn\u00f3sticos, eu tenho certeza que vai virar \u201csabedoria popular\u201d nos EUA e os macacos de imita\u00e7\u00e3o brasileiros v\u00e3o fazer a caveira do Paracetamol at\u00e9 esse povo que mal sabe entender o que l\u00ea, quando l\u00ea, come\u00e7ar a repetir o comportamento e ensinar um para o outro que tomar vacina e rem\u00e9dio de febre faz a pessoa \u201cvirar autista\u201d. Nem o Trump entendeu do que estava falando, ele estava basicamente dizendo para crian\u00e7a n\u00e3o tomar Tylenol para n\u00e3o ficar autista, e para tomar vacina de Hepatite B depois dos 12 para evitar&#8230; autismo!<\/p>\n<p>Eles nem sabem o que \u00e9 autismo. Acham que \u00e9 uma gripe. E o assustador \u00e9 que o pov\u00e3o pode acabar dizendo que confia mais no Trump do que nos m\u00e9dicos porque os m\u00e9dicos s\u00e3o as elites! O presidente dos fuckin\u2019 EUA vai ser o rebelde antissistema para eles.<\/p>\n<p>Eu n\u00e3o quero a morte de pessoas burras, eu s\u00f3 quero que elas n\u00e3o tenham cargos de poder. \u00c9 pedir muito?<\/p>\n","protected":false},"excerpt":{"rendered":"<p>O governo do presidente Donald Trump (republicano) lan\u00e7ou na 2\u00aa feira (22.set.2025) uma campanha de combate \u00e0 alta de diagn\u00f3sticos de autismo nos Estados Unidos. A 1\u00aa diretriz anunciada foi a contraindica\u00e7\u00e3o do Tylenol \u2013que tem como ingrediente ativo o paracetamol\u2013 para gestantes. LINK N\u00e3o s\u00f3 foi um show de horrores de desinforma\u00e7\u00e3o, como a [&hellip;]<\/p>\n","protected":false},"author":4,"featured_media":33373,"comment_status":"open","ping_status":"open","sticky":false,"template":"","format":"standard","meta":{"footnotes":""},"categories":[27],"tags":[],"class_list":["post-33372","post","type-post","status-publish","format-standard","has-post-thumbnail","hentry","category-desfavor-semana"],"_links":{"self":[{"href":"https:\/\/www.desfavor.com\/blog\/wp-json\/wp\/v2\/posts\/33372","targetHints":{"allow":["GET"]}}],"collection":[{"href":"https:\/\/www.desfavor.com\/blog\/wp-json\/wp\/v2\/posts"}],"about":[{"href":"https:\/\/www.desfavor.com\/blog\/wp-json\/wp\/v2\/types\/post"}],"author":[{"embeddable":true,"href":"https:\/\/www.desfavor.com\/blog\/wp-json\/wp\/v2\/users\/4"}],"replies":[{"embeddable":true,"href":"https:\/\/www.desfavor.com\/blog\/wp-json\/wp\/v2\/comments?post=33372"}],"version-history":[{"count":2,"href":"https:\/\/www.desfavor.com\/blog\/wp-json\/wp\/v2\/posts\/33372\/revisions"}],"predecessor-version":[{"id":37650,"href":"https:\/\/www.desfavor.com\/blog\/wp-json\/wp\/v2\/posts\/33372\/revisions\/37650"}],"wp:featuredmedia":[{"embeddable":true,"href":"https:\/\/www.desfavor.com\/blog\/wp-json\/wp\/v2\/media\/33373"}],"wp:attachment":[{"href":"https:\/\/www.desfavor.com\/blog\/wp-json\/wp\/v2\/media?parent=33372"}],"wp:term":[{"taxonomy":"category","embeddable":true,"href":"https:\/\/www.desfavor.com\/blog\/wp-json\/wp\/v2\/categories?post=33372"},{"taxonomy":"post_tag","embeddable":true,"href":"https:\/\/www.desfavor.com\/blog\/wp-json\/wp\/v2\/tags?post=33372"}],"curies":[{"name":"wp","href":"https:\/\/api.w.org\/{rel}","templated":true}]}}