{"id":5605,"date":"2013-11-13T07:33:54","date_gmt":"2013-11-13T09:33:54","guid":{"rendered":"http:\/\/www.desfavor.com\/blog\/?p=5605"},"modified":"2013-11-13T07:33:54","modified_gmt":"2013-11-13T09:33:54","slug":"des-potas-liberou-geral","status":"publish","type":"post","link":"https:\/\/www.desfavor.com\/blog\/2013\/11\/des-potas-liberou-geral\/","title":{"rendered":"D\u00e9s Potas: Liberou geral."},"content":{"rendered":"<p><img loading=\"lazy\" decoding=\"async\" class=\"aligncenter size-full wp-image-5606\" alt=\"despotas-liberougeral\" src=\"https:\/\/www.desfavor.com\/blog\/wp-content\/uploads\/2013\/11\/despotas-liberougeral.jpg\" width=\"600\" height=\"300\" srcset=\"https:\/\/www.desfavor.com\/blog\/wp-content\/uploads\/2013\/11\/despotas-liberougeral.jpg 600w, https:\/\/www.desfavor.com\/blog\/wp-content\/uploads\/2013\/11\/despotas-liberougeral-300x150.jpg 300w\" sizes=\"(max-width: 600px) 100vw, 600px\" \/><\/p>\n<p>Aten\u00e7\u00e3o: D\u00e9s Potas \u00e9 uma coluna que compreende suas limita\u00e7\u00f5es, mas mesmo assim n\u00e3o se entrega sem lutar. Basicamente, sugerimos grande mudan\u00e7as sociais implementadas de forma ditatorial com o \u00fanico objetivo de resolver todos os problemas do mundo. Hoje quero explorar a ideia de um mundo com liberdade de express\u00e3o absolutamente irrestrita. Absolutamente mesmo.<!--more--><\/p>\n<p>Apesar de frequentemente usarmos termos como &#8220;patrulha de pensamento&#8221; para criticar essa mania de querer amorda\u00e7ar quem n\u00e3o se conforma com o politicamente correto, n\u00e3o \u00e9 como se o conceito fosse realmente estranho \u00e0s leis que regem TODOS os pa\u00edses desse mundo. Planejar, divulgar ou glorificar crimes &#8220;pr\u00e1ticos&#8221; \u00e9 o suficiente para te colocar numa cadeia em basicamente qualquer canto do planeta. Claro que os espec\u00edficos variam de lugar para lugar&#8230;<\/p>\n<p>Agora, vamos ao decreto: N\u00e3o existem crimes que n\u00e3o atentem diretamente contra integridade f\u00edsica ou ao patrim\u00f4nio alheio. Pensar, falar, fotografar, filmar, distribuir ou qualquer outra forma de express\u00e3o humana SEM fins lucrativos (ha, este ditador pensa antes de ditar) est\u00e1 livre de qualquer san\u00e7\u00e3o legal. Indefinidamente. Conceitos como honra e dignidade pessoal passam a ser de responsabilidade exclusiva individual.<\/p>\n<p>Imagino que nos primeiros meses ap\u00f3s algo desse n\u00edvel for imposto ao pov\u00e3o, vai ser meio complicado evitar uma guerra civil mundial. Se n\u00e3o acontecer, vai ser apenas uma bagun\u00e7a gigantesca. E mesmo que ela aconte\u00e7a, caso n\u00e3o elimine a humanidade de vez e as tropas leais ao ditador mundial consigam manter o regime, o sol nascer\u00e1 mais uma vez e come\u00e7aremos a ver as benesses desse plano t\u00e3o dr\u00e1stico.<\/p>\n<p>Logo no come\u00e7o, o mundo n\u00e3o entraria em colapso. Seres humanos s\u00e3o criaturas de h\u00e1bitos e tendem a gostar mais da ideia de serem aceitos pelo grupo do que propriamente se expressar (vide todas as redes sociais). Existem vantagens para quem sabe jogar o jogo da hipocrisia social, e elas n\u00e3o se desfazem do dia para noite. Sacos continuar\u00e3o a ser puxados e Lucianos Hucks da vida continuar\u00e3o sendo admirados pelas massas bestificadas. A pose continua.<\/p>\n<p>Mas n\u00e3o para sempre. Quando boa parte do povo entender que n\u00e3o existem repercuss\u00f5es legais para o que expressam, a\u00ed sim come\u00e7a uma era ca\u00f3tica da comunica\u00e7\u00e3o humana. Para o bem e para o mal. Os preconceitos vir\u00e3o \u00e0 tona numa velocidade impressionante. Pessoas ser\u00e3o atacadas e criticadas merecendo ou n\u00e3o. Boa parte da sujeira que fica debaixo do tapete nos dias de hoje vai poluir todo o ambiente.<\/p>\n<p>Parece horr\u00edvel, e por um tempo \u00e9 para ser mesmo. Uma libera\u00e7\u00e3o absoluta da liberdade de express\u00e3o \u00e9 uma esp\u00e9cie de interven\u00e7\u00e3o\/terapia de choque para toda a humanidade. Esse ponto cr\u00edtico \u00e9 justamente aquele onde finalmente se descobrir\u00e1 o que realmente ofende e revolta as pessoas. Porque sem a oportunidade de enfiar um processo oportunista numa celebridade, sobra apenas o esfor\u00e7o necess\u00e1rio para se defender. Se ele vale a pena ou n\u00e3o&#8230; Uma rela\u00e7\u00e3o de custo e benef\u00edcio calcada em elementos subjetivos como honra, dignidade e senso de justi\u00e7a.<\/p>\n<p>E pior, sem ningu\u00e9m para segurar sua m\u00e3o no processo. Se o que uma pessoa expressou te incomoda, voc\u00ea vai ter que resolver. E vamos lembrar que os outros crimes continuam existindo. Ningu\u00e9m pode te impedir de revidar uma piada com um tiro, mas com certeza isso aumenta suas chances de ver o sol nascendo quadrado por v\u00e1rios anos. A opini\u00e3o de algu\u00e9m vale isso? Talvez uma boa conversa, uma boa vingan\u00e7a (legal) ou uma boa retirada estrat\u00e9gica valha muito mais a pena no caso.<\/p>\n<p>Seria realmente um momento problem\u00e1tico para charlat\u00f5es, corruptos e todos os tipos de parasitas que dependem de morda\u00e7as legais para continuar sobrevivendo. O rei vai ficar nu. A quest\u00e3o que fica \u00e9 se vamos ter muita gente percebendo isso&#8230; Provavelmente demora, mas a liberdade de dizer a verdade sem limita\u00e7\u00f5es arbitr\u00e1rias de um sistema montado para beneficiar quem j\u00e1 \u00e9 poderoso tende a criar uma press\u00e3o insustent\u00e1vel se pensarmos no longo prazo. N\u00e3o adianta mais ter dinheiro e poder para transformar o pensamento alheio em crime.<\/p>\n<p>Ok, mas nem tudo \u00e9 festa. As minorias (inclusive as minorias &#8220;estatisticamente falsas&#8221; como as mulheres) v\u00e3o apanhar bastante no come\u00e7o. Todo grupo que puder ser atacado com sons e s\u00edmbolos vai sofrer. Mas, at\u00e9 quando? As grandes evolu\u00e7\u00f5es sociais humanas n\u00e3o est\u00e3o intimamente ligadas \u00e0 protecionismo legal. Gente mais bem alimentada, mais bem estudada e mais bem de vida em geral tende a reduzir drasticamente o seu repert\u00f3rio ofensivo. N\u00e3o \u00e9 medo de lei, \u00e9 uma compreens\u00edvel diminui\u00e7\u00e3o no interesse por &#8220;cuidar da vida alheia&#8221;.<\/p>\n<p>Quem realmente sobrar berrando improp\u00e9rios preconceituosos contra minorias vai acabar sofrendo o mesmo processo de insignific\u00e2ncia intelectual que entidades como a Ku Klux Klan e a Westboro Baptist Church j\u00e1 sofreram num pa\u00eds onde tem liberdade de express\u00e3o garantida como os EUA. Quem fala merda demais por tempo demais vira barulho de fundo num mundo cada vez mais instru\u00eddo.<\/p>\n<p>N\u00e3o sendo crime, quem achar v\u00e1lido misturar sua identidade pessoal com essas opini\u00f5es raivosas que se esbalde! O mundo civilizado n\u00e3o vai pactuar com isso. Fale o que quiser, aceite as consequ\u00eancias. N\u00e3o vai ser pelo crime de pensar, vai ser pela burrice demonstrada. Pune-se o que realmente deve ser punido. Opini\u00e3o divergente constr\u00f3i, ela sempre deve ser garantida&#8230; Assim como o direito de uma pessoa ou entidade n\u00e3o querer mais se misturar com quem n\u00e3o tem opini\u00f5es e vis\u00f5es do mundo suficientemente compat\u00edveis.<\/p>\n<p>Vai achando que \u00e9 festa se dizer nazista num pa\u00eds como o Brasil, por exemplo, vai. Com o tempo, n\u00e3o vai ser uma lei que vai fazer um racista esconder o que pensa e agir de acordo, vai ser o bom e velho bom senso de saber o que est\u00e1 acontecendo no mundo ao seu redor. E mais importante, todo aquele clima de &#8220;m\u00e1rtir da verdade&#8221; vai perder seu valor. Se cidad\u00e3o acha de verdade que eliminar um grupo espec\u00edfico de seres humanos vai resolver os problemas do mundo, n\u00e3o tem mais ningu\u00e9m proibindo-o de falar.<\/p>\n<p>O problema deixa de ser algo convenientemente imposs\u00edvel de vencer como a f\u00faria do Estado e vira mera quest\u00e3o de convencer mais gente. E boa sorte com isso! Quando o maluco preconceituoso perde nos dias atuais, bota a culpa no sistema injusto com ele. Se ele pode falar, a\u00ed a falha \u00e9 pessoal ou do argumento em si. Muita gente que nunca pensou direito no que acredita e prega veladamente vai se ver obrigada a encarar sua desilus\u00e3o olho-no-olho. Pensar liberta.<\/p>\n<p>Claro, temos toda a quest\u00e3o de cal\u00fanias, ofensas e inj\u00farias desaparecendo do mapa. Qualquer um vai pode espalhar o que bem entender sobre qualquer um sem consequ\u00eancias legais&#8230; Vai gerar problemas para muita gente, mas num mundo onde tudo pode ser dito, vai come\u00e7ar a ficar cada vez menos relevante. A n\u00e3o ser que existam formas de comprovar ou refor\u00e7ar as acusa\u00e7\u00f5es, vale tanto quanto as outras bilh\u00f5es de declara\u00e7\u00f5es raivosas e\/ou humilhantes que surgir\u00e3o concomitantemente.<\/p>\n<p>Eventualmente, vai ser um saco ter que se preocupar com cada uma delas. Meio o que j\u00e1 acontece com essa onda de exposi\u00e7\u00e3o em situa\u00e7\u00f5es \u00edntimas na internet: Choca cada vez menos, parece arma\u00e7\u00e3o por fama cada vez mais. Podemos vencer o trio &#8220;crime verbal&#8221; simplesmente saturando o mercado de interesse na vida alheia. E ainda vale toda aquela coisa de responsabilidade pessoal: Do outro lado da ofensa\/acusa\u00e7\u00e3o tem uma pessoa que pode dizer absolutamente tudo o que quiser. Vale a pena?<\/p>\n<p>E sim, eu tamb\u00e9m sei que conte\u00fados terr\u00edveis ganhar\u00e3o muito mais visibilidade. Mas vamos lembrar: Divulgar n\u00e3o \u00e9 crime, mas produzir ainda vai ser (mesmo que ato de tirar a foto ou v\u00eddeo n\u00e3o seja, o crime real ocorre e \u00e9 ele que vai ser punido). E mesmo quem tentar vender conte\u00fado que n\u00e3o produziu ainda vai ficar barrado pela regra de n\u00e3o ter fins lucrativos. Eu at\u00e9 tenho uma teoria bem impopular para tratar ped\u00f3filos que funcionaria bem neste modelo de liberdade de express\u00e3o irrestrita: Virtualiza\u00e7\u00e3o. Que explorem vers\u00f5es em bits e bytes ao inv\u00e9s de pessoas reais.<\/p>\n<p>Convenhamos que castra\u00e7\u00e3o (mesmo que qu\u00edmica) s\u00f3 funciona com quem se sente muito mal com sua parafilia ou com quem j\u00e1 n\u00e3o tem outra escolha. Mant\u00ea-los distra\u00eddos e isolados em universos virtuais pode reduzir o \u00edmpeto de praticar e ainda gira a economia (inferno, aqui vou eu)! Mesmo que voc\u00ea tenha uma compreens\u00edvel raiva do tipo, o modelo atual n\u00e3o funciona bem o suficiente. Esta ditadura se preocupa com resultados&#8230;<\/p>\n<p>E isso vale para in\u00fameros outros tipos de impulsos antissociais e desvios psicol\u00f3gicos que colocam pessoas de carne e osso em risco: Tanta gente joga a vida fora lutando com monstro virtual em jogos&#8230; o \u00edmpeto humano de fuga da realidade \u00e9 uma ferramenta explor\u00e1vel. Enquanto existirem travas e mais travas sobre o que uma pessoa pode explorar &#8220;na sua mente&#8221;, n\u00e3o conseguiremos descobrir quantos desses desajustados podemos confinar em simula\u00e7\u00f5es e dramatiza\u00e7\u00f5es (s\u00f3 \u00e9 crime se for verdade) de seus desejos e fantasias.<\/p>\n<p>O Estado financia o projeto, e em troca consegue um cadastro completo sobre essas pessoas. Quem criar uma conta no &#8220;Tortura Covarde Online&#8221; ganha de brinde uma entrada no sistema da pol\u00edcia. Novamente: O sistema atual n\u00e3o resolve bem essas quest\u00f5es. O n\u00famero de estupros est\u00e1 subindo de forma assustadora nos \u00faltimos tempos (e sim, eu sei que \u00e9 mais por causa de gente tendo coragem de denunciar, mas o n\u00famero \u00e9 absurdo de qualquer jeito)!<\/p>\n<p>Resumindo: Liberdade de express\u00e3o irrestrita n\u00e3o s\u00f3 for\u00e7a as pessoas a lidar tanto com o que falam e ouvem como tamb\u00e9m permite um lento e necess\u00e1rio amadurecimento do adulto m\u00e9dio nessa era digital. Com o b\u00f4nus de permitir tratamentos realmente inovadores para v\u00e1rios dos elementos problem\u00e1ticos da sociedade.<\/p>\n<p>N\u00e3o tem como dar errado. Quer dizer, a n\u00e3o ser por uma guerra civil mundial fora de controle&#8230; Mas n\u00e3o se faz uma omelete sem quebrar alguns ovos, n\u00e3o?<\/p>\n<h3>Para dizer que esta coluna te faz agradecer muito por eu n\u00e3o ter pretens\u00f5es pol\u00edticas, para apontar alguma falha (inventada, \u00e9 claro) no meu plano infal\u00edvel, ou mesmo para dizer que eu s\u00f3 quero estragar o mundo todo para poder fazer uma piada: <a href=\"mailto:somir@desfavor.com\">somir@desfavor.com<\/a><\/h3>\n","protected":false},"excerpt":{"rendered":"<p>Aten\u00e7\u00e3o: D\u00e9s Potas \u00e9 uma coluna que compreende suas limita\u00e7\u00f5es, mas mesmo assim n\u00e3o se entrega sem lutar. Basicamente, sugerimos grande mudan\u00e7as sociais implementadas de forma ditatorial com o \u00fanico objetivo de resolver todos os problemas do mundo. Hoje quero explorar a ideia de um mundo com liberdade de express\u00e3o absolutamente irrestrita. Absolutamente mesmo.<\/p>\n","protected":false},"author":3,"featured_media":0,"comment_status":"open","ping_status":"open","sticky":false,"template":"","format":"standard","meta":{"footnotes":""},"categories":[75],"tags":[],"class_list":["post-5605","post","type-post","status-publish","format-standard","hentry","category-des-potas"],"_links":{"self":[{"href":"https:\/\/www.desfavor.com\/blog\/wp-json\/wp\/v2\/posts\/5605","targetHints":{"allow":["GET"]}}],"collection":[{"href":"https:\/\/www.desfavor.com\/blog\/wp-json\/wp\/v2\/posts"}],"about":[{"href":"https:\/\/www.desfavor.com\/blog\/wp-json\/wp\/v2\/types\/post"}],"author":[{"embeddable":true,"href":"https:\/\/www.desfavor.com\/blog\/wp-json\/wp\/v2\/users\/3"}],"replies":[{"embeddable":true,"href":"https:\/\/www.desfavor.com\/blog\/wp-json\/wp\/v2\/comments?post=5605"}],"version-history":[{"count":0,"href":"https:\/\/www.desfavor.com\/blog\/wp-json\/wp\/v2\/posts\/5605\/revisions"}],"wp:attachment":[{"href":"https:\/\/www.desfavor.com\/blog\/wp-json\/wp\/v2\/media?parent=5605"}],"wp:term":[{"taxonomy":"category","embeddable":true,"href":"https:\/\/www.desfavor.com\/blog\/wp-json\/wp\/v2\/categories?post=5605"},{"taxonomy":"post_tag","embeddable":true,"href":"https:\/\/www.desfavor.com\/blog\/wp-json\/wp\/v2\/tags?post=5605"}],"curies":[{"name":"wp","href":"https:\/\/api.w.org\/{rel}","templated":true}]}}